{"id":164066,"date":"2025-03-31T23:21:13","date_gmt":"2025-03-31T23:21:13","guid":{"rendered":"https:\/\/puntoapunto.com.ar\/?p=371567"},"modified":"2025-03-31T23:21:13","modified_gmt":"2025-03-31T23:21:13","slug":"juan-parma-asume-como-ceo-de-banco-macro-y-destaca-el-rol-del-sistema-financiero-en-la-recuperacion-economica","status":"publish","type":"post","link":"http:\/\/cordobadirecto.com\/index.php\/2025\/03\/31\/juan-parma-asume-como-ceo-de-banco-macro-y-destaca-el-rol-del-sistema-financiero-en-la-recuperacion-economica\/","title":{"rendered":"Juan Parma asume como CEO de Banco Macro y destaca el rol del sistema financiero en la recuperaci\u00f3n econ\u00f3mica"},"content":{"rendered":"<p data-pm-slice=\"1 1 []\"><strong>Banco Macro anunci\u00f3 la designaci\u00f3n de Juan Parma como su nuevo CEO.<\/strong> La decisi\u00f3n forma parte de la estrategia de crecimiento de la entidad y refuerza su compromiso con el desarrollo econ\u00f3mico del pa\u00eds.<\/p>\n<div class=\"g g-36\">\n<div class=\"g-dyn a-144 c-1\"><a class=\"gofollow\" data-track=\"MTQ0LDM2LDEsNjA=\" href=\"https:\/\/www.cba.gov.ar\/dengue\/\" target=\"_blank\" rel=\"noopener\"><img src=\"http:\/\/cordobadirecto.com\/wp-content\/uploads\/2025\/03\/juan-parma-asume-como-ceo-de-banco-macro-y-destaca-el-rol-del-sistema-financiero-en-la-recuperacion-economica.gif\" loading=\"lazy\"><\/a><\/div>\n<\/div>\n<p>Parma cuenta con una <strong>trayectoria destacada en el sector bancario,<\/strong> tanto a nivel local como internacional, y llega a Banco Macro con el objetivo de aportar una mirada renovada y liderar la expansi\u00f3n de la instituci\u00f3n. Su experiencia en posiciones de liderazgo y su enfoque en la innovaci\u00f3n y la eficiencia operativa lo posicionan como un ejecutivo clave para esta nueva etapa del banco.\n<\/p>\n<p>\u201cLa llegada de Juan Parma como CEO es una<strong> gran oportunidad para seguir fortaleciendo nuestro banco y proyectarnos hacia el futuro con m\u00e1s crecimiento e innovaci\u00f3n<\/strong>\u201d, destac\u00f3 <strong>Jorge Brito, presidente de Banco Macro.<\/strong>\n<\/p>\n<p>Por su parte, Parma expres\u00f3 su entusiasmo por el desaf\u00edo: \u201cEs un honor y un privilegio asumir este rol en un momento tan significativo para la instituci\u00f3n y para Argentina. Banco Macro ha demostrado a lo largo de los a\u00f1os su capacidad de adaptaci\u00f3n y cercan\u00eda con las personas, las empresas y las comunidades. Ese legado es algo que valoro profundamente y asumo con gran responsabilidad\u201d.\n<\/p>\n<p><img decoding=\"async\" class=\"aligncenter size-full wp-image-371569\" src=\"http:\/\/cordobadirecto.com\/wp-content\/uploads\/2025\/03\/juan-parma-asume-como-ceo-de-banco-macro-y-destaca-el-rol-del-sistema-financiero-en-la-recuperacion-economica.jpg\" alt width=\"1600\" height=\"1066\" srcset=\"http:\/\/cordobadirecto.com\/wp-content\/uploads\/2025\/03\/juan-parma-asume-como-ceo-de-banco-macro-y-destaca-el-rol-del-sistema-financiero-en-la-recuperacion-economica.jpg 1600w, http:\/\/cordobadirecto.com\/wp-content\/uploads\/2025\/03\/juan-parma-asume-como-ceo-de-banco-macro-y-destaca-el-rol-del-sistema-financiero-en-la-recuperacion-economica-1.jpg 300w, http:\/\/cordobadirecto.com\/wp-content\/uploads\/2025\/03\/juan-parma-asume-como-ceo-de-banco-macro-y-destaca-el-rol-del-sistema-financiero-en-la-recuperacion-economica-2.jpg 1024w, http:\/\/cordobadirecto.com\/wp-content\/uploads\/2025\/03\/juan-parma-asume-como-ceo-de-banco-macro-y-destaca-el-rol-del-sistema-financiero-en-la-recuperacion-economica-3.jpg 768w, http:\/\/cordobadirecto.com\/wp-content\/uploads\/2025\/03\/juan-parma-asume-como-ceo-de-banco-macro-y-destaca-el-rol-del-sistema-financiero-en-la-recuperacion-economica-4.jpg 1536w, http:\/\/cordobadirecto.com\/wp-content\/uploads\/2025\/03\/juan-parma-asume-como-ceo-de-banco-macro-y-destaca-el-rol-del-sistema-financiero-en-la-recuperacion-economica-5.jpg 750w, http:\/\/cordobadirecto.com\/wp-content\/uploads\/2025\/03\/juan-parma-asume-como-ceo-de-banco-macro-y-destaca-el-rol-del-sistema-financiero-en-la-recuperacion-economica-6.jpg 1140w\" sizes=\"(max-width: 1600px) 100vw, 1600px\" loading=\"lazy\"><!-- \u00a1O bien no hay banners, estan desactivados o no estan programados para esta ubicaci\u00f3n! -->\n<\/p>\n<p><strong>El rol del sistema financiero en la econom\u00eda argentina<\/strong><\/p>\n<p>El nuevo CEO subray\u00f3 la<strong> importancia del sistema financiero en el contexto actual del pa\u00eds. \u201cArgentina est\u00e1 transitando un proceso de estabilizaci\u00f3n y normalizaci\u00f3n econ\u00f3mica, lo que representa una oportunidad hist\u00f3rica para todos los sectores productivos.<\/strong> En este escenario, el sistema financiero debe jugar un papel clave\u201d, afirm\u00f3 Parma.\n<\/p>\n<p>Asimismo, destac\u00f3 la necesidad de<strong> fortalecer el cr\u00e9dito para el sector privado<\/strong>: \u201cActualmente, la relaci\u00f3n del sistema financiero con el PBI es extremadamente baja, apenas el 8%, mientras que en otros pa\u00edses de la regi\u00f3n este ratio puede ser hasta cinco veces mayor. Esto refleja no solo una brecha, sino tambi\u00e9n un enorme potencial de crecimiento<strong>. Es el momento de que el sistema financiero se enfoque a\u00fan m\u00e1s en apoyar a las empresas, emprendedores y familias que necesitan financiamiento para crecer e invertir\u201d<\/strong>.\n<\/p>\n<p><strong>Innovaci\u00f3n y crecimiento sostenible<\/strong>\n<\/p>\n<p>Parma adelant\u00f3 que su gesti\u00f3n estar\u00e1 enfocada en la innovaci\u00f3n y la sostenibilidad. \u201cEn Banco Macro estamos preparados para liderar el cambio. Nuestra presencia federal y cercan\u00eda con el cliente nos dan una ventaja \u00fanica. Creemos que sectores como el agro, la miner\u00eda y la energ\u00eda son motores fundamentales para el crecimiento del pa\u00eds, pero tambi\u00e9n sabemos que el futuro vendr\u00e1 de la mano de la tecnolog\u00eda, la digitalizaci\u00f3n y la inteligencia artificial\u201d, explic\u00f3.\n<\/p>\n<p>Adem\u00e1s, se\u00f1al\u00f3 que la agilidad y la capacidad de ofrecer soluciones personalizadas ser\u00e1n factores diferenciales en un mercado cada vez m\u00e1s competitivo. \u201cSomos un banco hecho por y para los argentinos, con presencia en todo el pa\u00eds. Vamos a seguir impulsando el desarrollo de quienes conf\u00edan en nosotros, con la misma pasi\u00f3n que nos trajo hasta aqu\u00ed hace m\u00e1s de 45 a\u00f1os\u201d, concluy\u00f3.\n<\/p>\n<div class=\"g g-38\">\n<div class=\"g-dyn a-12 c-1\"><a class=\"gofollow\" data-track=\"MTIsMzgsMSw2MA==\" href=\"https:\/\/hospitalprivado.com.ar\/blog\/institucional\/somos-la-primera-institucion-del-interior-del-pais-en-acreditar-joint-commission-international.html\" target=\"_blank\" rel=\"noopener\"><img src=\"http:\/\/cordobadirecto.com\/wp-content\/uploads\/2025\/03\/juan-parma-asume-como-ceo-de-banco-macro-y-destaca-el-rol-del-sistema-financiero-en-la-recuperacion-economica-1.gif\" loading=\"lazy\"><\/a><\/div>\n<\/div>\n","protected":false},"excerpt":{"rendered":"<p>Banco Macro anunci\u00f3 la designaci\u00f3n de Juan Parma como su nuevo CEO. La decisi\u00f3n forma parte de la estrategia de crecimiento de la entidad y refuerza su compromiso con el desarrollo econ\u00f3mico del pa\u00eds. Parma cuenta con una trayectoria destacada en el sector bancario, tanto a nivel local como internacional, y llega a Banco Macro [&hellip;]<\/p>\n","protected":false},"author":1,"featured_media":164067,"comment_status":"closed","ping_status":"closed","sticky":false,"template":"","format":"standard","meta":[],"categories":[25],"tags":[],"_links":{"self":[{"href":"http:\/\/cordobadirecto.com\/index.php\/wp-json\/wp\/v2\/posts\/164066"}],"collection":[{"href":"http:\/\/cordobadirecto.com\/index.php\/wp-json\/wp\/v2\/posts"}],"about":[{"href":"http:\/\/cordobadirecto.com\/index.php\/wp-json\/wp\/v2\/types\/post"}],"author":[{"embeddable":true,"href":"http:\/\/cordobadirecto.com\/index.php\/wp-json\/wp\/v2\/users\/1"}],"replies":[{"embeddable":true,"href":"http:\/\/cordobadirecto.com\/index.php\/wp-json\/wp\/v2\/comments?post=164066"}],"version-history":[{"count":0,"href":"http:\/\/cordobadirecto.com\/index.php\/wp-json\/wp\/v2\/posts\/164066\/revisions"}],"wp:featuredmedia":[{"embeddable":true,"href":"http:\/\/cordobadirecto.com\/index.php\/wp-json\/wp\/v2\/media\/164067"}],"wp:attachment":[{"href":"http:\/\/cordobadirecto.com\/index.php\/wp-json\/wp\/v2\/media?parent=164066"}],"wp:term":[{"taxonomy":"category","embeddable":true,"href":"http:\/\/cordobadirecto.com\/index.php\/wp-json\/wp\/v2\/categories?post=164066"},{"taxonomy":"post_tag","embeddable":true,"href":"http:\/\/cordobadirecto.com\/index.php\/wp-json\/wp\/v2\/tags?post=164066"}],"curies":[{"name":"wp","href":"https:\/\/api.w.org\/{rel}","templated":true}]}}