{"id":164098,"date":"2025-03-31T22:01:04","date_gmt":"2025-03-31T22:01:04","guid":{"rendered":"https:\/\/www.ole.com.ar\/autos\/franco-colapinto-invertido-victor-martins-piloto-f1-formula-1-williams-alpine_0_WxL5zh7HDu.html"},"modified":"2025-03-31T22:01:04","modified_gmt":"2025-03-31T22:01:04","slug":"colapinto-pero-a-la-inversa-paso-de-alpine-a-williams","status":"publish","type":"post","link":"http:\/\/cordobadirecto.com\/index.php\/2025\/03\/31\/colapinto-pero-a-la-inversa-paso-de-alpine-a-williams\/","title":{"rendered":"Colapinto, pero a la inversa: pas\u00f3 de Alpine a Williams"},"content":{"rendered":"<p><time class=\"createDate\" datetime=\"2025-03-31T19:01:04-03:00\">31\/03\/2025 19:01hs.<\/time><\/p>\n<div id=\"storyBody\">\n<div class=\"custom-text \" readability=\"39.302325581395\">\n<p><strong>Franco Colapinto<\/strong> fue la gran irrupci\u00f3n de la temporada pasada en la<strong> F\u00f3rmula 1<\/strong>. El argentino fue reclutado por la academia de <strong>Williams <\/strong>en enero de 2023, y tras su paso por las categor\u00edas inferiores (F3 y F2), tuvo la oportunidad de correr en la M\u00e1xima en 2024. Dio buenas sensaciones, pero tuvo que buscar una salida por la llegada de<strong> <a href=\"https:\/\/www.ole.com.ar\/tema\/carlos-sainz.html\" target=\"_self\" title=\"Carlos Sainz\" alt=\"Carlos Sainz\" rel=\"noopener\">Carlos Sainz<\/a>.<\/strong> M\u00e1s temprano que tarde, <strong>Alpine<\/strong> puso sus ojos sobre el joven pilarense y lo sum\u00f3 a su equipo como reserva. Esta historia ya es muy bien conocida, y ahora un piloto de la F\u00f3rmula 2 <strong>decidi\u00f3 seguir los pasos de Franco&#8230; pero de adelante para atr\u00e1s<\/strong>: <strong>Victor Martins<\/strong> fue incorporado a la academia brit\u00e1nica tras su paso por la francesa.<\/p>\n<\/div>\n<div class=\"sc-e7b891c4-0 ifHnQL image-embed\"><img alt=\"Victor Martins, el camino de Colapinto a la inversa. (@victormartinsfr)\" loading=\"lazy\" width=\"720\" height=\"100\" decoding=\"async\" data-nimg=\"1\" src=\"http:\/\/cordobadirecto.com\/wp-content\/uploads\/2025\/04\/colapinto-pero-a-la-inversa-paso-de-alpine-a-williams.jpg\"><span class=\"epigraphe\">Victor Martins, el camino de Colapinto a la inversa. (@victormartinsfr)<\/span><\/div>\n<p><h2>\u00bfQui\u00e9n es Victor Martins, el nuevo fichaje de Williams?<\/h2>\n<\/p>\n<div class=\"custom-text \" readability=\"37\">\n<p><strong>Martins es un piloto franc\u00e9s de 23 a\u00f1os. <\/strong>Comenz\u00f3 su camino en el karting a los 10 a\u00f1os, disciplina en la que conquist\u00f3 m\u00faltiples t\u00edtulos y desde muy joven se perfil\u00f3 como una gran promesa del deporte. En 2017 arranc\u00f3 con las carreras de monoplaza, destac\u00e1ndose la medalla de plata en la <strong>F4 Francesa<\/strong> de ese mismo a\u00f1o y el t\u00edtulo de <strong>F\u00f3rmula Renault<\/strong> de 2020.<\/p>\n<\/div>\n<div class=\"custom-text \" readability=\"40\">\n<p>Tras ese campeonato, la academia de <strong>Alpine<\/strong> se hizo con sus servicios contemplando al joven -de 19 a\u00f1os en ese entonces- como uno de los talentos a formar. Debut\u00f3 en la <strong>F\u00f3rmula 3<\/strong> para MP Motorsport (el mismo equipo para el que corri\u00f3 Colapinto) y se llev\u00f3 un 5\u00b0 lugar; al a\u00f1o siguiente, pas\u00f3 a ART Grand Prix, equipo con el que se consagr\u00f3; en 2023 comenz\u00f3 su camino en la <strong>F\u00f3rmula 2<\/strong> y fue el mejor novato del a\u00f1o (5\u00b0), pero desde ese momento, no pudo seguir subiendo el nivel (fue 7\u00b0 en 2024) y a fines del a\u00f1o pasado <strong>Alpine decidi\u00f3 dejarlo de lado<\/strong>.<\/p>\n<\/div>\n<div class=\"sc-e7b891c4-0 ifHnQL image-embed\"><img alt=\"Martins dijo que se march\u00f3 de Alpine porque &quot;los objetivos no estaban alineados&quot;. (@victormartinsfr)\" loading=\"lazy\" width=\"720\" height=\"100\" decoding=\"async\" data-nimg=\"1\" src=\"http:\/\/cordobadirecto.com\/wp-content\/uploads\/2025\/04\/colapinto-pero-a-la-inversa-paso-de-alpine-a-williams-1.jpg\"><span class=\"epigraphe\">Martins dijo que se march\u00f3 de Alpine porque &#8220;los objetivos no estaban alineados&#8221;. (@victormartinsfr)<\/span><\/div>\n<p><h2>Martins y su nuevo rol como &#8220;sucesor&#8221; de Colapinto en Williams<\/h2>\n<\/p>\n<div class=\"custom-text \" readability=\"37\">\n<p>La hist\u00f3rica escuder\u00eda brit\u00e1nica decidi\u00f3 darle una oportunidad al piloto franc\u00e9s <strong>al ficharlo como reserva de Alexander Albon y Carlos Sainz. <\/strong>Seguir\u00e1 compitiendo en F\u00f3rmula 2 para ART Grand Prix mientras toma este rol en Williams, donde comparte equipo con otro de sus colegas de la categor\u00eda telonera (<strong>Luke Browning, del Hitech GP<\/strong>). Ambos tendr\u00e1n la chance de probar el <strong>FW45<\/strong> de 2023 en pista cuando la F1 viaje a Italia para el GP de Monza.<\/p>\n<\/div>\n<div class=\"custom-text \" readability=\"41\">\n<p><strong>Martins<\/strong> ya dio sus primeras declaraciones como piloto de su nueva escuder\u00eda. &#8220;<strong>Williams es un equipo ic\u00f3nico con una historia incre\u00edble<\/strong>, y estoy seguro de que este <strong>es el mejor lugar para alcanzar mis objetivos<\/strong>&#8220;, dijo sobre su nuevo equipo. Adem\u00e1s, habl\u00f3 sobre sus objetivos y su futuro profesional y personal: &#8220;Este es un nuevo cap\u00edtulo para m\u00ed, pero <strong>mi objetivo sigue siendo el mismo<\/strong>:<strong> <\/strong>superarme al m\u00e1ximo, tanto como persona como piloto,<strong> <\/strong>y<strong> llegar a la F\u00f3rmula 1<\/strong>&#8220;. Un sue\u00f1o similar al de Colapinto y un recorrido casi id\u00e9ntico&#8230; pero al rev\u00e9s.<\/p>\n<\/div>\n<div class=\"sc-e7b891c4-0 ifHnQL image-embed\"><img alt=\"El anuncio de presentaci\u00f3n de Martins en Williams. (@victormartinsfr)\" loading=\"lazy\" width=\"720\" height=\"100\" decoding=\"async\" data-nimg=\"1\" src=\"http:\/\/cordobadirecto.com\/wp-content\/uploads\/2025\/04\/colapinto-pero-a-la-inversa-paso-de-alpine-a-williams-2.jpg\"><span class=\"epigraphe\">El anuncio de presentaci\u00f3n de Martins en Williams. (@victormartinsfr)<\/span><\/div>\n<div class=\"sc-a7166897-0 eoLsBE\" readability=\"6\">\n<section readability=\"2\"><picture><img alt=\"La pica en Red Bull que gener\u00f3 Franco Colapinto y denunci\u00f3 un ex F\u00f3rmula 1\" loading=\"lazy\" width=\"290\" height=\"290\" decoding=\"async\" data-nimg=\"1\" src=\"http:\/\/cordobadirecto.com\/wp-content\/uploads\/2025\/04\/colapinto-pero-a-la-inversa-paso-de-alpine-a-williams-3.jpg\"><\/picture>\n<p><span>Mir\u00e1 tambi\u00e9n<\/span><\/p>\n<hr>\n<h3>La pica en Red Bull que gener\u00f3 Franco Colapinto y denunci\u00f3 un ex F\u00f3rmula 1<\/h3>\n<\/p>\n<\/section>\n<\/div>\n<div class=\"sc-a7166897-0 eoLsBE\" readability=\"6.5\">\n<section readability=\"3\"><picture><img alt=\"El ambicioso objetivo de Yuki Tsunoda: &quot;S\u00e9 que ser\u00e1 dif\u00edcil, pero...&quot;\" loading=\"lazy\" width=\"290\" height=\"290\" decoding=\"async\" data-nimg=\"1\" src=\"http:\/\/cordobadirecto.com\/wp-content\/uploads\/2025\/04\/colapinto-pero-a-la-inversa-paso-de-alpine-a-williams-4.jpg\"><\/picture>\n<p><span>Mir\u00e1 tambi\u00e9n<\/span><\/p>\n<hr>\n<h3>El ambicioso objetivo de Yuki Tsunoda: &#8220;S\u00e9 que ser\u00e1 dif\u00edcil, pero&#8230;&#8221;<\/h3>\n<\/p>\n<\/section>\n<\/div>\n<div class=\"sc-a7166897-0 eoLsBE\" readability=\"6\">\n<section readability=\"2\"><picture><img alt=\"Se suspendi\u00f3 la final del TC en Neuqu\u00e9n: \u00bfqu\u00e9 pas\u00f3?\" loading=\"lazy\" width=\"290\" height=\"290\" decoding=\"async\" data-nimg=\"1\" src=\"http:\/\/cordobadirecto.com\/wp-content\/uploads\/2025\/04\/colapinto-pero-a-la-inversa-paso-de-alpine-a-williams-5.jpg\"><\/picture>\n<p><span>Mir\u00e1 tambi\u00e9n<\/span><\/p>\n<hr>\n<h3>Se suspendi\u00f3 la final del TC en Neuqu\u00e9n: \u00bfqu\u00e9 pas\u00f3?<\/h3>\n<\/p>\n<\/section>\n<\/div>\n<\/div>\n","protected":false},"excerpt":{"rendered":"<p>31\/03\/2025 19:01hs. Franco Colapinto fue la gran irrupci\u00f3n de la temporada pasada en la F\u00f3rmula 1. El argentino fue reclutado por la academia de Williams en enero de 2023, y tras su paso por las categor\u00edas inferiores (F3 y F2), tuvo la oportunidad de correr en la M\u00e1xima en 2024. Dio buenas sensaciones, pero tuvo [&hellip;]<\/p>\n","protected":false},"author":1,"featured_media":164099,"comment_status":"closed","ping_status":"closed","sticky":false,"template":"","format":"standard","meta":[],"categories":[21],"tags":[],"_links":{"self":[{"href":"http:\/\/cordobadirecto.com\/index.php\/wp-json\/wp\/v2\/posts\/164098"}],"collection":[{"href":"http:\/\/cordobadirecto.com\/index.php\/wp-json\/wp\/v2\/posts"}],"about":[{"href":"http:\/\/cordobadirecto.com\/index.php\/wp-json\/wp\/v2\/types\/post"}],"author":[{"embeddable":true,"href":"http:\/\/cordobadirecto.com\/index.php\/wp-json\/wp\/v2\/users\/1"}],"replies":[{"embeddable":true,"href":"http:\/\/cordobadirecto.com\/index.php\/wp-json\/wp\/v2\/comments?post=164098"}],"version-history":[{"count":0,"href":"http:\/\/cordobadirecto.com\/index.php\/wp-json\/wp\/v2\/posts\/164098\/revisions"}],"wp:featuredmedia":[{"embeddable":true,"href":"http:\/\/cordobadirecto.com\/index.php\/wp-json\/wp\/v2\/media\/164099"}],"wp:attachment":[{"href":"http:\/\/cordobadirecto.com\/index.php\/wp-json\/wp\/v2\/media?parent=164098"}],"wp:term":[{"taxonomy":"category","embeddable":true,"href":"http:\/\/cordobadirecto.com\/index.php\/wp-json\/wp\/v2\/categories?post=164098"},{"taxonomy":"post_tag","embeddable":true,"href":"http:\/\/cordobadirecto.com\/index.php\/wp-json\/wp\/v2\/tags?post=164098"}],"curies":[{"name":"wp","href":"https:\/\/api.w.org\/{rel}","templated":true}]}}