{"id":164104,"date":"2025-03-27T18:45:30","date_gmt":"2025-03-27T18:45:30","guid":{"rendered":"https:\/\/es.digitaltrends.com\/?p=1065413"},"modified":"2025-03-27T18:45:30","modified_gmt":"2025-03-27T18:45:30","slug":"facebook-quiere-volver-a-los-viejos-buenos-tiempos-los-amigos-son-prioridad","status":"publish","type":"post","link":"http:\/\/cordobadirecto.com\/index.php\/2025\/03\/27\/facebook-quiere-volver-a-los-viejos-buenos-tiempos-los-amigos-son-prioridad\/","title":{"rendered":"Facebook quiere volver a los viejos-buenos tiempos: los amigos son prioridad"},"content":{"rendered":"<p>Un regreso a los viejos-buenos tiempos, eso es lo que desea <a href=\"https:\/\/es.digitaltrends.com\/sociales\/meta-admite-errores-moderacion-contenido\/\"><strong>Meta<\/strong><\/a> y <a href=\"https:\/\/es.digitaltrends.com\/tendencias\/libros-recomendados-mark-zuckerberg\/\"><strong>Mark Zuckerberg<\/strong><\/a> con <a href=\"https:\/\/es.digitaltrends.com\/sociales\/pasos-antes-de-eliminar-cuenta-de-facebook\/\"><strong>Facebook<\/strong><\/a>, ya que la idea es darle nuevamente prioridad a las publicaciones de los amigos.<\/p>\n<p>La compa\u00f1\u00eda est\u00e1 introduciendo una nueva pesta\u00f1a de amigos de Facebook que solo mostrar\u00e1 las actualizaciones de los amigos, sin ning\u00fan otro contenido recomendado. Meta explica en una publicaci\u00f3n de blog que la idea es traer de vuelta funciones centradas en la misi\u00f3n original de Facebook de conectar a las personas con amigos a trav\u00e9s de una experiencia de redes sociales.<\/p>\n<figure id=\"attachment_1065427\" aria-describedby=\"caption-attachment-1065427\" class=\"wp-caption alignnone\"><img src=\"http:\/\/cordobadirecto.com\/wp-content\/uploads\/2025\/04\/facebook-quiere-volver-a-los-viejos-buenos-tiempos-los-amigos-son-prioridad.gif\" data-dt-lazy-src=\"https:\/\/es.digitaltrends.com\/wp-content\/uploads\/2025\/03\/Facebook-amigos.jpeg?fit=965%2C551&amp;p=1\" decoding=\"async\" class=\" size-full wp-image-1065427 h-lightbox is-zoomable dt-lazy-load dt-lazy-pending\" alt><figcaption id=\"caption-attachment-1065427\" class=\"wp-caption-text\"><span class=\"credit\">Imagen utilizada con permiso del titular de los derechos de autor<\/span><\/figcaption><\/figure>\n<p class=\"wp-block-paragraph\">En una&nbsp;<a href=\"https:\/\/about.fb.com\/news\/2025\/03\/bringing-magic-of-friends-back-to-facebook\/\" target=\"_blank\" rel=\"noreferrer noopener nofollow\" data-rapid_p=\"82\" data-mrf-link=\"https:\/\/about.fb.com\/news\/2025\/03\/bringing-magic-of-friends-back-to-facebook\/\" data-v9y=\"1\">publicaci\u00f3n de blog,<\/a>&nbsp;la compa\u00f1\u00eda admiti\u00f3 que la red social necesitaba volver a sus ra\u00edces.<\/p>\n<div class=\"b-connatix b-connatix--video\" id=\"dt-cnx-container-67e5a1ebd4c68\">\n<div class=\"b-connatix__label\"> Recommended Videos <\/div>\n<div class=\"b-connatix__container\"> <\/div>\n<\/div>\n<p class=\"wp-block-paragraph\">\u00abA lo largo de los a\u00f1os, Facebook evolucion\u00f3 para satisfacer las necesidades cambiantes y cre\u00f3 las mejores experiencias de su clase en Grupos, Video, Marketplace y m\u00e1s, pero la magia de los amigos se ha desvanecido\u00bb, afirma la publicaci\u00f3n.<\/p>\n<p class=\"wp-block-paragraph\">La nueva pesta\u00f1a de Amigos est\u00e1 disponible a trav\u00e9s de la barra de navegaci\u00f3n en el feed de inicio de Facebook y se podr\u00e1 acceder a ella a trav\u00e9s de la secci\u00f3n Marcadores de la aplicaci\u00f3n, dice la compa\u00f1\u00eda.<\/p>\n<p class=\"wp-block-paragraph\">Los usuarios tambi\u00e9n pueden optar por anclar su pesta\u00f1a Amigos a su feed de inicio para que sea a\u00fan m\u00e1s conveniente. Para hacerlo, haga clic en&nbsp;<strong>Configuraci\u00f3n y privacidad<\/strong>&nbsp;&gt;&nbsp;<strong>Configuraci\u00f3n<\/strong>&nbsp;&gt;&nbsp;<strong>barra de pesta\u00f1as<\/strong>. A continuaci\u00f3n, puede optar por personalizar la barra de pesta\u00f1as y anclar la nueva pesta\u00f1a all\u00ed.<\/p>\n<figure class=\"alignnone\"><img src=\"http:\/\/cordobadirecto.com\/wp-content\/uploads\/2025\/04\/facebook-quiere-volver-a-los-viejos-buenos-tiempos-los-amigos-son-prioridad.gif\" data-dt-lazy-src=\"https:\/\/about.fb.com\/wp-content\/uploads\/2025\/03\/01_FriendsTabDemo.gif\" decoding=\"async\" class=\" size-full h-lightbox is-zoomable dt-lazy-load dt-lazy-pending\"><\/figure>\n<p>Mark Zuckerberg de hecho lo mencion\u00f3 el a\u00f1o pasado en su llamada de ganancias del cuarto trimestre:<\/p>\n<p>\u00abCreo que hay muchas oportunidades para hacer que [Facebook] sea mucho m\u00e1s influyente culturalmente de lo que es hoy\u00bb, dijo a los inversores, y agreg\u00f3: \u00abCreo que algo de esto volver\u00e1 a la forma en que Facebook se usaba originalmente en el pasado\u00bb.<\/p>\n<p> <span id=\"publisher-md\" itemprop=\"publisher\" itemscope itemtype=\"https:\/\/schema.org\/Organization\"> <span itemprop=\"url\" itemtype=\"https:\/\/schema.org\/Url\" content=\"https:\/\/es.digitaltrends.com\"> <span itemprop=\"logo\" itemscope itemtype=\"https:\/\/schema.org\/ImageObject\"> <meta itemprop=\"url\" content=\"https:\/\/cdn.dtcn.com\/dt\/dt-logo-small.png\"> <meta itemprop=\"width\" content=\"0\"> <meta itemprop=\"height\" content=\"0\"> <\/span> <meta itemprop=\"name\" content=\"Digital Trends Espa\u00f1ol\"> <\/span> <span itemprop=\"image\" itemscope itemtype=\"https:\/\/schema.org\/ImageObject\"> <meta itemprop=\"url\" content=\"https:\/\/es.digitaltrends.com\/wp-content\/uploads\/2021\/10\/facebook.jpg?p=1\"> <\/span> <\/span> <\/p>\n","protected":false},"excerpt":{"rendered":"<p>Un regreso a los viejos-buenos tiempos, eso es lo que desea Meta y Mark Zuckerberg con Facebook, ya que la idea es darle nuevamente prioridad a las publicaciones de los amigos. La compa\u00f1\u00eda est\u00e1 introduciendo una nueva pesta\u00f1a de amigos de Facebook que solo mostrar\u00e1 las actualizaciones de los amigos, sin ning\u00fan otro contenido recomendado. [&hellip;]<\/p>\n","protected":false},"author":1,"featured_media":164105,"comment_status":"closed","ping_status":"closed","sticky":false,"template":"","format":"standard","meta":[],"categories":[26],"tags":[],"_links":{"self":[{"href":"http:\/\/cordobadirecto.com\/index.php\/wp-json\/wp\/v2\/posts\/164104"}],"collection":[{"href":"http:\/\/cordobadirecto.com\/index.php\/wp-json\/wp\/v2\/posts"}],"about":[{"href":"http:\/\/cordobadirecto.com\/index.php\/wp-json\/wp\/v2\/types\/post"}],"author":[{"embeddable":true,"href":"http:\/\/cordobadirecto.com\/index.php\/wp-json\/wp\/v2\/users\/1"}],"replies":[{"embeddable":true,"href":"http:\/\/cordobadirecto.com\/index.php\/wp-json\/wp\/v2\/comments?post=164104"}],"version-history":[{"count":0,"href":"http:\/\/cordobadirecto.com\/index.php\/wp-json\/wp\/v2\/posts\/164104\/revisions"}],"wp:featuredmedia":[{"embeddable":true,"href":"http:\/\/cordobadirecto.com\/index.php\/wp-json\/wp\/v2\/media\/164105"}],"wp:attachment":[{"href":"http:\/\/cordobadirecto.com\/index.php\/wp-json\/wp\/v2\/media?parent=164104"}],"wp:term":[{"taxonomy":"category","embeddable":true,"href":"http:\/\/cordobadirecto.com\/index.php\/wp-json\/wp\/v2\/categories?post=164104"},{"taxonomy":"post_tag","embeddable":true,"href":"http:\/\/cordobadirecto.com\/index.php\/wp-json\/wp\/v2\/tags?post=164104"}],"curies":[{"name":"wp","href":"https:\/\/api.w.org\/{rel}","templated":true}]}}