{"id":164115,"date":"2025-04-01T21:30:31","date_gmt":"2025-04-01T21:30:31","guid":{"rendered":"https:\/\/cordoba.gob.ar\/?p=76334"},"modified":"2025-04-01T21:30:31","modified_gmt":"2025-04-01T21:30:31","slug":"passerini-anuncio-la-reduccion-de-impuestos-para-comercios-gastronomicos-que-incluyan-la-economia-circular-en-el-tratamiento-de-sus-residuos","status":"publish","type":"post","link":"http:\/\/cordobadirecto.com\/index.php\/2025\/04\/01\/passerini-anuncio-la-reduccion-de-impuestos-para-comercios-gastronomicos-que-incluyan-la-economia-circular-en-el-tratamiento-de-sus-residuos\/","title":{"rendered":"Passerini anunci\u00f3 la reducci\u00f3n de impuestos para comercios gastron\u00f3micos que incluyan la Econom\u00eda Circular en el tratamiento de sus residuos"},"content":{"rendered":"<div><img src=\"http:\/\/cordobadirecto.com\/wp-content\/uploads\/2025\/04\/passerini-anuncio-la-reduccion-de-impuestos-para-comercios-gastronomicos-que-incluyan-la-economia-circular-en-el-tratamiento-de-sus-residuos.jpg\" class=\"ff-og-image-inserted\"><\/div>\n<ul>\n<li data-prosemirror-content-type=\"node\" data-prosemirror-node-name=\"paragraph\" data-prosemirror-node-block=\"true\"><strong>Estar\u00e1n exentos del 10% en la contribuci\u00f3n sobre la actividad comercial, industrial y de servicios por un a\u00f1o.<\/strong><\/li>\n<li data-prosemirror-content-type=\"node\" data-prosemirror-node-name=\"paragraph\" data-prosemirror-node-block=\"true\"><strong>La medida impulsar\u00e1 la actividad econ\u00f3mica y, al mismo tiempo, promover\u00e1 acciones a favor del ambiente.<\/strong><\/li>\n<\/ul>\n<hr>\n<p data-prosemirror-content-type=\"node\" data-prosemirror-node-name=\"paragraph\" data-prosemirror-node-block=\"true\">El intendente Daniel Passerini encabez\u00f3 el anuncio de una nueva propuesta para los comercios de la ciudad de C\u00f3rdoba: los Grandes Generadores de Residuos S\u00f3lidos Urbanos del sector gastron\u00f3mico que contraten cooperativas, empresas u otras organizaciones del tercer sector que trabajen desde la Econom\u00eda Circular recibir\u00e1n beneficios impositivos.<\/p>\n<p data-prosemirror-content-type=\"node\" data-prosemirror-node-name=\"paragraph\" data-prosemirror-node-block=\"true\">Se trata de una exenci\u00f3n del 10% en la contribuci\u00f3n sobre la actividad comercial, industrial y de servicios por un a\u00f1o a aquellos comercios que realicen la separaci\u00f3n en origen adecuada de sus Residuos S\u00f3lidos Urbanos (RSU) y contraten a entidades que impulsan la Econom\u00eda Circular para su tratamiento.<\/p>\n<p data-prosemirror-content-type=\"node\" data-prosemirror-node-name=\"paragraph\" data-prosemirror-node-block=\"true\">Estas organizaciones que trabajan a favor del ambiente se encuentran inscriptas en el Registro de Operadores y Trabajadores de la Econom\u00eda Circular (ROTEC).<\/p>\n<p data-prosemirror-content-type=\"node\" data-prosemirror-node-name=\"paragraph\" data-prosemirror-node-block=\"true\">\u201cEn C\u00f3rdoba la articulaci\u00f3n p\u00fablico-privada es una pol\u00edtica p\u00fablica. Celebro que el sector privado, que tanto contribuye y lucha por una ciudad mejor, hoy sea parte de esta soluci\u00f3n\u201d, expres\u00f3 Passerini en relaci\u00f3n al compromiso de las c\u00e1maras gastron\u00f3micas y el trabajo conjunto para el lanzamiento del proyecto.<\/p>\n<p data-prosemirror-content-type=\"node\" data-prosemirror-node-name=\"paragraph\" data-prosemirror-node-block=\"true\">La medida est\u00e1 destinada particularmente a aquellos comercios gastron\u00f3micos inscriptos en el Registro de Grandes Generadores de Residuos S\u00f3lidos Urbanos (RSU).<\/p>\n<p data-prosemirror-content-type=\"node\" data-prosemirror-node-name=\"paragraph\" data-prosemirror-node-block=\"true\">Impulsada por el intendente Daniel Passerini, la iniciativa tiene como objetivo fortalecer el rubro gastron\u00f3mico junto con la inclusi\u00f3n de nuevos actores sociales en el circuito productivo de la Econom\u00eda Circular, asegurando el triple impacto econ\u00f3mico, ambiental y social.<\/p>\n<p data-prosemirror-content-type=\"node\" data-prosemirror-node-name=\"paragraph\" data-prosemirror-node-block=\"true\">A su tiempo, el secretario de Ambiente Sustentable y Econom\u00eda Circular, Jorge Folloni, destac\u00f3: \u201cUna ciudad sostenible no es la que m\u00e1s se limpia, sino la que menos se ensucia. Todo esto apunta a que haya un correcto tratamiento de los residuos in situ en el local comercial, que se separen los org\u00e1nicos de los secos y de esa manera llegue a Piedras Blanca la menor cantidad posible de residuos para enterrar\u201d.<\/p>\n<p data-prosemirror-content-type=\"node\" data-prosemirror-node-name=\"paragraph\" data-prosemirror-node-block=\"true\">\u201cCon esta medida bajamos el costo de la empresa, que a su vez va a redundar en beneficios para el municipio en la reducci\u00f3n del costo de enterramiento, y para los vecinos que van a tener una ciudad m\u00e1s limpia\u201d, fueron las palabras de la subsecretaria de Recursos Tributarios, Magal\u00ed D\u00edaz.<\/p>\n<p data-prosemirror-content-type=\"node\" data-prosemirror-node-name=\"paragraph\" data-prosemirror-node-block=\"true\">Tambi\u00e9n se hicieron presentes el secretario de Administraci\u00f3n y Capital Humano, Sergio Lorenzatti; y el director del IPA, Daniel Cardozo.<\/p>\n<p data-prosemirror-content-type=\"node\" data-prosemirror-node-name=\"paragraph\" data-prosemirror-node-block=\"true\"><strong data-prosemirror-content-type=\"mark\" data-prosemirror-mark-name=\"strong\">C\u00f3mo obtener la exenci\u00f3n<\/strong><\/p>\n<p data-prosemirror-content-type=\"node\" data-prosemirror-node-name=\"paragraph\" data-prosemirror-node-block=\"true\">El primer paso ser\u00e1 realizado por parte de la cooperativa o empresa de Econom\u00eda Circular, que debe inscribirse como tal en el Registro de operadores, transformadores, ecotransportistas y centros de revalorizaci\u00f3n de la econom\u00eda circular (ROTEC) que coordina y supervisa el Instituto de Protecci\u00f3n Ambiental y Animal.<\/p>\n<p data-prosemirror-content-type=\"node\" data-prosemirror-node-name=\"paragraph\" data-prosemirror-node-block=\"true\">Luego el Gran Generador gastron\u00f3mico debe presentar una nota ante el IPA solicitando acogerse a la exenci\u00f3n impositiva acreditando que revaloriza sus residuos por medio del v\u00ednculo con estas organizaciones inscriptas en el ROTEC.<\/p>\n<p data-prosemirror-content-type=\"node\" data-prosemirror-node-name=\"paragraph\" data-prosemirror-node-block=\"true\">El IPA emitir\u00e1 un certificado que debe ser presentado al \u00e1rea de Recursos Tributarios para hacer efectiva la reducci\u00f3n de la tasa municipal.<\/p>\n<p data-prosemirror-content-type=\"node\" data-prosemirror-node-name=\"paragraph\" data-prosemirror-node-block=\"true\">Para consultas, es posible escribir por mail al IPA (<a href=\"mailto:ipa@cordoba.gov.ar\" data-prosemirror-content-type=\"mark\" data-prosemirror-mark-name=\"link\">ipa@cordoba.gov.ar<\/a>) o llamar por tel\u00e9fono al 3512089133 \/ 3512089570.<\/p>\n","protected":false},"excerpt":{"rendered":"<p>Estar\u00e1n exentos del 10% en la contribuci\u00f3n sobre la actividad comercial, industrial y de servicios por un a\u00f1o. La medida impulsar\u00e1 la actividad econ\u00f3mica y, al mismo tiempo, promover\u00e1 acciones a favor del ambiente. El intendente Daniel Passerini encabez\u00f3 el anuncio de una nueva propuesta para los comercios de la ciudad de C\u00f3rdoba: los Grandes [&hellip;]<\/p>\n","protected":false},"author":1,"featured_media":164116,"comment_status":"closed","ping_status":"closed","sticky":false,"template":"","format":"standard","meta":[],"categories":[44],"tags":[],"_links":{"self":[{"href":"http:\/\/cordobadirecto.com\/index.php\/wp-json\/wp\/v2\/posts\/164115"}],"collection":[{"href":"http:\/\/cordobadirecto.com\/index.php\/wp-json\/wp\/v2\/posts"}],"about":[{"href":"http:\/\/cordobadirecto.com\/index.php\/wp-json\/wp\/v2\/types\/post"}],"author":[{"embeddable":true,"href":"http:\/\/cordobadirecto.com\/index.php\/wp-json\/wp\/v2\/users\/1"}],"replies":[{"embeddable":true,"href":"http:\/\/cordobadirecto.com\/index.php\/wp-json\/wp\/v2\/comments?post=164115"}],"version-history":[{"count":0,"href":"http:\/\/cordobadirecto.com\/index.php\/wp-json\/wp\/v2\/posts\/164115\/revisions"}],"wp:featuredmedia":[{"embeddable":true,"href":"http:\/\/cordobadirecto.com\/index.php\/wp-json\/wp\/v2\/media\/164116"}],"wp:attachment":[{"href":"http:\/\/cordobadirecto.com\/index.php\/wp-json\/wp\/v2\/media?parent=164115"}],"wp:term":[{"taxonomy":"category","embeddable":true,"href":"http:\/\/cordobadirecto.com\/index.php\/wp-json\/wp\/v2\/categories?post=164115"},{"taxonomy":"post_tag","embeddable":true,"href":"http:\/\/cordobadirecto.com\/index.php\/wp-json\/wp\/v2\/tags?post=164115"}],"curies":[{"name":"wp","href":"https:\/\/api.w.org\/{rel}","templated":true}]}}