{"id":164117,"date":"2025-04-01T20:52:04","date_gmt":"2025-04-01T20:52:04","guid":{"rendered":"https:\/\/cordoba.gob.ar\/?p=76413"},"modified":"2025-04-01T20:52:04","modified_gmt":"2025-04-01T20:52:04","slug":"cultura-accesible-e-inclusiva-agenda-de-actividades-por-el-dia-mundial-de-la-concientizacion-del-autismo","status":"publish","type":"post","link":"http:\/\/cordobadirecto.com\/index.php\/2025\/04\/01\/cultura-accesible-e-inclusiva-agenda-de-actividades-por-el-dia-mundial-de-la-concientizacion-del-autismo\/","title":{"rendered":"Cultura accesible e inclusiva: agenda de actividades por el D\u00eda Mundial de la Concientizaci\u00f3n del Autismo"},"content":{"rendered":"<div><img src=\"http:\/\/cordobadirecto.com\/wp-content\/uploads\/2025\/04\/cultura-accesible-e-inclusiva-agenda-de-actividades-por-el-dia-mundial-de-la-concientizacion-del-autismo.jpg\" class=\"ff-og-image-inserted\"><\/div>\n<ul>\n<li data-prosemirror-content-type=\"node\" data-prosemirror-node-name=\"paragraph\" data-prosemirror-node-block=\"true\"><strong><strong>La ciudad de C\u00f3rdoba ofrece una serie de actividades culturales que buscan visibilizar la diversidad neurocognitiva. Con entrada libre y gratuita.<\/strong><\/strong><br \/>\n<hr>\n<\/li>\n<\/ul>\n<p data-prosemirror-content-type=\"node\" data-prosemirror-node-name=\"paragraph\" data-prosemirror-node-block=\"true\">La Municipalidad de C\u00f3rdoba a trav\u00e9s de la Secretar\u00eda de Cultura, y en el marco del D\u00eda Mundial de la Concientizaci\u00f3n del Autismo, contin\u00faa con su plan de accesibilidad cultural mediante una serie de actividades que buscan visibilizar la diversidad neurocognitiva.<\/p>\n<p data-prosemirror-content-type=\"node\" data-prosemirror-node-name=\"paragraph\" data-prosemirror-node-block=\"true\">Estas acciones forman parte de un compromiso continuo por generar \u00e1mbitos inclusivos tanto en los espacios culturales de la ciudad como en las presentaciones art\u00edsticas, involucrando a personas neurodivergentes.<\/p>\n<p data-prosemirror-content-type=\"node\" data-prosemirror-node-name=\"paragraph\" data-prosemirror-node-block=\"true\">El mi\u00e9rcoles 2 de abril el ic\u00f3nico Arco de C\u00f3rdoba se sumar\u00e1 a los m\u00edticos monumentos y edificios hist\u00f3ricos del pa\u00eds ilumin\u00e1ndose para conmemorar el D\u00eda Mundial de Concientizaci\u00f3n del Autismo, acompa\u00f1ando as\u00ed a la campa\u00f1a global de sensibilizaci\u00f3n.<\/p>\n<p data-prosemirror-content-type=\"node\" data-prosemirror-node-name=\"paragraph\" data-prosemirror-node-block=\"true\">Por su parte, a las 19:00, el Museo Metropolitano de Arte Urbano (Plaza Espa\u00f1a) recibir\u00e1 al DJ Mateo Dalto, quien ofrecer\u00e1 una propuesta musical que busca trascender barreras y celebrar la singularidad de cada individuo.<\/p>\n<p data-prosemirror-content-type=\"node\" data-prosemirror-node-name=\"paragraph\" data-prosemirror-node-block=\"true\">Esta es la primera vez que un artista, con una condici\u00f3n dentro del Espectro Autista,&nbsp;participa en una actividad del MMAU, marcando un hito en la integraci\u00f3n de personas neurodivergentes en la programaci\u00f3n cultural del museo.<\/p>\n<p data-prosemirror-content-type=\"node\" data-prosemirror-node-name=\"paragraph\" data-prosemirror-node-block=\"true\">El pr\u00f3ximo s\u00e1bado a las 11:30, en el marco del ciclo ArTEA, la Secretar\u00eda de Cultura y la Fundaci\u00f3n Familias CEA presentan la exposici\u00f3n \u00abPintando por el autismo\u00bb en las salas de Planta Baja del Cabildo de C\u00f3rdoba.<\/p>\n<p data-prosemirror-content-type=\"node\" data-prosemirror-node-name=\"paragraph\" data-prosemirror-node-block=\"true\">Esta muestra re\u00fane las obras creadas por ni\u00f1as y ni\u00f1os en el taller hom\u00f3nimo, realizado en el MMAU en abril de 2024. A trav\u00e9s de la pintura y la experimentaci\u00f3n, los participantes dejaron su huella en una obra colectiva y en piezas individuales, acompa\u00f1ados por las artistas Siu Garz\u00f3n, Mechi Monguillot y Luz Lascano.<\/p>\n<p data-prosemirror-content-type=\"node\" data-prosemirror-node-name=\"paragraph\" data-prosemirror-node-block=\"true\">ARTea se consolida como un espacio donde la diversidad y la inclusi\u00f3n celebran el talento y las habilidades \u00fanicas de las personas con Trastorno del Espectro Autista (TEA). Un punto de encuentro donde el arte act\u00faa como puente para la comunicaci\u00f3n y la participaci\u00f3n social, celebrando la diversidad y el potencial creativo de cada individuo.<\/p>\n<p data-prosemirror-content-type=\"node\" data-prosemirror-node-name=\"paragraph\" data-prosemirror-node-block=\"true\">Y para el s\u00e1bado 12, a las 19:00, el patio del Cabildo de C\u00f3rdoba ser\u00e1 escenario del recital \u201cCanciones para mi Luna Autista: Celebrando la Neurodiversidad\u201d, a cargo de la artista Mar\u00eda Fernanda Altamirano, acompa\u00f1ada por el maestro Ariel Arga\u00f1araz en guitarra.<\/p>\n<p data-prosemirror-content-type=\"node\" data-prosemirror-node-name=\"paragraph\" data-prosemirror-node-block=\"true\">El concierto propone un recorrido musical por ritmos argentinos y latinoamericanos, combinando la pasi\u00f3n y el compromiso de la artista para generar conciencia sobre el Espectro Autista.<\/p>\n<p data-prosemirror-content-type=\"node\" data-prosemirror-node-name=\"paragraph\" data-prosemirror-node-block=\"true\">Este evento invita a construir un \u00abMundo Neuroarm\u00f3nico\u00bb, compartiendo una experiencia personal a trav\u00e9s de la m\u00fasica, reduciendo estigmas y promoviendo la convivencia. La entrada ser\u00e1 libre y gratuita, y se tomar\u00e1n medidas para un sonido amable, aunque se sugiere llevar canceladores de ruido. El concierto cuenta con el acompa\u00f1amiento de la Fundaci\u00f3n Familias CEA.<\/p>\n<p data-prosemirror-content-type=\"node\" data-prosemirror-node-name=\"paragraph\" data-prosemirror-node-block=\"true\">Durante el mes de abril, Cultura de la Ciudad invita al inicio del ciclo Cine Distendido del a\u00f1o 2025 en el Cineclub Municipal, con entrada libre y gratuita.<\/p>\n<p data-prosemirror-content-type=\"node\" data-prosemirror-node-name=\"paragraph\" data-prosemirror-node-block=\"true\">La propuesta, que se lleva adelante junto a Familias CEA, busca generar experiencias integrales propias de una salida cultural, modificando sutilmente las proyecciones para personas con dificultades sensoriales, espectro autista, trastornos de aprendizaje y otras necesidades especiales en la comunicaci\u00f3n.<\/p>\n<p data-prosemirror-content-type=\"node\" data-prosemirror-node-name=\"paragraph\" data-prosemirror-node-block=\"true\">Asimismo, se comenzar\u00e1 con Accesibilidad Aumentada \u2013 Arte, accesibilidad e IA, un proyecto innovador que busca democratizar la creaci\u00f3n art\u00edstica mediante el uso de inteligencia artificial (IA), enfoc\u00e1ndose en hacer el arte digital accesible para todos, especialmente en personas con discapacidad.<\/p>\n<p data-prosemirror-content-type=\"node\" data-prosemirror-node-name=\"paragraph\" data-prosemirror-node-block=\"true\">Su objetivo principal es eliminar barreras tecnol\u00f3gicas, cognitivas y sensoriales, promoviendo la igualdad cultural y el impacto social a trav\u00e9s del arte. El proyecto se dirige a personas de todas las edades, con un enfoque especial en la conexi\u00f3n intergeneracional y la inclusi\u00f3n de ni\u00f1os en situaciones vulnerables, ofreciendo talleres de literatura y m\u00fasica que utilizan herramientas de IA adaptadas. Se espera que esta iniciativa fomente el empoderamiento creativo, la inclusi\u00f3n social y la innovaci\u00f3n cultural y tecnol\u00f3gica, creando un espacio donde la creatividad sea verdaderamente universal y aumentando la conciencia sobre el papel de la IA en la mejora de la accesibilidad en el arte.<\/p>\n<p data-prosemirror-content-type=\"node\" data-prosemirror-node-name=\"paragraph\" data-prosemirror-node-block=\"true\">De esta manera, diversas expresiones art\u00edsticas se transforman en una herramienta de aprendizaje que acerca, sensibiliza, concientiza y abre las puertas de la inclusi\u00f3n. Adem\u00e1s de sumarse con sus propuestas a la Semana Azul, cuyo objetivo es promover bajo la consigna #HablemosDeAutismo y visibilizar la tem\u00e1tica en la agenda p\u00fablica.<\/p>\n","protected":false},"excerpt":{"rendered":"<p>La ciudad de C\u00f3rdoba ofrece una serie de actividades culturales que buscan visibilizar la diversidad neurocognitiva. Con entrada libre y gratuita. La Municipalidad de C\u00f3rdoba a trav\u00e9s de la Secretar\u00eda de Cultura, y en el marco del D\u00eda Mundial de la Concientizaci\u00f3n del Autismo, contin\u00faa con su plan de accesibilidad cultural mediante una serie de [&hellip;]<\/p>\n","protected":false},"author":1,"featured_media":164118,"comment_status":"closed","ping_status":"closed","sticky":false,"template":"","format":"standard","meta":[],"categories":[44],"tags":[],"_links":{"self":[{"href":"http:\/\/cordobadirecto.com\/index.php\/wp-json\/wp\/v2\/posts\/164117"}],"collection":[{"href":"http:\/\/cordobadirecto.com\/index.php\/wp-json\/wp\/v2\/posts"}],"about":[{"href":"http:\/\/cordobadirecto.com\/index.php\/wp-json\/wp\/v2\/types\/post"}],"author":[{"embeddable":true,"href":"http:\/\/cordobadirecto.com\/index.php\/wp-json\/wp\/v2\/users\/1"}],"replies":[{"embeddable":true,"href":"http:\/\/cordobadirecto.com\/index.php\/wp-json\/wp\/v2\/comments?post=164117"}],"version-history":[{"count":0,"href":"http:\/\/cordobadirecto.com\/index.php\/wp-json\/wp\/v2\/posts\/164117\/revisions"}],"wp:featuredmedia":[{"embeddable":true,"href":"http:\/\/cordobadirecto.com\/index.php\/wp-json\/wp\/v2\/media\/164118"}],"wp:attachment":[{"href":"http:\/\/cordobadirecto.com\/index.php\/wp-json\/wp\/v2\/media?parent=164117"}],"wp:term":[{"taxonomy":"category","embeddable":true,"href":"http:\/\/cordobadirecto.com\/index.php\/wp-json\/wp\/v2\/categories?post=164117"},{"taxonomy":"post_tag","embeddable":true,"href":"http:\/\/cordobadirecto.com\/index.php\/wp-json\/wp\/v2\/tags?post=164117"}],"curies":[{"name":"wp","href":"https:\/\/api.w.org\/{rel}","templated":true}]}}