{"id":164138,"date":"2025-04-02T12:20:24","date_gmt":"2025-04-02T12:20:24","guid":{"rendered":"https:\/\/puntoapunto.com.ar\/?p=371597"},"modified":"2025-04-02T12:20:24","modified_gmt":"2025-04-02T12:20:24","slug":"edicion-semanal-un-piso-para-el-mundo","status":"publish","type":"post","link":"http:\/\/cordobadirecto.com\/index.php\/2025\/04\/02\/edicion-semanal-un-piso-para-el-mundo\/","title":{"rendered":"Edici\u00f3n semanal: Un piso para el mundo"},"content":{"rendered":"<p>&nbsp;<!-- \u00a1O bien no hay banners, estan desactivados o no estan programados para esta ubicaci\u00f3n! -->\n<\/p>\n<p>Empujados por la ca\u00edda de la obra publica y un panorama complejo en el pa\u00eds,<strong> la cordobesa <a href=\"https:\/\/www.blangino.com.ar\/\">Blangino<\/a> activa plan para montar una planta en Chile<\/strong> para abastecer ese mercado, aprovechar su puerto y en un futuro vender f\u00e1bricas de mosaicos \u201cllave en mano\u201d en otros pa\u00edses.<strong> Detalles de la inversi\u00f3n y la internacionalizaci\u00f3n de la compa\u00f1\u00eda.<\/strong>\n<\/p>\n<h4><strong>Le\u00e9 la revista en tu dispositivo favorito<\/strong><\/h4>\n<p><img decoding=\"async\" class=\"aligncenter size-full wp-image-341569\" src=\"http:\/\/cordobadirecto.com\/wp-content\/uploads\/2025\/04\/edicion-semanal-un-piso-para-el-mundo.jpg\" alt width=\"300\" height=\"80\" loading=\"lazy\"><img loading=\"lazy\" decoding=\"async\" class=\"aligncenter size-full wp-image-341570\" src=\"http:\/\/cordobadirecto.com\/wp-content\/uploads\/2025\/04\/edicion-semanal-un-piso-para-el-mundo-1.jpg\" alt width=\"300\" height=\"80\">\n<\/p>\n<p>&nbsp;\n<\/p>\n<p><strong>Adem\u00e1s:<\/strong><!-- \u00a1O bien no hay banners, estan desactivados o no estan programados para esta ubicaci\u00f3n! -->\n<\/p>\n<ul>\n<li><strong>Autos usados en C\u00f3rdoba: m\u00e1s ventas, pero mayor informalidad y evasi\u00f3n fiscal<\/strong><\/li>\n<\/ul>\n<p>Con un aumento interanual superior al 28% en marzo, el mercado de autos usados en C\u00f3rdoba muestra signos positivos. Sin embargo, los comerciantes formales advierten sobre la presi\u00f3n impositiva y el auge de la venta informal, que evade millones en impuestos.<\/p>\n<ul>\n<li><strong>Humanless y Wasteless: las tendencias que est\u00e1n redefiniendo el consumo<\/strong><\/li>\n<\/ul>\n<p>Soledad Offenhenden, directora de Futurus, analiza las macrotendencias que marcar\u00e1n el consumo, el impacto de la inteligencia artificial y la evoluci\u00f3n de las empresas en un mercado en constante transformaci\u00f3n.\n<\/p>\n<ul>\n<li><strong>El agro invierte: fuerte crecimiento en la venta de maquinaria agr\u00edcola durante 2024<\/strong><\/li>\n<\/ul>\n<p>El repunte en la compra de equipos agr\u00edcolas est\u00e1 vinculado a la estabilidad econ\u00f3mica y la necesidad de modernizaci\u00f3n del campo tras la sequ\u00eda de 2023. El crecimiento del 18% en facturaci\u00f3n responde a la mayor demanda de tractores, cosechadoras e implementos agr\u00edcolas, seg\u00fan datos de la Bolsa de Cereales de C\u00f3rdoba.\n<\/p>\n<ul>\n<li><strong>El peronismo difundi\u00f3 las listas de asesores y ahora quiere borrar el tema de la agenda p\u00fablica<\/strong><\/li>\n<\/ul>\n<p>El tema explot\u00f3 hace dos meses, pero el oficialismo provincial no reaccion\u00f3 y tuvo que asumir costos pol\u00edticos y las cr\u00edticas de los opositores. Myriam Prunotto, la principal cuestionada: en medio del conflicto se tom\u00f3 vacaciones.\n<\/p>\n<ul>\n<li><strong>Ualabee presenta Treep, su nueva marca para usuarios de transporte p\u00fablico<\/strong><\/li>\n<\/ul>\n<p>La compa\u00f1\u00eda lanz\u00f3 una marca enfocada en mejorar la experiencia de los pasajeros y consolidar su crecimiento en Latinoam\u00e9rica.\n<\/p>\n<ul>\n<li><strong>Laura Jure: \u201cNo creamos empleo por decreto, generamos condiciones para la inversi\u00f3n\u201d<\/strong><\/li>\n<\/ul>\n<p>Desde su rol como ministra, Laura Jure ha impulsado pol\u00edticas para generar oportunidades laborales y fortalecer la articulaci\u00f3n p\u00fablico-privada. Su visi\u00f3n sobre el empleo, el liderazgo femenino y los desaf\u00edos de la gesti\u00f3n.\n<\/p>\n<div class=\"g g-38\">\n<div class=\"g-dyn a-12 c-1\"><a class=\"gofollow\" data-track=\"MTIsMzgsMSw2MA==\" href=\"https:\/\/hospitalprivado.com.ar\/blog\/institucional\/somos-la-primera-institucion-del-interior-del-pais-en-acreditar-joint-commission-international.html\" target=\"_blank\" rel=\"noopener\"><img src=\"http:\/\/cordobadirecto.com\/wp-content\/uploads\/2025\/04\/edicion-semanal-un-piso-para-el-mundo.gif\" loading=\"lazy\"><\/a><\/div>\n<\/div>\n","protected":false},"excerpt":{"rendered":"<p>&nbsp; Empujados por la ca\u00edda de la obra publica y un panorama complejo en el pa\u00eds, la cordobesa Blangino activa plan para montar una planta en Chile para abastecer ese mercado, aprovechar su puerto y en un futuro vender f\u00e1bricas de mosaicos \u201cllave en mano\u201d en otros pa\u00edses. Detalles de la inversi\u00f3n y la internacionalizaci\u00f3n [&hellip;]<\/p>\n","protected":false},"author":1,"featured_media":164139,"comment_status":"closed","ping_status":"closed","sticky":false,"template":"","format":"standard","meta":[],"categories":[25],"tags":[],"_links":{"self":[{"href":"http:\/\/cordobadirecto.com\/index.php\/wp-json\/wp\/v2\/posts\/164138"}],"collection":[{"href":"http:\/\/cordobadirecto.com\/index.php\/wp-json\/wp\/v2\/posts"}],"about":[{"href":"http:\/\/cordobadirecto.com\/index.php\/wp-json\/wp\/v2\/types\/post"}],"author":[{"embeddable":true,"href":"http:\/\/cordobadirecto.com\/index.php\/wp-json\/wp\/v2\/users\/1"}],"replies":[{"embeddable":true,"href":"http:\/\/cordobadirecto.com\/index.php\/wp-json\/wp\/v2\/comments?post=164138"}],"version-history":[{"count":0,"href":"http:\/\/cordobadirecto.com\/index.php\/wp-json\/wp\/v2\/posts\/164138\/revisions"}],"wp:featuredmedia":[{"embeddable":true,"href":"http:\/\/cordobadirecto.com\/index.php\/wp-json\/wp\/v2\/media\/164139"}],"wp:attachment":[{"href":"http:\/\/cordobadirecto.com\/index.php\/wp-json\/wp\/v2\/media?parent=164138"}],"wp:term":[{"taxonomy":"category","embeddable":true,"href":"http:\/\/cordobadirecto.com\/index.php\/wp-json\/wp\/v2\/categories?post=164138"},{"taxonomy":"post_tag","embeddable":true,"href":"http:\/\/cordobadirecto.com\/index.php\/wp-json\/wp\/v2\/tags?post=164138"}],"curies":[{"name":"wp","href":"https:\/\/api.w.org\/{rel}","templated":true}]}}