{"id":164142,"date":"2025-04-01T20:31:53","date_gmt":"2025-04-01T20:31:53","guid":{"rendered":"https:\/\/www.ole.com.ar\/autos\/red-bull-furor-diseno-auto-gran-premio-gp-japon-f1-formula-1-tsunoda_0_aOrT3BuYHj.html"},"modified":"2025-04-01T20:31:53","modified_gmt":"2025-04-01T20:31:53","slug":"revelan-un-impactante-diseno-homenaje-de-red-bull-para-el-gp-de-japon-con-guino-a-tsunoda","status":"publish","type":"post","link":"http:\/\/cordobadirecto.com\/index.php\/2025\/04\/01\/revelan-un-impactante-diseno-homenaje-de-red-bull-para-el-gp-de-japon-con-guino-a-tsunoda\/","title":{"rendered":"Revelan un impactante dise\u00f1o homenaje de Red Bull para el GP de Jap\u00f3n con gui\u00f1o a Tsunoda"},"content":{"rendered":"<p><time class=\"createDate\" datetime=\"2025-04-01T17:31:53-03:00\">01\/04\/2025 17:31hs.<\/time><\/p>\n<div id=\"storyBody\">\n<div class=\"custom-text \" readability=\"39.324731182796\">\n<p>Sin dudas,<strong> el Gran Premio de Jap\u00f3n va a ser especial para Red Bull<\/strong>. Y es que ser\u00e1 el \u00faltimo con <strong>Honda<\/strong> como socio del equipo, justo en la temporada que se cumplen 60 a\u00f1os de la primera victoria en la <strong>F\u00f3rmula 1<\/strong>. Sumado a esto, tras dos carreras en la categor\u00eda, la escuder\u00eda decidi\u00f3 reemplazar a <strong>Liam Lawson<\/strong> -de <a href=\"https:\/\/www.ole.com.ar\/autos\/dijo-liam-lawson-racing-bulls-despojado-asiento-red-bull-yuki-tsunoda_0_GCNil57E03.html\" target=\"_self\" title=\"floj\u00edsimo arranque\" alt=\"floj\u00edsimo arranque\" rel=\"noopener\">floj\u00edsimo arranque<\/a>&#8211; por el japon\u00e9s <strong>Yuki Tsunoda<\/strong>, y ser\u00e1 en Suzuka donde <strong>se pondr\u00e1 a prueba por primera vez<\/strong> bajo esta tutela, frente a su gente.<\/p>\n<\/div>\n<div class=\"sc-e7b891c4-0 ifHnQL image-embed\"><img alt=\"Yuki Tsunoda, esperando su debut en Red Bull. (REUTER)\" loading=\"lazy\" width=\"720\" height=\"100\" decoding=\"async\" data-nimg=\"1\" src=\"http:\/\/cordobadirecto.com\/wp-content\/uploads\/2025\/04\/revelan-un-impactante-diseno-homenaje-de-red-bull-para-el-gp-de-japon-con-guino-a-tsunoda.jpg\"><span class=\"epigraphe\">Yuki Tsunoda, esperando su debut en Red Bull. (REUTER)<\/span><\/div>\n<div class=\"custom-text \" readability=\"38\">\n<p>Todos los condimentos ameritan un show especial por parte de <strong>Red Bull<\/strong>, que <strong>espera poder hacer de Jap\u00f3n una fiesta<\/strong>. Para esto depender\u00e1 de sus pilotos, pero ya arranc\u00f3 a mostrar sus primeras sorpresas: el dise\u00f1o que present\u00f3 para el RB21, fiel a los colores de la bandera del pa\u00eds con el c\u00edrculo rojo simbolizando el sol naciente y <strong>un homenaje a aquel auto con el que Honda gan\u00f3 por primera vez en 1965<\/strong>.<\/p>\n<\/div>\n<div class=\"custom-text \" readability=\"36\">\n<p>El mensaje en X, en japon\u00e9s, dice: &#8220;El livery del <strong>RB21<\/strong> hecho especialmente para el <strong>Gran Premio de Jap\u00f3n<\/strong>, que combina el pa\u00eds con el recuerdo de Honda. (@redbullmotorJP)&#8221;.<\/p>\n<\/div>\n<p><h2>Una celebraci\u00f3n especial: el v\u00ednculo de Red Bull con Honda<\/h2>\n<\/p>\n<div class=\"custom-text \" readability=\"37\">\n<p>A partir de la temporada 2026, Red Bull empezar\u00e1 a colaborar con Ford y pondr\u00e1 fin a su sociedad con Honda, un ciclo de mucho \u00e9xito. La marca japonesa estuvo con la escuder\u00eda desde 2019, donde acumularon <strong>cuatro campeonatos de pilotos<\/strong> (todos de Max Verstappen) <strong>y dos campeonatos de constructores<\/strong>. <\/p>\n<\/div>\n<div class=\"custom-text \" readability=\"36\">\n<p><strong>Red Bull le rendir\u00e1 homenaje en el dise\u00f1o a una pieza hist\u00f3rica de la F\u00f3rmula 1: el RA727<\/strong>, el primer coche de Honda que logr\u00f3 ganar una carrera en la categor\u00eda. Esto sucedi\u00f3 en la temporada de 1965, y el piloto que manejaba el auto era Richie Ginther.<\/p>\n<\/div>\n<div class=\"sc-e7b891c4-0 ifHnQL image-embed\"><img alt=\"El RA272, primer auto de Honda en ganar una carrera, ser\u00e1 homenajeado. (@redbullmotorJP)\" loading=\"lazy\" width=\"720\" height=\"100\" decoding=\"async\" data-nimg=\"1\" src=\"http:\/\/cordobadirecto.com\/wp-content\/uploads\/2025\/04\/revelan-un-impactante-diseno-homenaje-de-red-bull-para-el-gp-de-japon-con-guino-a-tsunoda-1.jpg\"><span class=\"epigraphe\">El RA272, primer auto de Honda en ganar una carrera, ser\u00e1 homenajeado. (@redbullmotorJP)<\/span><\/div>\n<p><h2>Yuki Tsunoda, a la pista en su pa\u00eds y con sus colores<\/h2>\n<\/p>\n<div class=\"custom-text \" readability=\"35.480938416422\">\n<p>El piloto japon\u00e9s de 24 a\u00f1os intercambi\u00f3 lugares con <strong>Liam Lawson<\/strong>. Ambos fueron compa\u00f1eros en <strong>Racing Bulls<\/strong>, y esta temporada el neozeland\u00e9s fue elegido por la franquicia para acompa\u00f1ar a <a href=\"https:\/\/www.ole.com.ar\/tema\/max-verstappen.html\" target=\"_self\" title=\"Verstappen\" alt=\"Verstappen\" rel=\"noopener\">Max Verstappen<\/a> en el equipo principal. Sin embargo, r\u00e1pidamente hubo un cambio en los asientos y Tsunoda fue promovido al puesto que ocupaba Lawson.<\/p>\n<\/div>\n<div class=\"sc-e7b891c4-0 ifHnQL image-embed\"><img alt=\"Tsunoda fue protagonista en la presentaci\u00f3n de Red Bull en Jap\u00f3n. (REUTER)\" loading=\"lazy\" width=\"720\" height=\"100\" decoding=\"async\" data-nimg=\"1\" src=\"http:\/\/cordobadirecto.com\/wp-content\/uploads\/2025\/04\/revelan-un-impactante-diseno-homenaje-de-red-bull-para-el-gp-de-japon-con-guino-a-tsunoda-2.jpg\"><span class=\"epigraphe\">Tsunoda fue protagonista en la presentaci\u00f3n de Red Bull en Jap\u00f3n. (REUTER)<\/span><\/div>\n<div class=\"custom-text \" readability=\"37\">\n<p>En su debut en el asiento de<strong> Red Bull<\/strong> tendr\u00e1 la oportunidad de mostrarse ante su gente. Lo positivo, <strong>lo acompa\u00f1an los colores de su pa\u00eds<\/strong> en la carrocer\u00eda, que adem\u00e1s de estar asociados con la buena fortuna pueden significar una motivaci\u00f3n extra para que se desempe\u00f1a de gran manera en su nuevo coche.<\/p>\n<\/div>\n<div class=\"sc-a7166897-0 eoLsBE\" readability=\"6.5\">\n<section readability=\"3\"><picture><img alt=\"Colapinto, pero a la inversa: pas\u00f3 de Alpine a Williams\" loading=\"lazy\" width=\"290\" height=\"290\" decoding=\"async\" data-nimg=\"1\" src=\"http:\/\/cordobadirecto.com\/wp-content\/uploads\/2025\/04\/revelan-un-impactante-diseno-homenaje-de-red-bull-para-el-gp-de-japon-con-guino-a-tsunoda-3.jpg\"><\/picture>\n<p><span>Mir\u00e1 tambi\u00e9n<\/span><\/p>\n<hr>\n<h3>Colapinto, pero a la inversa: pas\u00f3 de Alpine a Williams<\/h3>\n<\/p>\n<\/section>\n<\/div>\n<div class=\"sc-a7166897-0 eoLsBE\" readability=\"7.5\">\n<section readability=\"5\"><picture><img alt=\"Es oficial: Ryo Hirakawa, compa\u00f1ero de Franco Colapinto, manejar\u00e1 uno de los Alpine en la Pr\u00e1ctica 1 del GP de Jap\u00f3n\" loading=\"lazy\" width=\"290\" height=\"290\" decoding=\"async\" data-nimg=\"1\" src=\"http:\/\/cordobadirecto.com\/wp-content\/uploads\/2025\/04\/revelan-un-impactante-diseno-homenaje-de-red-bull-para-el-gp-de-japon-con-guino-a-tsunoda-4.jpg\"><\/picture>\n<p><span>Mir\u00e1 tambi\u00e9n<\/span><\/p>\n<hr>\n<h3>Es oficial: Ryo Hirakawa, compa\u00f1ero de Franco Colapinto, manejar\u00e1 uno de los Alpine en la Pr\u00e1ctica 1 del GP de Jap\u00f3n<\/h3>\n<\/p>\n<\/section>\n<\/div>\n<div class=\"sc-a7166897-0 eoLsBE\" readability=\"6\">\n<section readability=\"2\"><picture><img alt=\"TC: Agust\u00edn Canapino hizo la pole con un tiempazo en Neuqu\u00e9n\" loading=\"lazy\" width=\"290\" height=\"290\" decoding=\"async\" data-nimg=\"1\" src=\"http:\/\/cordobadirecto.com\/wp-content\/uploads\/2025\/04\/revelan-un-impactante-diseno-homenaje-de-red-bull-para-el-gp-de-japon-con-guino-a-tsunoda-5.jpg\"><\/picture>\n<p><span>Mir\u00e1 tambi\u00e9n<\/span><\/p>\n<hr>\n<h3>TC: Agust\u00edn Canapino hizo la pole con un tiempazo en Neuqu\u00e9n<\/h3>\n<\/p>\n<\/section>\n<\/div>\n<\/div>\n","protected":false},"excerpt":{"rendered":"<p>01\/04\/2025 17:31hs. Sin dudas, el Gran Premio de Jap\u00f3n va a ser especial para Red Bull. Y es que ser\u00e1 el \u00faltimo con Honda como socio del equipo, justo en la temporada que se cumplen 60 a\u00f1os de la primera victoria en la F\u00f3rmula 1. Sumado a esto, tras dos carreras en la categor\u00eda, la [&hellip;]<\/p>\n","protected":false},"author":1,"featured_media":164143,"comment_status":"closed","ping_status":"closed","sticky":false,"template":"","format":"standard","meta":[],"categories":[21],"tags":[],"_links":{"self":[{"href":"http:\/\/cordobadirecto.com\/index.php\/wp-json\/wp\/v2\/posts\/164142"}],"collection":[{"href":"http:\/\/cordobadirecto.com\/index.php\/wp-json\/wp\/v2\/posts"}],"about":[{"href":"http:\/\/cordobadirecto.com\/index.php\/wp-json\/wp\/v2\/types\/post"}],"author":[{"embeddable":true,"href":"http:\/\/cordobadirecto.com\/index.php\/wp-json\/wp\/v2\/users\/1"}],"replies":[{"embeddable":true,"href":"http:\/\/cordobadirecto.com\/index.php\/wp-json\/wp\/v2\/comments?post=164142"}],"version-history":[{"count":0,"href":"http:\/\/cordobadirecto.com\/index.php\/wp-json\/wp\/v2\/posts\/164142\/revisions"}],"wp:featuredmedia":[{"embeddable":true,"href":"http:\/\/cordobadirecto.com\/index.php\/wp-json\/wp\/v2\/media\/164143"}],"wp:attachment":[{"href":"http:\/\/cordobadirecto.com\/index.php\/wp-json\/wp\/v2\/media?parent=164142"}],"wp:term":[{"taxonomy":"category","embeddable":true,"href":"http:\/\/cordobadirecto.com\/index.php\/wp-json\/wp\/v2\/categories?post=164142"},{"taxonomy":"post_tag","embeddable":true,"href":"http:\/\/cordobadirecto.com\/index.php\/wp-json\/wp\/v2\/tags?post=164142"}],"curies":[{"name":"wp","href":"https:\/\/api.w.org\/{rel}","templated":true}]}}