{"id":164154,"date":"2025-04-02T19:08:37","date_gmt":"2025-04-02T19:08:37","guid":{"rendered":"https:\/\/es.digitaltrends.com\/?p=1066155"},"modified":"2025-04-02T19:08:37","modified_gmt":"2025-04-02T19:08:37","slug":"fox-da-alegrias-confirma-cuatro-temporadas-mas-de-los-simpson-y-padre-de-familia","status":"publish","type":"post","link":"http:\/\/cordobadirecto.com\/index.php\/2025\/04\/02\/fox-da-alegrias-confirma-cuatro-temporadas-mas-de-los-simpson-y-padre-de-familia\/","title":{"rendered":"Fox da alegr\u00edas: confirma cuatro temporadas m\u00e1s de Los Simpson y Padre de Familia"},"content":{"rendered":"<p>Una gran noticia para los fan\u00e1ticos de la animaci\u00f3n para adultos es la que present\u00f3 Fox este mi\u00e9rcoles 2 de abril, ya que anunci\u00f3 cuatro temporadas m\u00e1s para los siguientes programas: <a href=\"https:\/\/es.digitaltrends.com\/entretenimiento\/los-simpson-mata-amigo-homero\/\" rel>Los Simpson<\/a><strong><em>, <\/em><\/strong><a href=\"https:\/\/es.digitaltrends.com\/entretenimiento\/family-guy-mejores-capitulos\/\" rel>Padre de Familia<\/a><strong><em>, American Dad y Bob\u2019s Burgers.<\/em><\/strong><\/p>\n<p>El acuerdo contempla cuatro a\u00f1os de exhibici\u00f3n en Disney+, con temporadas de transmisi\u00f3n hasta 2028-29.<\/p>\n<div class=\"b-connatix b-connatix--video\" id=\"dt-cnx-container-67ed92d4f0dec\">\n<div class=\"b-connatix__label\"> Recommended Videos <\/div>\n<div class=\"b-connatix__container\"> <\/div>\n<\/div>\n<p>Coincide con la duraci\u00f3n de la extensi\u00f3n de 1.500 millones de d\u00f3lares que Fox firm\u00f3 con el streamer de Disney Hulu en noviembre y que tambi\u00e9n se extiende hasta 2029.<\/p>\n<p><em>Los Simpson, Family Guy&nbsp;<\/em>y<em>&nbsp;Bob\u2019s Burgers<\/em>&nbsp;ya han estado emitiendo menos de 22 episodios por temporada durante los \u00faltimos dos a\u00f1os. Pero ahora ser\u00edan solo <strong>15 cap\u00edtulos por temporada<\/strong>.<\/p>\n<p>Deadline adem\u00e1s agrega que, \u00abmientras tanto, 20th TV Animation ha mantenido constante el nivel de producci\u00f3n de<em>&nbsp;Los Simpson<\/em>&nbsp;y&nbsp;<em>Padre de familia<\/em>&nbsp;produciendo especiales navide\u00f1os para Hulu (<em>Padre de familia<\/em>) y Disney+ (<em>Los Simpson)<\/em>&nbsp;para complementar sus pedidos epis\u00f3dicos de Fox\u00bb.&nbsp;<\/p>\n<p>\u00abEste nuevo acuerdo celebra la eterna popularidad de estas comedias ic\u00f3nicas, as\u00ed como la relaci\u00f3n duradera y prol\u00edfica que continuamos disfrutando con nuestros amigos de 20th Television Animation y los brillantes creadores, que esta vez se duplica para Seth, y las incre\u00edbles voces detr\u00e1s de estos cl\u00e1sicos contempor\u00e1neos\u00bb, dijo Michael Thorn, presidente de Fox Television Network.<\/p>\n<figure class=\"wp-block-image size-large\"><img decoding=\"async\" src=\"http:\/\/cordobadirecto.com\/wp-content\/uploads\/2025\/04\/fox-da-alegrias-confirma-cuatro-temporadas-mas-de-los-simpson-y-padre-de-familia.jpg\" alt><\/figure>\n<p>Las renovaciones abarcan las temporadas 16 a 19 de<em>&nbsp;Bob\u2019s Burgers<\/em>, las temporadas 24 a 27 de&nbsp;<em>Family Guy&nbsp;<\/em>y las temporadas 37 a 40 de&nbsp;<em>Los Simpson,<\/em>&nbsp;extendiendo su posici\u00f3n como la serie de horario estelar con gui\u00f3n de mayor duraci\u00f3n en la historia de la televisi\u00f3n.&nbsp;<em>\u00a1Pap\u00e1 americano!<\/em>&nbsp;regresar\u00e1 a Fox para las temporadas 20 a 23.<\/p>\n<p>\u00abLa longevidad de este acuerdo reafirma nuestro compromiso con la exitosa asociaci\u00f3n que hemos construido con el incre\u00edble equipo de Disney\u00bb, dijo Rob Wade, CEO de Fox Entertainment. \u00abEsta colaboraci\u00f3n ha generado y seguir\u00e1 generando un valor significativo a largo plazo y construyendo estrat\u00e9gicamente audiencias desde Fox hasta Hulu y los fan\u00e1ticos de todo el mundo\u00bb.<\/p>\n<p> <span id=\"publisher-md\" itemprop=\"publisher\" itemscope itemtype=\"https:\/\/schema.org\/Organization\"> <span itemprop=\"url\" itemtype=\"https:\/\/schema.org\/Url\" content=\"https:\/\/es.digitaltrends.com\"> <span itemprop=\"logo\" itemscope itemtype=\"https:\/\/schema.org\/ImageObject\"> <meta itemprop=\"url\" content=\"https:\/\/cdn.dtcn.com\/dt\/dt-logo-small.png\"> <meta itemprop=\"width\" content=\"0\"> <meta itemprop=\"height\" content=\"0\"> <\/span> <meta itemprop=\"name\" content=\"Digital Trends Espa\u00f1ol\"> <\/span> <span itemprop=\"image\" itemscope itemtype=\"https:\/\/schema.org\/ImageObject\"> <meta itemprop=\"url\" content=\"https:\/\/es.digitaltrends.com\/wp-content\/uploads\/2024\/05\/Los-Simpson.jpeg?p=1\"> <\/span> <\/span> <\/p>\n","protected":false},"excerpt":{"rendered":"<p>Una gran noticia para los fan\u00e1ticos de la animaci\u00f3n para adultos es la que present\u00f3 Fox este mi\u00e9rcoles 2 de abril, ya que anunci\u00f3 cuatro temporadas m\u00e1s para los siguientes programas: Los Simpson, Padre de Familia, American Dad y Bob\u2019s Burgers. El acuerdo contempla cuatro a\u00f1os de exhibici\u00f3n en Disney+, con temporadas de transmisi\u00f3n hasta [&hellip;]<\/p>\n","protected":false},"author":1,"featured_media":164155,"comment_status":"closed","ping_status":"closed","sticky":false,"template":"","format":"standard","meta":[],"categories":[18],"tags":[],"_links":{"self":[{"href":"http:\/\/cordobadirecto.com\/index.php\/wp-json\/wp\/v2\/posts\/164154"}],"collection":[{"href":"http:\/\/cordobadirecto.com\/index.php\/wp-json\/wp\/v2\/posts"}],"about":[{"href":"http:\/\/cordobadirecto.com\/index.php\/wp-json\/wp\/v2\/types\/post"}],"author":[{"embeddable":true,"href":"http:\/\/cordobadirecto.com\/index.php\/wp-json\/wp\/v2\/users\/1"}],"replies":[{"embeddable":true,"href":"http:\/\/cordobadirecto.com\/index.php\/wp-json\/wp\/v2\/comments?post=164154"}],"version-history":[{"count":0,"href":"http:\/\/cordobadirecto.com\/index.php\/wp-json\/wp\/v2\/posts\/164154\/revisions"}],"wp:featuredmedia":[{"embeddable":true,"href":"http:\/\/cordobadirecto.com\/index.php\/wp-json\/wp\/v2\/media\/164155"}],"wp:attachment":[{"href":"http:\/\/cordobadirecto.com\/index.php\/wp-json\/wp\/v2\/media?parent=164154"}],"wp:term":[{"taxonomy":"category","embeddable":true,"href":"http:\/\/cordobadirecto.com\/index.php\/wp-json\/wp\/v2\/categories?post=164154"},{"taxonomy":"post_tag","embeddable":true,"href":"http:\/\/cordobadirecto.com\/index.php\/wp-json\/wp\/v2\/tags?post=164154"}],"curies":[{"name":"wp","href":"https:\/\/api.w.org\/{rel}","templated":true}]}}