{"id":164159,"date":"2025-04-03T06:41:34","date_gmt":"2025-04-03T06:41:34","guid":{"rendered":"https:\/\/puntoapunto.com.ar\/?p=371656"},"modified":"2025-04-03T06:41:34","modified_gmt":"2025-04-03T06:41:34","slug":"la-internacionalizacion-de-blangino-levanta-planta-en-chile-y-se-prepara-para-exportar-fabricas-llave-en-mano","status":"publish","type":"post","link":"http:\/\/cordobadirecto.com\/index.php\/2025\/04\/03\/la-internacionalizacion-de-blangino-levanta-planta-en-chile-y-se-prepara-para-exportar-fabricas-llave-en-mano\/","title":{"rendered":"La internacionalizaci\u00f3n de Blangino: levanta planta en Chile y se prepara para exportar f\u00e1bricas \u00abllave en mano\u00bb"},"content":{"rendered":"<p>&nbsp;<!-- \u00a1O bien no hay banners, estan desactivados o no estan programados para esta ubicaci\u00f3n! -->\n<\/p>\n<p>&nbsp;\n<\/p>\n<p>Por Jos\u00e9 Busaniche. El 2024 fue lapidario para la construcci\u00f3n en general, pero puntualmente para la obra p\u00fablica. Las empresas vinculadas al sector escucharon con preocupaci\u00f3n la decisi\u00f3n del presidente Javier Milei de congelar presupuestos y nuevos proyectos en esa materia. Y luego vieron como la amenaza se concretaba y las partidas dejaron de movilizarse.\n<\/p>\n<p>As\u00ed, la mayor\u00eda de las empresas redujeron su actividad a la mitad o m\u00e1s, y en m\u00e1s de una ocasi\u00f3n ingresaron en una compleja realidad financiera y econ\u00f3mica. La b\u00fasqueda de la sostenibilidad y la supervivencia se volvi\u00f3 la nueva realidad.\n<\/p>\n<p>El nuevo escenario no s\u00f3lo golpe\u00f3 a las empresas dedicadas a la gesti\u00f3n y desarrollo de las obras, sino tambi\u00e9n a todo el entramado de proveedoras de insumos y materiales, muchas de ellas pyme.<!-- \u00a1O bien no hay banners, estan desactivados o no estan programados para esta ubicaci\u00f3n! -->\n<\/p>\n<p>En ese contexto, es que la cordobesa Blangino -con hist\u00f3rica sede en Monte Cristo- activ\u00f3 un plan de internacionalizaci\u00f3n de sus procesos productivos y de sus destinos comerciales para poder seguir trabajando. Sucede que el cimbronazo de la obra p\u00fablica peg\u00f3 en la l\u00ednea de flotaci\u00f3n de la empresa que fundara Juan Blangino. Se estima que cerca del 70% de la facturaci\u00f3n estaba vinculada directa o indirectamente con el sector p\u00fablico. Y era necesario buscar nuevos proyectos y m\u00e1s destinos.<\/p>\n<p>\u201cEl 2024 fue muy complicado, con meses cayendo al 70% en relaci\u00f3n al 2023. Nuestra empresa tiene productos espec\u00edficos pensados para la obra p\u00fablica, con lo cual nos vimos en grandes problemas y una vez consolidado este nuevo r\u00e9gimen que deja afuera la obra p\u00fablica nos obliga a reconvertirnos como empresa y a nuestros productos. En ese sentido vamos a largar una nueva unidad comercial con productos pensados para el desarrollismo y la arquitectura, que entendemos que mediante al blanqueo puede volcarse a invertir, pero a\u00fan tomando una porci\u00f3n en ese nuevo segmento estamos lejos de lograr que compense la gran ca\u00edda que supuso la obra p\u00fablica\u201d, explica Gustavo G\u00f3mez, gerente General de Blangino\n<\/p>\n<p>Es as\u00ed que tom\u00f3 a su cargo la premisa de comenzar a pensar en un nuevo destino para fabricar de forma m\u00e1s competitiva y comenzar a trazar el camino de la internacionalizaci\u00f3n de Blangino. La empresa tiene una dilatada trayectoria en t\u00e9rminos de exportaci\u00f3n, pero ahora el desaf\u00edo era montar una nueva planta productiva en otro pa\u00eds.\n<\/p>\n<p>El propio G\u00f3mez, a cargo de la maduraci\u00f3n del mercado chileno, tom\u00f3 como propio el proyecto para que Blangino instale una f\u00e1brica de mosaicos en Santiago de Chile y desde ah\u00ed abastecer a ese mercado dom\u00e9stico y pensar en nuevos pasos.\n<\/p>\n<p><img decoding=\"async\" class=\"aligncenter wp-image-371660 size-large\" src=\"http:\/\/cordobadirecto.com\/wp-content\/uploads\/2025\/04\/la-internacionalizacion-de-blangino-levanta-planta-en-chile-y-se-prepara-para-exportar-fabricas-llave-en-mano.jpg\" alt width=\"1024\" height=\"613\" srcset=\"http:\/\/cordobadirecto.com\/wp-content\/uploads\/2025\/04\/la-internacionalizacion-de-blangino-levanta-planta-en-chile-y-se-prepara-para-exportar-fabricas-llave-en-mano.jpg 1024w, http:\/\/cordobadirecto.com\/wp-content\/uploads\/2025\/04\/la-internacionalizacion-de-blangino-levanta-planta-en-chile-y-se-prepara-para-exportar-fabricas-llave-en-mano-5.jpg 300w, http:\/\/cordobadirecto.com\/wp-content\/uploads\/2025\/04\/la-internacionalizacion-de-blangino-levanta-planta-en-chile-y-se-prepara-para-exportar-fabricas-llave-en-mano-6.jpg 768w, http:\/\/cordobadirecto.com\/wp-content\/uploads\/2025\/04\/la-internacionalizacion-de-blangino-levanta-planta-en-chile-y-se-prepara-para-exportar-fabricas-llave-en-mano-7.jpg 1536w, http:\/\/cordobadirecto.com\/wp-content\/uploads\/2025\/04\/la-internacionalizacion-de-blangino-levanta-planta-en-chile-y-se-prepara-para-exportar-fabricas-llave-en-mano-8.jpg 2048w, http:\/\/cordobadirecto.com\/wp-content\/uploads\/2025\/04\/la-internacionalizacion-de-blangino-levanta-planta-en-chile-y-se-prepara-para-exportar-fabricas-llave-en-mano-9.jpg 750w, http:\/\/cordobadirecto.com\/wp-content\/uploads\/2025\/04\/la-internacionalizacion-de-blangino-levanta-planta-en-chile-y-se-prepara-para-exportar-fabricas-llave-en-mano-10.jpg 1140w\" sizes=\"(max-width: 1024px) 100vw, 1024px\" loading=\"lazy\"> <img loading=\"lazy\" decoding=\"async\" class=\"aligncenter wp-image-371661 size-large\" src=\"http:\/\/cordobadirecto.com\/wp-content\/uploads\/2025\/04\/la-internacionalizacion-de-blangino-levanta-planta-en-chile-y-se-prepara-para-exportar-fabricas-llave-en-mano-1.jpg\" alt width=\"683\" height=\"1024\" srcset=\"http:\/\/cordobadirecto.com\/wp-content\/uploads\/2025\/04\/la-internacionalizacion-de-blangino-levanta-planta-en-chile-y-se-prepara-para-exportar-fabricas-llave-en-mano-1.jpg 683w, http:\/\/cordobadirecto.com\/wp-content\/uploads\/2025\/04\/la-internacionalizacion-de-blangino-levanta-planta-en-chile-y-se-prepara-para-exportar-fabricas-llave-en-mano-11.jpg 200w, http:\/\/cordobadirecto.com\/wp-content\/uploads\/2025\/04\/la-internacionalizacion-de-blangino-levanta-planta-en-chile-y-se-prepara-para-exportar-fabricas-llave-en-mano-12.jpg 768w, http:\/\/cordobadirecto.com\/wp-content\/uploads\/2025\/04\/la-internacionalizacion-de-blangino-levanta-planta-en-chile-y-se-prepara-para-exportar-fabricas-llave-en-mano-13.jpg 1024w, http:\/\/cordobadirecto.com\/wp-content\/uploads\/2025\/04\/la-internacionalizacion-de-blangino-levanta-planta-en-chile-y-se-prepara-para-exportar-fabricas-llave-en-mano-14.jpg 1365w, http:\/\/cordobadirecto.com\/wp-content\/uploads\/2025\/04\/la-internacionalizacion-de-blangino-levanta-planta-en-chile-y-se-prepara-para-exportar-fabricas-llave-en-mano-15.jpg 750w, http:\/\/cordobadirecto.com\/wp-content\/uploads\/2025\/04\/la-internacionalizacion-de-blangino-levanta-planta-en-chile-y-se-prepara-para-exportar-fabricas-llave-en-mano-16.jpg 1140w, http:\/\/cordobadirecto.com\/wp-content\/uploads\/2025\/04\/la-internacionalizacion-de-blangino-levanta-planta-en-chile-y-se-prepara-para-exportar-fabricas-llave-en-mano-17.jpg 1707w\" sizes=\"auto, (max-width: 683px) 100vw, 683px\">\n<\/p>\n<p><img loading=\"lazy\" decoding=\"async\" class=\"aligncenter wp-image-371665 size-full\" src=\"http:\/\/cordobadirecto.com\/wp-content\/uploads\/2025\/04\/la-internacionalizacion-de-blangino-levanta-planta-en-chile-y-se-prepara-para-exportar-fabricas-llave-en-mano-2.jpg\" alt width=\"716\" height=\"763\" srcset=\"http:\/\/cordobadirecto.com\/wp-content\/uploads\/2025\/04\/la-internacionalizacion-de-blangino-levanta-planta-en-chile-y-se-prepara-para-exportar-fabricas-llave-en-mano-2.jpg 716w, http:\/\/cordobadirecto.com\/wp-content\/uploads\/2025\/04\/la-internacionalizacion-de-blangino-levanta-planta-en-chile-y-se-prepara-para-exportar-fabricas-llave-en-mano-18.jpg 282w\" sizes=\"auto, (max-width: 716px) 100vw, 716px\">\n<\/p>\n<p><strong>Hacia Chile<\/strong>. \u201cTenemos todo un parque de maquinaria nueva, nos hab\u00eda llegado una pulidora nueva, y nos quedamos sin mercado. En paralelo, tenemos muchos mercados externos abiertos y ante el gran aumento de los costos en d\u00f3lares, adem\u00e1s de perderse la obra p\u00fablica en el mercado argentino peligraban los mercados externos abiertos. A fin de a\u00f1o pasado, por ejemplo, por la inflaci\u00f3n en d\u00f3lares y aumentos de m\u00e1s del 50% perdimos una obra grande en Santiago de Chile. Entonces se planti\u00e9 la idea de montar una l\u00ednea de producci\u00f3n en Santiago de Chile, un mercado muy interesante. Chile tiene menos de la mitad de personas que Argentina, unos 20 millones, y el mercado de mosaicos y baldosas es de un 70% respecto del mercado argentino, es decir, es un mercado muy grande en t\u00e9rminos de cantidad de m2 de mosaicos por habitante\u201d, detalla.\n<\/p>\n<p>En su consideraci\u00f3n, el de Chile un mercado muy maduro con una sola empresa concentrando el 85%. Ah\u00ed se propuso montar una l\u00ednea industrial persiguiendo 3 objetivos:\n<\/p>\n<p>-Atender un mercado maduro, para el que son especialistas.\n<\/p>\n<p>-Mantener los mercados abiertos y ser competitivos en precio. No solo porque producir hoy en Chile es m\u00e1s econ\u00f3mico, sino porque fabricar\u00edan al lado del puerto.\n<\/p>\n<p>-Desarrollar productos espec\u00edficos para la demanda concentrada de Chile y de otros pa\u00edses. Blangino es referente mundial en productos que pueden instalarse en hospitales, colegios, centros de salud, centros comerciales, paseos, entes gubernamentales. El tercer punto es montar una f\u00e1brica modelo que nos permita estandarizar el modelo productivo y que nos permita vender mosaicos en el mundo. La idea nuestra es montar la planta, modelizarla y vender la posibilidad de instalarla \u201cllave en mano\u201d, en otras partes del mundo.\n<\/p>\n<p><img loading=\"lazy\" decoding=\"async\" class=\"aligncenter wp-image-371666 size-large\" src=\"http:\/\/cordobadirecto.com\/wp-content\/uploads\/2025\/04\/la-internacionalizacion-de-blangino-levanta-planta-en-chile-y-se-prepara-para-exportar-fabricas-llave-en-mano-3.jpg\" alt width=\"1024\" height=\"681\" srcset=\"http:\/\/cordobadirecto.com\/wp-content\/uploads\/2025\/04\/la-internacionalizacion-de-blangino-levanta-planta-en-chile-y-se-prepara-para-exportar-fabricas-llave-en-mano-3.jpg 1024w, http:\/\/cordobadirecto.com\/wp-content\/uploads\/2025\/04\/la-internacionalizacion-de-blangino-levanta-planta-en-chile-y-se-prepara-para-exportar-fabricas-llave-en-mano-19.jpg 300w, http:\/\/cordobadirecto.com\/wp-content\/uploads\/2025\/04\/la-internacionalizacion-de-blangino-levanta-planta-en-chile-y-se-prepara-para-exportar-fabricas-llave-en-mano-20.jpg 768w, http:\/\/cordobadirecto.com\/wp-content\/uploads\/2025\/04\/la-internacionalizacion-de-blangino-levanta-planta-en-chile-y-se-prepara-para-exportar-fabricas-llave-en-mano-21.jpg 1536w, http:\/\/cordobadirecto.com\/wp-content\/uploads\/2025\/04\/la-internacionalizacion-de-blangino-levanta-planta-en-chile-y-se-prepara-para-exportar-fabricas-llave-en-mano-22.jpg 2048w, http:\/\/cordobadirecto.com\/wp-content\/uploads\/2025\/04\/la-internacionalizacion-de-blangino-levanta-planta-en-chile-y-se-prepara-para-exportar-fabricas-llave-en-mano-23.jpg 750w, http:\/\/cordobadirecto.com\/wp-content\/uploads\/2025\/04\/la-internacionalizacion-de-blangino-levanta-planta-en-chile-y-se-prepara-para-exportar-fabricas-llave-en-mano-24.jpg 1140w\" sizes=\"auto, (max-width: 1024px) 100vw, 1024px\"> <img loading=\"lazy\" decoding=\"async\" class=\"aligncenter wp-image-371667 size-large\" src=\"http:\/\/cordobadirecto.com\/wp-content\/uploads\/2025\/04\/la-internacionalizacion-de-blangino-levanta-planta-en-chile-y-se-prepara-para-exportar-fabricas-llave-en-mano-4.jpg\" alt width=\"1024\" height=\"684\" srcset=\"http:\/\/cordobadirecto.com\/wp-content\/uploads\/2025\/04\/la-internacionalizacion-de-blangino-levanta-planta-en-chile-y-se-prepara-para-exportar-fabricas-llave-en-mano-4.jpg 1024w, http:\/\/cordobadirecto.com\/wp-content\/uploads\/2025\/04\/la-internacionalizacion-de-blangino-levanta-planta-en-chile-y-se-prepara-para-exportar-fabricas-llave-en-mano-25.jpg 300w, http:\/\/cordobadirecto.com\/wp-content\/uploads\/2025\/04\/la-internacionalizacion-de-blangino-levanta-planta-en-chile-y-se-prepara-para-exportar-fabricas-llave-en-mano-26.jpg 768w, http:\/\/cordobadirecto.com\/wp-content\/uploads\/2025\/04\/la-internacionalizacion-de-blangino-levanta-planta-en-chile-y-se-prepara-para-exportar-fabricas-llave-en-mano-27.jpg 1536w, http:\/\/cordobadirecto.com\/wp-content\/uploads\/2025\/04\/la-internacionalizacion-de-blangino-levanta-planta-en-chile-y-se-prepara-para-exportar-fabricas-llave-en-mano-28.jpg 2048w, http:\/\/cordobadirecto.com\/wp-content\/uploads\/2025\/04\/la-internacionalizacion-de-blangino-levanta-planta-en-chile-y-se-prepara-para-exportar-fabricas-llave-en-mano-29.jpg 750w, http:\/\/cordobadirecto.com\/wp-content\/uploads\/2025\/04\/la-internacionalizacion-de-blangino-levanta-planta-en-chile-y-se-prepara-para-exportar-fabricas-llave-en-mano-30.jpg 1140w\" sizes=\"auto, (max-width: 1024px) 100vw, 1024px\">\n<\/p>\n<p><strong>El proyecto<\/strong>. La inversi\u00f3n para la nueva etapa y esta nueva f\u00e1brica de Blangino en Chile es de unos US$20 millones y demandar\u00e1 cerca de 1 a\u00f1o y medio.\n<\/p>\n<p>\u201cLa planta que tengo pensada all\u00e1 va a alcanzar los 600.000 m2 que nos permitir\u00eda tomar hasta el 30% del mercado inicialmente con la posibilidad de ampliarla al doble, es decir unos 1.2 millones al a\u00f1o y captar hasta 60% de ese mercado. En paralelo queremos mantener los mercados externos abiertos desde Argentina y crecer en esos mercados, fabricando m\u00e1s barato en d\u00f3lares (hoy es m\u00e1s barato fabricar en Chile)\u201d, dice G\u00f3mez.\n<\/p>\n<p>Y concluye: \u201cla estandarizaci\u00f3n de la l\u00ednea de producci\u00f3n de baldosas Blangino, apuntar\u00e1 a posicionarnos como el mayor know how del mundo. Si ese proceso lo logramos estandarizar en Chile, podemos salir a vender fabricas de mosaicos en el mundo\u201d, grafica.\n<\/p>\n<p>&nbsp;\n<\/p>\n<p>&nbsp;\n<\/p>\n<div class=\"g g-38\">\n<div class=\"g-dyn a-12 c-1\"><a class=\"gofollow\" data-track=\"MTIsMzgsMSw2MA==\" href=\"https:\/\/hospitalprivado.com.ar\/blog\/institucional\/somos-la-primera-institucion-del-interior-del-pais-en-acreditar-joint-commission-international.html\" target=\"_blank\" rel=\"noopener\"><img src=\"http:\/\/cordobadirecto.com\/wp-content\/uploads\/2025\/04\/la-internacionalizacion-de-blangino-levanta-planta-en-chile-y-se-prepara-para-exportar-fabricas-llave-en-mano.gif\" loading=\"lazy\"><\/a><\/div>\n<\/div>\n","protected":false},"excerpt":{"rendered":"<p>&nbsp; &nbsp; Por Jos\u00e9 Busaniche. El 2024 fue lapidario para la construcci\u00f3n en general, pero puntualmente para la obra p\u00fablica. Las empresas vinculadas al sector escucharon con preocupaci\u00f3n la decisi\u00f3n del presidente Javier Milei de congelar presupuestos y nuevos proyectos en esa materia. Y luego vieron como la amenaza se concretaba y las partidas dejaron [&hellip;]<\/p>\n","protected":false},"author":1,"featured_media":164160,"comment_status":"closed","ping_status":"closed","sticky":false,"template":"","format":"standard","meta":[],"categories":[25],"tags":[],"_links":{"self":[{"href":"http:\/\/cordobadirecto.com\/index.php\/wp-json\/wp\/v2\/posts\/164159"}],"collection":[{"href":"http:\/\/cordobadirecto.com\/index.php\/wp-json\/wp\/v2\/posts"}],"about":[{"href":"http:\/\/cordobadirecto.com\/index.php\/wp-json\/wp\/v2\/types\/post"}],"author":[{"embeddable":true,"href":"http:\/\/cordobadirecto.com\/index.php\/wp-json\/wp\/v2\/users\/1"}],"replies":[{"embeddable":true,"href":"http:\/\/cordobadirecto.com\/index.php\/wp-json\/wp\/v2\/comments?post=164159"}],"version-history":[{"count":0,"href":"http:\/\/cordobadirecto.com\/index.php\/wp-json\/wp\/v2\/posts\/164159\/revisions"}],"wp:featuredmedia":[{"embeddable":true,"href":"http:\/\/cordobadirecto.com\/index.php\/wp-json\/wp\/v2\/media\/164160"}],"wp:attachment":[{"href":"http:\/\/cordobadirecto.com\/index.php\/wp-json\/wp\/v2\/media?parent=164159"}],"wp:term":[{"taxonomy":"category","embeddable":true,"href":"http:\/\/cordobadirecto.com\/index.php\/wp-json\/wp\/v2\/categories?post=164159"},{"taxonomy":"post_tag","embeddable":true,"href":"http:\/\/cordobadirecto.com\/index.php\/wp-json\/wp\/v2\/tags?post=164159"}],"curies":[{"name":"wp","href":"https:\/\/api.w.org\/{rel}","templated":true}]}}