{"id":164192,"date":"2025-04-02T23:55:54","date_gmt":"2025-04-02T23:55:54","guid":{"rendered":"https:\/\/www.ole.com.ar\/autos\/franco-colapinto-forma-anti-sistema-bicho-raro-formula-1-pilotos-aburridos_0_YC2GJ7RKTR.html"},"modified":"2025-04-02T23:55:54","modified_gmt":"2025-04-02T23:55:54","slug":"entrevista-a-franco-colapinto-los-pilotos-son-cuadriculados","status":"publish","type":"post","link":"http:\/\/cordobadirecto.com\/index.php\/2025\/04\/02\/entrevista-a-franco-colapinto-los-pilotos-son-cuadriculados\/","title":{"rendered":"Entrevista a Franco Colapinto: &#8220;Los pilotos son cuadriculados&#8221;"},"content":{"rendered":"<p><time class=\"createDate\" datetime=\"2025-04-02T20:55:54-03:00\">02\/04\/2025 20:55hs.<\/time><\/p>\n<div id=\"storyBody\">\n<div class=\"custom-text \" readability=\"37\">\n<p>A <strong>Franco Colapinto<\/strong> se lo conoce en su faceta de piloto, <strong>pero tambi\u00e9n es modelo<\/strong>. La revista espa\u00f1ola Esquire lo denomin\u00f3 como <strong>&#8220;el nuevo chico de moda en la F\u00f3rmula 1&#8221;<\/strong> y se encarg\u00f3 de fotografiarlo con varios looks que se volvieron furor en las redes sociales. El argentino tambi\u00e9n dej\u00f3 varias declaraciones acerca de su presente como reserva de Alpine, se expres\u00f3 sobre sus mayores \u00eddolos y especialmente sobre el camino que recorri\u00f3 para llegar a la M\u00e1xima.<\/p>\n<\/div>\n<div class=\"custom-text \" readability=\"40\">\n<p>&#8220;<strong>Que Flavio (Briatore) haya visto ese algo en m\u00ed<\/strong>, d\u00e1ndome su confianza y poniendo tanto sobre la mesa para tenerme en el equipo, <strong>es un golpe de \u00e1nimo espectacular<\/strong>&#8220;, coment\u00f3 el pilarense, hablando del envi\u00f3n a su carrera que le dio el asesor principal del equipo franc\u00e9s, que se lo trajo de Williams.<\/p>\n<\/div>\n<div class=\"sc-e7b891c4-0 ifHnQL image-embed\"><img alt=\"El argentino y su peculiar manera de vivir.\" loading=\"lazy\" width=\"720\" height=\"100\" decoding=\"async\" data-nimg=\"1\" src=\"http:\/\/cordobadirecto.com\/wp-content\/uploads\/2025\/04\/entrevista-a-franco-colapinto-los-pilotos-son-cuadriculados.jpg\"><span class=\"epigraphe\">El argentino y su peculiar manera de vivir.<\/span><\/div>\n<div class=\"custom-text \" readability=\"41\">\n<p>Pero antes de Briatore existieron muchos personajes importantes en la historia del ascenso de Franco a la F\u00f3rmula 1. Primero, <strong>sus patrocinadores, que entre ellos se encuentra el reconocido productor argentino Bizarrap<\/strong>, hoy un \u00edntimo amigo suyo. &#8220;Est\u00e1 en mi lista de grandes mentores. <strong>Empez\u00f3 a ponerme en contacto con sponsors y a ayudarme a ciegas, sin casi conocerme<\/strong>. Nunca lo olvidar\u00e9. Si como artista es un n\u00famero uno, como persona es a\u00fan mejor&#8221;, dijo el piloto.<\/p>\n<\/div>\n<div class=\"custom-text \" readability=\"35\">\n<p>Hace bastante tiempo tambi\u00e9n lo acompa\u00f1a la firma de ropa Scalpers. &#8220;<strong>Fue la primera marca de moda que se me acerc\u00f3<\/strong> cuando a\u00fan corr\u00eda en F\u00f3rmula 4 en Drivex. <strong>Creyeron en m\u00ed desde que era un adolescente<\/strong>, y por eso me hace tanta ilusi\u00f3n repetir con ellos&#8221;.<\/p>\n<\/div>\n<div class=\"custom-text \" readability=\"37\">\n<p>A lo que a\u00f1adi\u00f3: \u201c<strong>Me gusta compartir mi estilo. Proyectarme cercano<\/strong> y, de alguna manera, transmitir a la gente que pueden lucir la misma ropa que yo. Lo m\u00edo con Scalpers es un trabajo que nunca sent\u00ed como tal. Son unos cracks. Hablamos de cosas, salimos a comer y encima me visten&#8221;.<\/p>\n<\/div>\n<div class=\"sc-e7b891c4-0 ifHnQL image-embed\"><img alt=\"Colapinto fue a una secci\u00f3n de fotos de la revista espa\u00f1ola Esquire y se sincer\u00f3.\" loading=\"lazy\" width=\"720\" height=\"100\" decoding=\"async\" data-nimg=\"1\" src=\"http:\/\/cordobadirecto.com\/wp-content\/uploads\/2025\/04\/entrevista-a-franco-colapinto-los-pilotos-son-cuadriculados-1.jpg\"><span class=\"epigraphe\">Colapinto fue a una secci\u00f3n de fotos de la revista espa\u00f1ola Esquire y se sincer\u00f3.<\/span><\/div>\n<div class=\"custom-text \" readability=\"38\">\n<p>La moda es una de las maneras en las que Colapinto se expone ante el mundo. La otra es mediante los medios y sus redes sociales, aunque a sus managers no les haga mucha gracia. <strong>Es algo que lo diferenci\u00f3 del resto de los pilotos y con lo que se gan\u00f3 el cari\u00f1o del p\u00fablico<\/strong>, aunque signific\u00f3 tambi\u00e9n un dolor de cabeza para su jefa de prensa. &#8220;Seguro que alguna pesadilla s\u00ed que tuvo conmigo&#8221;, brome\u00f3 el oriundo de Pilar.<\/p>\n<\/div>\n<div class=\"custom-text \" readability=\"41\">\n<p>&#8220;<strong>Los deportistas y los atletas son demasiado cuadriculados.<\/strong> Me acuerdo cuando ve\u00eda a los pilotos en las entrevistas y pensaba, qu\u00e9 aburrido, podr\u00edan contar algo distinto. Les guionizan lo que tienen que declarar y no salen de ah\u00ed. <strong>Entiendo que hay bastante presi\u00f3n<\/strong>, que existen penalizaciones y que nunca sabes d\u00f3nde van a llegar o c\u00f3mo se van a interpretar tus palabras, por eso estoy intentando volverme m\u00e1s comedido. <strong>Incluso asist\u00ed a clases de media training para aprender pautas de comunicaci\u00f3n, pero todav\u00eda no consigo ajustarme completamente al libreto que te indican<\/strong>&#8220;, coment\u00f3.<\/p>\n<\/div>\n<div class=\"custom-text \" readability=\"38\">\n<p>Adem\u00e1s, le preguntaron sobre sus mayores \u00eddolos del automovilismo, espec\u00edficamente por Fangio y Ayrton Senna, con el que varios notaron un parecido f\u00edsico. &#8220;<strong>Ambos son dos leyendas latinoamericanas<\/strong>. Es un orgullo que me relacionen f\u00edsicamente con \u00e9l (Senna). Fue el m\u00e1s grande de su \u00e9poca. <strong>De chico era mi referente y lo sigue siendo<\/strong>. Crec\u00ed leyendo libros y viendo pel\u00edculas sobre \u00e9l. Sufri\u00f3 infinitos altibajos y pele\u00f3 mucho para llegar hasta donde quer\u00eda. <strong>Su trayectoria es una aut\u00e9ntica lecci\u00f3n de vida<\/strong>&#8220;; remarc\u00f3.<\/p>\n<\/div>\n<div class=\"sc-a7166897-0 eoLsBE\" readability=\"6\">\n<section readability=\"2\"><picture><img alt=\"Habl\u00f3 Liam Lawson: todav\u00eda est\u00e1 en &quot;shock&quot; y no supera su salida de Red Bull\" loading=\"lazy\" width=\"290\" height=\"290\" decoding=\"async\" data-nimg=\"1\" src=\"http:\/\/cordobadirecto.com\/wp-content\/uploads\/2025\/04\/entrevista-a-franco-colapinto-los-pilotos-son-cuadriculados-2.jpg\"><\/picture>\n<p><span>Mir\u00e1 tambi\u00e9n<\/span><\/p>\n<hr>\n<h3>Habl\u00f3 Liam Lawson: todav\u00eda est\u00e1 en &#8220;shock&#8221; y no supera su salida de Red Bull<\/h3>\n<\/p>\n<\/section>\n<\/div>\n<div class=\"sc-a7166897-0 eoLsBE\" readability=\"6.5\">\n<section readability=\"3\"><picture><img alt=\"Revelan un impactante dise\u00f1o homenaje de Red Bull para el GP de Jap\u00f3n con gui\u00f1o a Tsunoda\" loading=\"lazy\" width=\"290\" height=\"290\" decoding=\"async\" data-nimg=\"1\" src=\"http:\/\/cordobadirecto.com\/wp-content\/uploads\/2025\/04\/entrevista-a-franco-colapinto-los-pilotos-son-cuadriculados-3.jpg\"><\/picture>\n<p><span>Mir\u00e1 tambi\u00e9n<\/span><\/p>\n<hr>\n<h3>Revelan un impactante dise\u00f1o homenaje de Red Bull para el GP de Jap\u00f3n con gui\u00f1o a Tsunoda<\/h3>\n<\/p>\n<\/section>\n<\/div>\n<div class=\"sc-a7166897-0 eoLsBE\" readability=\"6.5\">\n<section readability=\"3\"><picture><img alt=\"F1 en Jap\u00f3n: d\u00edas, horarios y d\u00f3nde ver por TV y online\" loading=\"lazy\" width=\"290\" height=\"290\" decoding=\"async\" data-nimg=\"1\" src=\"http:\/\/cordobadirecto.com\/wp-content\/uploads\/2025\/04\/entrevista-a-franco-colapinto-los-pilotos-son-cuadriculados-4.jpg\"><\/picture>\n<p><span>Mir\u00e1 tambi\u00e9n<\/span><\/p>\n<hr>\n<h3>F1 en Jap\u00f3n: d\u00edas, horarios y d\u00f3nde ver por TV y online<\/h3>\n<\/p>\n<\/section>\n<\/div>\n<\/div>\n","protected":false},"excerpt":{"rendered":"<p>02\/04\/2025 20:55hs. A Franco Colapinto se lo conoce en su faceta de piloto, pero tambi\u00e9n es modelo. La revista espa\u00f1ola Esquire lo denomin\u00f3 como &#8220;el nuevo chico de moda en la F\u00f3rmula 1&#8221; y se encarg\u00f3 de fotografiarlo con varios looks que se volvieron furor en las redes sociales. El argentino tambi\u00e9n dej\u00f3 varias declaraciones [&hellip;]<\/p>\n","protected":false},"author":1,"featured_media":164193,"comment_status":"closed","ping_status":"closed","sticky":false,"template":"","format":"standard","meta":[],"categories":[21],"tags":[],"_links":{"self":[{"href":"http:\/\/cordobadirecto.com\/index.php\/wp-json\/wp\/v2\/posts\/164192"}],"collection":[{"href":"http:\/\/cordobadirecto.com\/index.php\/wp-json\/wp\/v2\/posts"}],"about":[{"href":"http:\/\/cordobadirecto.com\/index.php\/wp-json\/wp\/v2\/types\/post"}],"author":[{"embeddable":true,"href":"http:\/\/cordobadirecto.com\/index.php\/wp-json\/wp\/v2\/users\/1"}],"replies":[{"embeddable":true,"href":"http:\/\/cordobadirecto.com\/index.php\/wp-json\/wp\/v2\/comments?post=164192"}],"version-history":[{"count":0,"href":"http:\/\/cordobadirecto.com\/index.php\/wp-json\/wp\/v2\/posts\/164192\/revisions"}],"wp:featuredmedia":[{"embeddable":true,"href":"http:\/\/cordobadirecto.com\/index.php\/wp-json\/wp\/v2\/media\/164193"}],"wp:attachment":[{"href":"http:\/\/cordobadirecto.com\/index.php\/wp-json\/wp\/v2\/media?parent=164192"}],"wp:term":[{"taxonomy":"category","embeddable":true,"href":"http:\/\/cordobadirecto.com\/index.php\/wp-json\/wp\/v2\/categories?post=164192"},{"taxonomy":"post_tag","embeddable":true,"href":"http:\/\/cordobadirecto.com\/index.php\/wp-json\/wp\/v2\/tags?post=164192"}],"curies":[{"name":"wp","href":"https:\/\/api.w.org\/{rel}","templated":true}]}}