{"id":164196,"date":"2025-04-03T13:38:38","date_gmt":"2025-04-03T13:38:38","guid":{"rendered":"https:\/\/www.ole.com.ar\/futbol-ascenso\/ascenso-primera-nacional-almirante-brown-erviti-tecnico_0_qr044JUPN3.html"},"modified":"2025-04-03T13:38:38","modified_gmt":"2025-04-03T13:38:38","slug":"bombazo-erviti-es-nuevo-tecnico-de-almirante-brown","status":"publish","type":"post","link":"http:\/\/cordobadirecto.com\/index.php\/2025\/04\/03\/bombazo-erviti-es-nuevo-tecnico-de-almirante-brown\/","title":{"rendered":"Bombazo: Erviti es nuevo t\u00e9cnico de Almirante Brown"},"content":{"rendered":"<p><time class=\"createDate\" datetime=\"2025-03-31T18:35:09-03:00\">31\/03\/2025 18:35hs.<\/time><\/p>\n<div id=\"storyBody\">\n<div class=\"custom-text \" readability=\"31.22695035461\">\n<p>Hab\u00eda que pegar el volantazo y as\u00ed lo entendi\u00f3 todo <a href=\"https:\/\/www.ole.com.ar\/tema\/almirante-brown.html\" title=\"Almirante Brown\" alt=\"Almirante Brown\" class=\"slug\">Almirante Brown<\/a>. El mal arranque de la Fragata en la <a href=\"https:\/\/www.ole.com.ar\/tema\/primera-nacional.html\" title=\"Primera Nacional\" alt=\"Primera Nacional\" class=\"slug\">Primera Nacional<\/a> se llev\u00f3 puesto el ciclo de Fabi\u00e1n Nardozza como entrenador, y, lejos de perder tiempo, <strong>la CD se movi\u00f3 r\u00e1pido y ya cerr\u00f3 al reemplazante: <a href=\"https:\/\/www.ole.com.ar\/tema\/water-erviti.html\" title=\"Water Erviti\" alt=\"Water Erviti\" class=\"slug\">Walter Erviti<\/a><\/strong>. <\/p>\n<\/div>\n<div class=\"custom-text \" readability=\"38.886597938144\">\n<p>S\u00ed, el ex volante creativo, que viene de un \u00faltimo paso como t\u00e9cnico en <a href=\"https:\/\/www.ole.com.ar\/tema\/belgrano-de-cordoba.html\" title=\"Belgrano de C\u00f3rdoba\" alt=\"Belgrano de C\u00f3rdoba\" class=\"slug\">Belgrano de C\u00f3rdoba<\/a>, se har\u00e1 cargo del plantel profesional. <strong>Una vez que se definan algunas cuestiones contractuales, estampar\u00e1 la firma<\/strong> en el conjunto de Isidro Casanova y arrancar\u00e1 a trabajar con un equipo que, a pesar de que el torneo arranc\u00f3 hace poco, est\u00e1 a un punto de la zona de descenso en su grupo.<\/p>\n<\/div>\n<div class=\"custom-text \" readability=\"41\">\n<p>Al mando del Pirata, <strong>Erviti estuvo tan solo cuatro partidos. Con un saldo de dos empates y misma cantidad de derrotas<\/strong>, su continuidad qued\u00f3 colgando de un hilo por los abucheos y c\u00e1nticos por parte de la gente. A pesar de que Luis Artime, presidente de Belgrano, confes\u00f3 estar &#8220;conforme con el trabajo de Walter&#8221;, su ciclo dur\u00f3 poco y nada. Ahora, tendr\u00e1 revancha en Almirante.<\/p>\n<\/div>\n<div class=\"sc-e7b891c4-0 ifHnQL image-embed\"><img alt=\"Erviti estuvo cuatro partidos en Belgrano: uno de ellos, contra el Racing de Costas (FTP CLARIN).\" loading=\"lazy\" width=\"720\" height=\"100\" decoding=\"async\" data-nimg=\"1\" src=\"http:\/\/cordobadirecto.com\/wp-content\/uploads\/2025\/04\/bombazo-erviti-es-nuevo-tecnico-de-almirante-brown.jpg\"><span class=\"epigraphe\">Erviti estuvo cuatro partidos en Belgrano: uno de ellos, contra el Racing de Costas (FTP CLARIN).<\/span><\/div>\n<p><h2><strong>La carrera de Erviti como t\u00e9cnico<\/strong><\/h2>\n<\/p>\n<div class=\"custom-text \" readability=\"39\">\n<p>Tras retirarse como futbolista profesional en Alvarado de Mar Del Plata, Erviti comenz\u00f3 a gestar su camino como entrenador, <strong>que comenz\u00f3 en Atlanta a principios de 2021<\/strong>. Tras un gran inicio de temporada, el equipo empez\u00f3 a perder nivel y qued\u00f3 lejos de los puestos de Reducido para pelear por un ascenso a la Liga Profesional. A\u00fan as\u00ed, le qued\u00f3 cr\u00e9dito para encarar el 2022.<\/p>\n<\/div>\n<div class=\"custom-text \" readability=\"40\">\n<p>En aquel a\u00f1o no se pudo acomodar y se fue a fines de abril, con un saldo total de <strong>12 victorias, 19 empates y 15 derrotas en 46 partidos<\/strong>. Tard\u00f3 un a\u00f1o y siete meses en volver a dirigir: sobre fines del 2023, firm\u00f3 en Audax Italiano de Chile, pero tan solo estuvo cuatro encuentros -un triunfo y tres ca\u00eddas-. Y tras el mencionado paso por Belgrano, ahora pega la vuelta al Ascenso argentino.<\/p>\n<\/div>\n<div class=\"sc-e7b891c4-0 ifHnQL image-embed\"><img alt=\"Erviti tendr\u00e1 un nuevo desaf\u00edo en el Ascenso al mando de Almirante (Foto: Atlanta).\" loading=\"lazy\" width=\"720\" height=\"100\" decoding=\"async\" data-nimg=\"1\" src=\"http:\/\/cordobadirecto.com\/wp-content\/uploads\/2025\/04\/bombazo-erviti-es-nuevo-tecnico-de-almirante-brown-1.jpg\"><span class=\"epigraphe\">Erviti tendr\u00e1 un nuevo desaf\u00edo en el Ascenso al mando de Almirante (Foto: Atlanta).<\/span><\/div>\n<p><h2><strong>El cl\u00e1sico en la mira<\/strong><\/h2>\n<\/p>\n<div class=\"custom-text \" readability=\"40\">\n<p>Pese a que, de movida, un cuerpo t\u00e9cnico interino (dupla de Rodrigo Alonso y Miguel Ben\u00edtez) se iba a hacer cargo del primer partido<strong>, la suspensi\u00f3n del cl\u00e1sico ante Nueva Chicago<\/strong> (por el fallecimiento de Pablo Olmos, vice 1\u00b0 del Torito) <strong>dio mayor margen de tiempo para moverse<\/strong>. A\u00fan as\u00ed, no ser\u00e1 la primera prueba de fuego que tendr\u00e1 Erviti con Almirante&#8230;<\/p>\n<\/div>\n<div class=\"custom-text \" readability=\"37\">\n<p>Claro, porque tal como hab\u00eda expresado el presidente Maximiliano Levy en Radio Universidad (&#8220;Espero tener al t\u00e9cnico para el partido en Salta&#8221;), <strong>el nuevo det\u00e9 tendr\u00e1 su debut justamente ante Central Norte<\/strong>, el pr\u00f3ximo domingo desde las 18. \u00bfEl cl\u00e1sico? a\u00fan sin fecha confirmada&#8230;<\/p>\n<\/div>\n<div class=\"sc-a7166897-0 eoLsBE\" readability=\"7.5\">\n<section readability=\"5\"><picture><img alt=\"Marcos D\u00edaz, autocr\u00edtico con su nivel: &quot;Cuando me equivoco, soy el primero en decirlo&quot;\" loading=\"lazy\" width=\"290\" height=\"290\" decoding=\"async\" data-nimg=\"1\" src=\"http:\/\/cordobadirecto.com\/wp-content\/uploads\/2025\/04\/bombazo-erviti-es-nuevo-tecnico-de-almirante-brown-2.jpg\"><\/picture>\n<p><span>Mir\u00e1 tambi\u00e9n<\/span><\/p>\n<hr>\n<h3>Marcos D\u00edaz, autocr\u00edtico con su nivel: &#8220;Cuando me equivoco, soy el primero en decirlo&#8221;<\/h3>\n<\/p>\n<\/section>\n<\/div>\n<div class=\"sc-a7166897-0 eoLsBE\" readability=\"6.5\">\n<section readability=\"3\"><picture><img alt=\"San Mart\u00edn de Tucum\u00e1n y Gimnasia de Mendoza, los l\u00edderes del Nacional\" loading=\"lazy\" width=\"290\" height=\"290\" decoding=\"async\" data-nimg=\"1\" src=\"http:\/\/cordobadirecto.com\/wp-content\/uploads\/2025\/04\/bombazo-erviti-es-nuevo-tecnico-de-almirante-brown-3.jpg\"><\/picture>\n<p><span>Mir\u00e1 tambi\u00e9n<\/span><\/p>\n<hr>\n<h3>San Mart\u00edn de Tucum\u00e1n y Gimnasia de Mendoza, los l\u00edderes del Nacional<\/h3>\n<\/p>\n<\/section>\n<\/div>\n<\/div>\n","protected":false},"excerpt":{"rendered":"<p>31\/03\/2025 18:35hs. Hab\u00eda que pegar el volantazo y as\u00ed lo entendi\u00f3 todo Almirante Brown. El mal arranque de la Fragata en la Primera Nacional se llev\u00f3 puesto el ciclo de Fabi\u00e1n Nardozza como entrenador, y, lejos de perder tiempo, la CD se movi\u00f3 r\u00e1pido y ya cerr\u00f3 al reemplazante: Walter Erviti. S\u00ed, el ex volante [&hellip;]<\/p>\n","protected":false},"author":1,"featured_media":164197,"comment_status":"closed","ping_status":"closed","sticky":false,"template":"","format":"standard","meta":[],"categories":[21],"tags":[],"_links":{"self":[{"href":"http:\/\/cordobadirecto.com\/index.php\/wp-json\/wp\/v2\/posts\/164196"}],"collection":[{"href":"http:\/\/cordobadirecto.com\/index.php\/wp-json\/wp\/v2\/posts"}],"about":[{"href":"http:\/\/cordobadirecto.com\/index.php\/wp-json\/wp\/v2\/types\/post"}],"author":[{"embeddable":true,"href":"http:\/\/cordobadirecto.com\/index.php\/wp-json\/wp\/v2\/users\/1"}],"replies":[{"embeddable":true,"href":"http:\/\/cordobadirecto.com\/index.php\/wp-json\/wp\/v2\/comments?post=164196"}],"version-history":[{"count":0,"href":"http:\/\/cordobadirecto.com\/index.php\/wp-json\/wp\/v2\/posts\/164196\/revisions"}],"wp:featuredmedia":[{"embeddable":true,"href":"http:\/\/cordobadirecto.com\/index.php\/wp-json\/wp\/v2\/media\/164197"}],"wp:attachment":[{"href":"http:\/\/cordobadirecto.com\/index.php\/wp-json\/wp\/v2\/media?parent=164196"}],"wp:term":[{"taxonomy":"category","embeddable":true,"href":"http:\/\/cordobadirecto.com\/index.php\/wp-json\/wp\/v2\/categories?post=164196"},{"taxonomy":"post_tag","embeddable":true,"href":"http:\/\/cordobadirecto.com\/index.php\/wp-json\/wp\/v2\/tags?post=164196"}],"curies":[{"name":"wp","href":"https:\/\/api.w.org\/{rel}","templated":true}]}}