{"id":164198,"date":"2025-04-02T18:31:18","date_gmt":"2025-04-02T18:31:18","guid":{"rendered":"https:\/\/es.digitaltrends.com\/?p=1066152"},"modified":"2025-04-02T18:31:18","modified_gmt":"2025-04-02T18:31:18","slug":"que-significa-la-nueva-sociedad-entre-la-ufc-y-meta","status":"publish","type":"post","link":"http:\/\/cordobadirecto.com\/index.php\/2025\/04\/02\/que-significa-la-nueva-sociedad-entre-la-ufc-y-meta\/","title":{"rendered":"\u00bfQu\u00e9 significa la nueva sociedad entre la UFC y Meta?"},"content":{"rendered":"<p>La <strong>UFC<\/strong> (Ultimate Fighting Championship), que es la organizaci\u00f3n de artes marciales mixtas (MMA) m\u00e1s grande y popular del mundo, acaba de firmar un patrocinio con <a href=\"https:\/\/es.digitaltrends.com\/computadoras\/echa-un-vistazo-al-plan-no-tan-astuto-de-meta-para-enfrentarse-a-chatgpt\/\" rel>Meta<\/a>, que podr\u00eda revolucionar a este deporte fundado en 1993 que re\u00fane a los mejores peleadores de distintas disciplinas como el boxeo, kickboxing, jiu-jitsu brasile\u00f1o, lucha ol\u00edmpica y muay thai, entre otras, para competir en combates dentro de un oct\u00e1gono.<\/p>\n<p>Meta se convertir\u00e1 en el \u00absocio oficial de tecnolog\u00eda para fan\u00e1ticos\u00bb de UFC y su marca aparecer\u00e1 en el anillo Octagon de UFC para eventos de pago por evento y \u00abFight Night\u00bb.<\/p>\n<p>\u00abMark y su equipo en Meta van a hacer cosas que dejar\u00e1n boquiabiertos a los fan\u00e1ticos de UFC\u00bb, dijo el presidente y director ejecutivo de UFC, Dana White, en un comunicado a la cadena estadounidense CNBC.<\/p>\n<h2 class=\"wp-block-heading\">\u00bfQu\u00e9 implica la sociedad entre la UFC y Meta?<\/h2>\n<figure data-wp-context=\"{&quot;uploadedSrc&quot;:&quot;https:\\\/\\\/es.digitaltrends.com\\\/wp-content\\\/uploads\\\/2022\\\/01\\\/masvidal-vs-usman-ufc-261.jpg&quot;,&quot;figureClassNames&quot;:&quot;wp-block-image size-large&quot;,&quot;figureStyles&quot;:null,&quot;imgClassNames&quot;:&quot;wp-image-914505&quot;,&quot;imgStyles&quot;:null,&quot;targetWidth&quot;:1920,&quot;targetHeight&quot;:1182,&quot;scaleAttr&quot;:false,&quot;ariaLabel&quot;:&quot;Enlarge image: Dos combatientes de la UFC pelean en el ring.&quot;,&quot;alt&quot;:&quot;Dos combatientes de la UFC pelean en el ring.&quot;}\" data-wp-interactive=\"core\/image\" class=\"wp-block-image size-large wp-lightbox-container\"><img decoding=\"async\" data-wp-init=\"callbacks.setButtonStyles\" data-wp-on-async--click=\"actions.showLightbox\" data-wp-on-async--load=\"callbacks.setButtonStyles\" data-wp-on-async-window--resize=\"callbacks.setButtonStyles\" src=\"http:\/\/cordobadirecto.com\/wp-content\/uploads\/2025\/04\/que-significa-la-nueva-sociedad-entre-la-ufc-y-meta.jpg\" alt=\"Dos combatientes de la UFC pelean en el ring.\" class=\"wp-image-914505\"><button class=\"lightbox-trigger\" type=\"button\" aria-haspopup=\"dialog\" aria-label=\"Enlarge image: Dos combatientes de la UFC pelean en el ring.\" data-wp-init=\"callbacks.initTriggerButton\" data-wp-on-async--click=\"actions.showLightbox\" data-wp-style--right=\"context.imageButtonRight\" data-wp-style--top=\"context.imageButtonTop\"> <svg width=\"12\" height=\"12\" fill=\"none\" viewBox=\"0 0 12 12\"> <path fill=\"#fff\" d=\"M2 0a2 2 0 0 0-2 2v2h1.5V2a.5.5 0 0 1 .5-.5h2V0H2Zm2 10.5H2a.5.5 0 0 1-.5-.5V8H0v2a2 2 0 0 0 2 2h2v-1.5ZM8 12v-1.5h2a.5.5 0 0 0 .5-.5V8H12v2a2 2 0 0 1-2 2H8Zm2-12a2 2 0 0 1 2 2v2h-1.5V2a.5.5 0 0 0-.5-.5H8V0h2Z\" \/> <\/svg> <\/button><figcaption id=\"caption-attachment-914505\" class=\"wp-caption-text\"><span class=\"text\">El nigeriano Kamaru Usman.<\/span> <span class=\"credit\">DTES<\/span><\/figcaption><\/figure>\n<p>La integraci\u00f3n de UFC con Meta abarcar\u00e1 toda la cartera de la compa\u00f1\u00eda, incluyendo Meta AI, Meta Glasses, Meta Quest, Facebook, Instagram, WhatsApp y Threads.&nbsp;<\/p>\n<p>\u00abMeta ser\u00e1 nuestro socio oficial de marketing, nuestro socio oficial de gafas de IA, nuestro socio oficial de wearables, un socio oficial de redes sociales\u00bb, dijo Grant Norris-Jones, jefe de asociaciones globales de TKO. \u00abEst\u00e1n haciendo una inversi\u00f3n significativa en nuestro ecosistema\u00bb.<\/p>\n<p>Threads, de Meta, contar\u00e1 con contenido exclusivo de UFC y se har\u00e1 referencia a \u00e9l en las transmisiones en vivo de UFC, dijo Norris-Jones. Ambas compa\u00f1\u00edas ya est\u00e1n trabajando en una serie de anuncios de seguimiento que llegar\u00e1n en los pr\u00f3ximos tres a nueve meses, incluidos m\u00e1s detalles sobre un nuevo sistema de clasificaci\u00f3n de luchadores de UFC que se basar\u00e1 en la tecnolog\u00eda de Meta.<\/p>\n<p>\u00abAmo este deporte y estoy ansioso por trabajar con UFC para permitir que los fan\u00e1ticos lo experimenten de nuevas maneras\u00bb, dijo <a href=\"https:\/\/es.digitaltrends.com\/tendencias\/de-que-hablaron-mark-zuckerberg-donald-trump\/\" rel>Mark Zuckerberg<\/a> en el comunicado a CNBC.<\/p>\n<p>De hecho, hay que recordar que la famosa pelea que iba a llevarse a cabo entre Zuckerberg y Elon Musk, ser\u00eda en la modalidad de UFC.<\/p>\n<p> <span id=\"publisher-md\" itemprop=\"publisher\" itemscope itemtype=\"https:\/\/schema.org\/Organization\"> <span itemprop=\"url\" itemtype=\"https:\/\/schema.org\/Url\" content=\"https:\/\/es.digitaltrends.com\"> <span itemprop=\"logo\" itemscope itemtype=\"https:\/\/schema.org\/ImageObject\"> <meta itemprop=\"url\" content=\"https:\/\/cdn.dtcn.com\/dt\/dt-logo-small.png\"> <meta itemprop=\"width\" content=\"0\"> <meta itemprop=\"height\" content=\"0\"> <\/span> <meta itemprop=\"name\" content=\"Digital Trends Espa\u00f1ol\"> <\/span> <span itemprop=\"image\" itemscope itemtype=\"https:\/\/schema.org\/ImageObject\"> <meta itemprop=\"url\" content=\"https:\/\/es.digitaltrends.com\/wp-content\/uploads\/2021\/09\/dustin-poirier-mcgregor.jpg?p=1\"> <\/span> <\/span> <\/p>\n","protected":false},"excerpt":{"rendered":"<p>La UFC (Ultimate Fighting Championship), que es la organizaci\u00f3n de artes marciales mixtas (MMA) m\u00e1s grande y popular del mundo, acaba de firmar un patrocinio con Meta, que podr\u00eda revolucionar a este deporte fundado en 1993 que re\u00fane a los mejores peleadores de distintas disciplinas como el boxeo, kickboxing, jiu-jitsu brasile\u00f1o, lucha ol\u00edmpica y muay [&hellip;]<\/p>\n","protected":false},"author":1,"featured_media":164199,"comment_status":"closed","ping_status":"closed","sticky":false,"template":"","format":"standard","meta":[],"categories":[21,26],"tags":[],"_links":{"self":[{"href":"http:\/\/cordobadirecto.com\/index.php\/wp-json\/wp\/v2\/posts\/164198"}],"collection":[{"href":"http:\/\/cordobadirecto.com\/index.php\/wp-json\/wp\/v2\/posts"}],"about":[{"href":"http:\/\/cordobadirecto.com\/index.php\/wp-json\/wp\/v2\/types\/post"}],"author":[{"embeddable":true,"href":"http:\/\/cordobadirecto.com\/index.php\/wp-json\/wp\/v2\/users\/1"}],"replies":[{"embeddable":true,"href":"http:\/\/cordobadirecto.com\/index.php\/wp-json\/wp\/v2\/comments?post=164198"}],"version-history":[{"count":0,"href":"http:\/\/cordobadirecto.com\/index.php\/wp-json\/wp\/v2\/posts\/164198\/revisions"}],"wp:featuredmedia":[{"embeddable":true,"href":"http:\/\/cordobadirecto.com\/index.php\/wp-json\/wp\/v2\/media\/164199"}],"wp:attachment":[{"href":"http:\/\/cordobadirecto.com\/index.php\/wp-json\/wp\/v2\/media?parent=164198"}],"wp:term":[{"taxonomy":"category","embeddable":true,"href":"http:\/\/cordobadirecto.com\/index.php\/wp-json\/wp\/v2\/categories?post=164198"},{"taxonomy":"post_tag","embeddable":true,"href":"http:\/\/cordobadirecto.com\/index.php\/wp-json\/wp\/v2\/tags?post=164198"}],"curies":[{"name":"wp","href":"https:\/\/api.w.org\/{rel}","templated":true}]}}