{"id":164210,"date":"2025-04-03T22:26:56","date_gmt":"2025-04-03T22:26:56","guid":{"rendered":"https:\/\/cordoba.gob.ar\/?p=76514"},"modified":"2025-04-03T22:26:56","modified_gmt":"2025-04-03T22:26:56","slug":"passerini-participo-de-la-inauguracion-de-la-nueva-sede-y-central-de-monitoreo-de-la-daia-filial-cordoba","status":"publish","type":"post","link":"http:\/\/cordobadirecto.com\/index.php\/2025\/04\/03\/passerini-participo-de-la-inauguracion-de-la-nueva-sede-y-central-de-monitoreo-de-la-daia-filial-cordoba\/","title":{"rendered":"Passerini particip\u00f3 de la inauguraci\u00f3n de la nueva sede y Central de Monitoreo de la DAIA filial C\u00f3rdoba"},"content":{"rendered":"<div><img src=\"http:\/\/cordobadirecto.com\/wp-content\/uploads\/2025\/04\/passerini-participo-de-la-inauguracion-de-la-nueva-sede-y-central-de-monitoreo-de-la-daia-filial-cordoba.jpg\" class=\"ff-og-image-inserted\"><\/div>\n<ul>\n<li data-prosemirror-content-type=\"node\" data-prosemirror-node-name=\"paragraph\" data-prosemirror-node-block=\"true\"><strong><strong>Desde el centro de monitoreo de seguridad se trabajar\u00e1 junto a la Guardia Urbana Municipal y la Polic\u00eda de C\u00f3rdoba.<\/strong><\/strong><br \/>\n<hr>\n<\/li>\n<\/ul>\n<p data-prosemirror-content-type=\"node\" data-prosemirror-node-name=\"paragraph\" data-prosemirror-node-block=\"true\">El intendente Daniel Passerini particip\u00f3 de la inauguraci\u00f3n de la Sala de Reuniones Institucional y la Central de Monitoreo de la Delegaci\u00f3n de Asociaciones Israelitas Argentinas (DAIA).<\/p>\n<p data-prosemirror-content-type=\"node\" data-prosemirror-node-name=\"paragraph\" data-prosemirror-node-block=\"true\">Respecto al gran proyecto de la comunidad jud\u00eda en C\u00f3rdoba el intendente Daniel Passerini remarc\u00f3: <em>\u201cEstamos en una ciudad y en una provincia que es orgullosamente federal y en una comunidad que trabaja con esos valores, de resguardar lo m\u00e1s importante que tiene toda la comunidad que son las personas y resguardar la paz: que la violencia, el odio social y el antisemitismo no penetren en nuestra comunidad.\u201d<\/em><\/p>\n<p data-prosemirror-content-type=\"node\" data-prosemirror-node-name=\"paragraph\" data-prosemirror-node-block=\"true\">La nueva Central de Monitoreo vigilar\u00e1 a las instituciones pertenecientes a la comunidad en la ciudad de C\u00f3rdoba y a instituciones ubicadas en el interior de la provincia. Desde la sala de monitoreo se trabajar\u00e1 en forma conjunta con la Polic\u00eda de C\u00f3rdoba y la Guardia Urbana Municipal.<\/p>\n<p data-prosemirror-content-type=\"node\" data-prosemirror-node-name=\"paragraph\" data-prosemirror-node-block=\"true\"><em>\u201cNosotros solos no nos podemos cuidar, no podemos luchar contra el antisemitismo y para eso trabajamos con todos los estamentos. Sin la articulaci\u00f3n del gobierno provincial y municipal no se puede hacer esto. Sin las fuerzas policiales, sin la Guardia Urbana, esto no puede ser posible. Que los j\u00f3venes y nosotros podamos tener una vida jud\u00eda digna en C\u00f3rdoba es porque trabajamos mancomunadamente con ellos\u201d<\/em>, destac\u00f3 Adri\u00e1n Ganzburg.<\/p>\n<p data-prosemirror-content-type=\"node\" data-prosemirror-node-name=\"paragraph\" data-prosemirror-node-block=\"true\">La ceremonia inaugural cont\u00f3 con la presencia de la vicegobernadora Myrian Prunotto, el presidente de la DAIA central Mauro Berenstein , miembros del gabinete provincial y municipal, legisladores, diputados, autoridades de la Polic\u00eda de C\u00f3rdoba y l\u00edderes de la comunidad jud\u00eda.<\/p>\n<p data-prosemirror-content-type=\"node\" data-prosemirror-node-name=\"paragraph\" data-prosemirror-node-block=\"true\">La nueva sede de la DAIA se encuentra dentro de la Instituci\u00f3n social, cultural y deportiva Macabi Noar, ubicada en Av. Duarte Quir\u00f3s 4875.<\/p>\n","protected":false},"excerpt":{"rendered":"<p>Desde el centro de monitoreo de seguridad se trabajar\u00e1 junto a la Guardia Urbana Municipal y la Polic\u00eda de C\u00f3rdoba. El intendente Daniel Passerini particip\u00f3 de la inauguraci\u00f3n de la Sala de Reuniones Institucional y la Central de Monitoreo de la Delegaci\u00f3n de Asociaciones Israelitas Argentinas (DAIA). Respecto al gran proyecto de la comunidad jud\u00eda [&hellip;]<\/p>\n","protected":false},"author":1,"featured_media":164211,"comment_status":"closed","ping_status":"closed","sticky":false,"template":"","format":"standard","meta":[],"categories":[44],"tags":[],"_links":{"self":[{"href":"http:\/\/cordobadirecto.com\/index.php\/wp-json\/wp\/v2\/posts\/164210"}],"collection":[{"href":"http:\/\/cordobadirecto.com\/index.php\/wp-json\/wp\/v2\/posts"}],"about":[{"href":"http:\/\/cordobadirecto.com\/index.php\/wp-json\/wp\/v2\/types\/post"}],"author":[{"embeddable":true,"href":"http:\/\/cordobadirecto.com\/index.php\/wp-json\/wp\/v2\/users\/1"}],"replies":[{"embeddable":true,"href":"http:\/\/cordobadirecto.com\/index.php\/wp-json\/wp\/v2\/comments?post=164210"}],"version-history":[{"count":0,"href":"http:\/\/cordobadirecto.com\/index.php\/wp-json\/wp\/v2\/posts\/164210\/revisions"}],"wp:featuredmedia":[{"embeddable":true,"href":"http:\/\/cordobadirecto.com\/index.php\/wp-json\/wp\/v2\/media\/164211"}],"wp:attachment":[{"href":"http:\/\/cordobadirecto.com\/index.php\/wp-json\/wp\/v2\/media?parent=164210"}],"wp:term":[{"taxonomy":"category","embeddable":true,"href":"http:\/\/cordobadirecto.com\/index.php\/wp-json\/wp\/v2\/categories?post=164210"},{"taxonomy":"post_tag","embeddable":true,"href":"http:\/\/cordobadirecto.com\/index.php\/wp-json\/wp\/v2\/tags?post=164210"}],"curies":[{"name":"wp","href":"https:\/\/api.w.org\/{rel}","templated":true}]}}