{"id":164215,"date":"2025-04-03T21:44:08","date_gmt":"2025-04-03T21:44:08","guid":{"rendered":"https:\/\/es.digitaltrends.com\/?p=1066279"},"modified":"2025-04-03T21:44:08","modified_gmt":"2025-04-03T21:44:08","slug":"ben-affleck-y-jon-bernthal-interpretan-a-hermanos-reunidos-en-the-accountant-2","status":"publish","type":"post","link":"http:\/\/cordobadirecto.com\/index.php\/2025\/04\/03\/ben-affleck-y-jon-bernthal-interpretan-a-hermanos-reunidos-en-the-accountant-2\/","title":{"rendered":"Ben Affleck y Jon Bernthal interpretan a hermanos reunidos en The Accountant 2"},"content":{"rendered":"<p><strong>Ben Affleck <\/strong>y Jon Bernthal forman un equipo fraternal en el tr\u00e1iler de&nbsp;<strong><em>The Accountant 2.<\/em><\/strong><\/p>\n<p>Despu\u00e9s de los eventos de&nbsp;<a href=\"https:\/\/es.digitaltrends.com\/entretenimiento\/3-peliculas-infravaloradas-en-amazon-prime-video-que-debes-ver-en-abril-de-2025\/\" rel>The Accountant<\/a>, Christian Wolff (Affleck) contin\u00faa viajando por el pa\u00eds mientras vive en su remolque de Airstream. Christian incluso intenta citas r\u00e1pidas, aunque eso no sale tan bien. Christian, tambi\u00e9n conocido como El Contador, todav\u00eda usa su genio matem\u00e1tico para lavar dinero para algunos de los principales criminales del mundo.<\/p>\n<p>Raymond King (J.K. Simmons), el antiguo contacto de Christian en el Departamento del Tesoro, es tr\u00e1gicamente asesinado. Mientras examinaba el cuerpo, King ten\u00eda escrito en su brazo la frase \u00abEncuentre al contador\u00bb. La subdirectora del Tesoro de los Estados Unidos, Marybeth Medina (Cynthia Addai-Robinson), recluta a Christian para investigar el asesinato de King y encontrar a los asesinos.<\/p>\n<p>Este caso no se puede resolver estrictamente con n\u00fameros. Christian necesita m\u00e1s m\u00fasculo. Entra en escena su hermano, Braxton (Jon Bernthal), un mercenario altamente entrenado. Juntos, los hermanos descubren una red de asesinos a los que hay que detener. El tr\u00e1iler lleno de acci\u00f3n termina con Christian y Brax ejecutando una emboscada de dos hombres mientras matan a todos a su paso.<\/p>\n<p>Daniella Pineda y Allison Robertson tambi\u00e9n protagonizan la pel\u00edcula.<\/p>\n<figure data-wp-context=\"{&quot;uploadedSrc&quot;:&quot;https:\\\/\\\/es.digitaltrends.com\\\/wp-content\\\/uploads\\\/2025\\\/04\\\/The-Accountant-2.jpeg&quot;,&quot;figureClassNames&quot;:&quot;wp-block-image size-large&quot;,&quot;figureStyles&quot;:null,&quot;imgClassNames&quot;:&quot;wp-image-1066280&quot;,&quot;imgStyles&quot;:null,&quot;targetWidth&quot;:1130,&quot;targetHeight&quot;:734,&quot;scaleAttr&quot;:false,&quot;ariaLabel&quot;:&quot;Enlarge image: The Accountant 2&quot;,&quot;alt&quot;:&quot;The Accountant 2&quot;}\" data-wp-interactive=\"core\/image\" class=\"wp-block-image size-large wp-lightbox-container\"><img fetchpriority=\"high\" decoding=\"async\" data-wp-init=\"callbacks.setButtonStyles\" data-wp-on-async--click=\"actions.showLightbox\" data-wp-on-async--load=\"callbacks.setButtonStyles\" data-wp-on-async-window--resize=\"callbacks.setButtonStyles\" src=\"http:\/\/cordobadirecto.com\/wp-content\/uploads\/2025\/04\/ben-affleck-y-jon-bernthal-interpretan-a-hermanos-reunidos-en-the-accountant-2.jpg\" alt=\"The Accountant 2\" class=\"wp-image-1066280\"><button class=\"lightbox-trigger\" type=\"button\" aria-haspopup=\"dialog\" aria-label=\"Enlarge image: The Accountant 2\" data-wp-init=\"callbacks.initTriggerButton\" data-wp-on-async--click=\"actions.showLightbox\" data-wp-style--right=\"context.imageButtonRight\" data-wp-style--top=\"context.imageButtonTop\"> <svg width=\"12\" height=\"12\" fill=\"none\" viewBox=\"0 0 12 12\"> <path fill=\"#fff\" d=\"M2 0a2 2 0 0 0-2 2v2h1.5V2a.5.5 0 0 1 .5-.5h2V0H2Zm2 10.5H2a.5.5 0 0 1-.5-.5V8H0v2a2 2 0 0 0 2 2h2v-1.5ZM8 12v-1.5h2a.5.5 0 0 0 .5-.5V8H12v2a2 2 0 0 1-2 2H8Zm2-12a2 2 0 0 1 2 2v2h-1.5V2a.5.5 0 0 0-.5-.5H8V0h2Z\" \/> <\/svg> <\/button><figcaption id=\"caption-attachment-1066280\" class=\"wp-caption-text\"><span class=\"credit\">DTES<\/span><\/figcaption><\/figure>\n<p>Gavin O\u2019Connor vuelve a dirigir&nbsp;<em>The Accountant 2&nbsp;<\/em>a partir de un gui\u00f3n de Bill Dubuque. O\u2019Connor y&nbsp;Affleck&nbsp;han colaborado en tres pel\u00edculas:&nbsp;<em>The Accountant, The Way Back&nbsp;<\/em>y&nbsp;<em>The Accountant<\/em>&nbsp;<em>2<\/em>.<\/p>\n<p>Estrenada en 2016,&nbsp;<em>The Accountant&nbsp;<\/em>fue un \u00e9xito sorpresa, recaudando m\u00e1s de 155 millones de d\u00f3lares con un presupuesto de 44 millones.<\/p>\n<p>Amazon MGM Studios estrenar\u00e1&nbsp;<em>The Accountant 2&nbsp;<\/em>en cines el 25 de abril de 2025. Los fan\u00e1ticos pueden ver la pel\u00edcula temprano el 15 de abril con proyecciones exclusivas del D\u00eda de los Impuestos en Estados Unidos. Las entradas ya est\u00e1n disponibles en&nbsp;<a rel=\"sponsored noreferrer noopener\" href=\"https:\/\/www.amazon.com\/salp\/theaccountant2?hf&amp;tag=undefined\" target=\"_blank\">la web oficial de la pel\u00edcula.<\/a><\/p>\n<p> <span id=\"publisher-md\" itemprop=\"publisher\" itemscope itemtype=\"https:\/\/schema.org\/Organization\"> <span itemprop=\"url\" itemtype=\"https:\/\/schema.org\/Url\" content=\"https:\/\/es.digitaltrends.com\"> <span itemprop=\"logo\" itemscope itemtype=\"https:\/\/schema.org\/ImageObject\"> <meta itemprop=\"url\" content=\"https:\/\/cdn.dtcn.com\/dt\/dt-logo-small.png\"> <meta itemprop=\"width\" content=\"0\"> <meta itemprop=\"height\" content=\"0\"> <\/span> <meta itemprop=\"name\" content=\"Digital Trends Espa\u00f1ol\"> <\/span> <span itemprop=\"image\" itemscope itemtype=\"https:\/\/schema.org\/ImageObject\"> <meta itemprop=\"url\" content=\"https:\/\/es.digitaltrends.com\/wp-content\/uploads\/2025\/04\/The-Accountant-2.jpeg?p=1\"> <\/span> <\/span> <\/p>\n","protected":false},"excerpt":{"rendered":"<p>Ben Affleck y Jon Bernthal forman un equipo fraternal en el tr\u00e1iler de&nbsp;The Accountant 2. Despu\u00e9s de los eventos de&nbsp;The Accountant, Christian Wolff (Affleck) contin\u00faa viajando por el pa\u00eds mientras vive en su remolque de Airstream. Christian incluso intenta citas r\u00e1pidas, aunque eso no sale tan bien. Christian, tambi\u00e9n conocido como El Contador, todav\u00eda usa [&hellip;]<\/p>\n","protected":false},"author":1,"featured_media":164216,"comment_status":"closed","ping_status":"closed","sticky":false,"template":"","format":"standard","meta":[],"categories":[18],"tags":[],"_links":{"self":[{"href":"http:\/\/cordobadirecto.com\/index.php\/wp-json\/wp\/v2\/posts\/164215"}],"collection":[{"href":"http:\/\/cordobadirecto.com\/index.php\/wp-json\/wp\/v2\/posts"}],"about":[{"href":"http:\/\/cordobadirecto.com\/index.php\/wp-json\/wp\/v2\/types\/post"}],"author":[{"embeddable":true,"href":"http:\/\/cordobadirecto.com\/index.php\/wp-json\/wp\/v2\/users\/1"}],"replies":[{"embeddable":true,"href":"http:\/\/cordobadirecto.com\/index.php\/wp-json\/wp\/v2\/comments?post=164215"}],"version-history":[{"count":0,"href":"http:\/\/cordobadirecto.com\/index.php\/wp-json\/wp\/v2\/posts\/164215\/revisions"}],"wp:featuredmedia":[{"embeddable":true,"href":"http:\/\/cordobadirecto.com\/index.php\/wp-json\/wp\/v2\/media\/164216"}],"wp:attachment":[{"href":"http:\/\/cordobadirecto.com\/index.php\/wp-json\/wp\/v2\/media?parent=164215"}],"wp:term":[{"taxonomy":"category","embeddable":true,"href":"http:\/\/cordobadirecto.com\/index.php\/wp-json\/wp\/v2\/categories?post=164215"},{"taxonomy":"post_tag","embeddable":true,"href":"http:\/\/cordobadirecto.com\/index.php\/wp-json\/wp\/v2\/tags?post=164215"}],"curies":[{"name":"wp","href":"https:\/\/api.w.org\/{rel}","templated":true}]}}