{"id":16424,"date":"2021-08-31T22:25:39","date_gmt":"2021-08-31T22:25:39","guid":{"rendered":"https:\/\/www.cordoba.gob.ar\/?p=12837"},"modified":"2021-08-31T22:25:39","modified_gmt":"2021-08-31T22:25:39","slug":"comienzan-las-capacitaciones-gratuitas-en-herramientas-digitales-para-proyectos-o-emprendimientos-creativos","status":"publish","type":"post","link":"http:\/\/cordobadirecto.com\/index.php\/2021\/08\/31\/comienzan-las-capacitaciones-gratuitas-en-herramientas-digitales-para-proyectos-o-emprendimientos-creativos\/","title":{"rendered":"Comienzan las capacitaciones gratuitas en Herramientas Digitales para proyectos o emprendimientos creativos"},"content":{"rendered":"<div><img src=\"http:\/\/cordobadirecto.com\/wp-content\/uploads\/2021\/09\/comienzan-las-capacitaciones-gratuitas-en-herramientas-digitales-para-proyectos-o-emprendimientos-creativos.jpg\" class=\"ff-og-image-inserted\"><\/div>\n<ul>\n<li><strong>El ciclo es virtual y con certificaci\u00f3n oficial, para personas trabajadoras de la cultura.<\/strong><\/li>\n<li><strong>Es el m\u00f3dulo avanzado del programa EnRed.<\/strong><\/li>\n<li><strong>Las inscripciones se realizan a trav\u00e9s de este <a href=\"https:\/\/bit.ly\/EnRed2021Av\">formulario.<\/a><\/strong><\/li>\n<\/ul>\n<hr>\n<p>Desde el mi\u00e9rcoles 1\u00b0 de septiembre la comunidad cultural cordobesa contar\u00e1 con una nueva propuesta de formaci\u00f3n gratuita en \u201cHerramientas Digitales para el desarrollo de proyectos o emprendimientos creativos\u201d.<\/p>\n<p>Se trata del m\u00f3dulo avanzado del Programa EnRed, organizado por la Subsecretar\u00eda de Cultura de la Municipalidad de C\u00f3rdoba junto a la Universidad Tecnol\u00f3gica Nacional (UTN), y el Laboratorio de Innovaci\u00f3n de la Municipalidad de C\u00f3rdoba (CORLAB).<\/p>\n<p>Las clases ser\u00e1n virtuales a trav\u00e9s de la plataforma Zoom, con acceso gratuito y cupo limitado.<\/p>\n<p>Se dictar\u00e1n los m\u00f3dulos los d\u00edas mi\u00e9rcoles hasta el 6 de octubre, y los ejes tem\u00e1ticos a capacitar son:<\/p>\n<p><strong>PROGRAMA EnRed<\/strong><\/p>\n<p>SEPTIEMBRE<br \/>Mi\u00e9rcoles 1<br \/>Identificaci\u00f3n y gesti\u00f3n de tipos de p\u00fablico. Customer Journey Map<\/p>\n<p>Mi\u00e9rcoles 8<br \/>Email Marketing. Sistemas de env\u00edo masivo de emails. Ejemplos: Sending Blue. Mailchimp.<\/p>\n<p>Mi\u00e9rcoles 15<br \/>Redes Sociales. C\u00f3mo comunicar tu emprendimiento.<\/p>\n<p>Mi\u00e9rcoles 22<br \/>Ads. Publicidad. C\u00f3mo analizar tus campa\u00f1as.<\/p>\n<p>Mi\u00e9rcoles 29<br \/>Protecci\u00f3n de propiedad intelectual. Derechos de Autor. Registro de Marca.<\/p>\n<p>OCTUBRE<br \/>Mi\u00e9rcoles 6<br \/>Examen de certificaci\u00f3n.<\/p>\n<p>Sobre En Red<br \/>El programa recrea, desde el 2020, m\u00f3dulos de cursado breve y secuenciados (contenidos b\u00e1sicos, intermedios y avanzados) para personas trabajadoras de la cultura y tambi\u00e9n para p\u00fablico general.<\/p>\n<p>En este sentido, parte de reconocer las particularidades del campo cultural y tambi\u00e9n de los modos de trabajar y relacionarse que nos hereda la pandemia por COVID. Adem\u00e1s, la necesidad de herramientas digitales surgi\u00f3 desde la propia comunidad cultural, a trav\u00e9s de la encuesta general realizada por la Subsecretar\u00eda de Cultura el a\u00f1o pasado.<\/p>\n","protected":false},"excerpt":{"rendered":"<p>El ciclo es virtual y con certificaci\u00f3n oficial, para personas trabajadoras de la cultura. Es el m\u00f3dulo avanzado del programa EnRed. Las inscripciones se realizan a trav\u00e9s de este formulario. Desde el mi\u00e9rcoles 1\u00b0 de septiembre la comunidad cultural cordobesa contar\u00e1 con una nueva propuesta de formaci\u00f3n gratuita en \u201cHerramientas Digitales para el desarrollo de [&hellip;]<\/p>\n","protected":false},"author":1,"featured_media":16425,"comment_status":"closed","ping_status":"closed","sticky":false,"template":"","format":"standard","meta":[],"categories":[44],"tags":[],"_links":{"self":[{"href":"http:\/\/cordobadirecto.com\/index.php\/wp-json\/wp\/v2\/posts\/16424"}],"collection":[{"href":"http:\/\/cordobadirecto.com\/index.php\/wp-json\/wp\/v2\/posts"}],"about":[{"href":"http:\/\/cordobadirecto.com\/index.php\/wp-json\/wp\/v2\/types\/post"}],"author":[{"embeddable":true,"href":"http:\/\/cordobadirecto.com\/index.php\/wp-json\/wp\/v2\/users\/1"}],"replies":[{"embeddable":true,"href":"http:\/\/cordobadirecto.com\/index.php\/wp-json\/wp\/v2\/comments?post=16424"}],"version-history":[{"count":0,"href":"http:\/\/cordobadirecto.com\/index.php\/wp-json\/wp\/v2\/posts\/16424\/revisions"}],"wp:featuredmedia":[{"embeddable":true,"href":"http:\/\/cordobadirecto.com\/index.php\/wp-json\/wp\/v2\/media\/16425"}],"wp:attachment":[{"href":"http:\/\/cordobadirecto.com\/index.php\/wp-json\/wp\/v2\/media?parent=16424"}],"wp:term":[{"taxonomy":"category","embeddable":true,"href":"http:\/\/cordobadirecto.com\/index.php\/wp-json\/wp\/v2\/categories?post=16424"},{"taxonomy":"post_tag","embeddable":true,"href":"http:\/\/cordobadirecto.com\/index.php\/wp-json\/wp\/v2\/tags?post=16424"}],"curies":[{"name":"wp","href":"https:\/\/api.w.org\/{rel}","templated":true}]}}