{"id":164289,"date":"2025-04-05T10:50:43","date_gmt":"2025-04-05T10:50:43","guid":{"rendered":"https:\/\/www.ole.com.ar\/autos\/gran-premio-japon-banderas-rojas-qualy-practica-libre_0_pGElyqBW7h.html"},"modified":"2025-04-05T10:50:43","modified_gmt":"2025-04-05T10:50:43","slug":"por-que-hubo-tantas-banderas-rojas-en-la-tercera-practica-libre-y-la-qualy-del-gran-premio-de-japon","status":"publish","type":"post","link":"http:\/\/cordobadirecto.com\/index.php\/2025\/04\/05\/por-que-hubo-tantas-banderas-rojas-en-la-tercera-practica-libre-y-la-qualy-del-gran-premio-de-japon\/","title":{"rendered":"Por qu\u00e9 hubo tantas banderas rojas en la tercera pr\u00e1ctica libre y la qualy del Gran Premio de Jap\u00f3n"},"content":{"rendered":"<p><time class=\"createDate\" datetime=\"2025-04-05T07:50:43-03:00\">05\/04\/2025 07:50hs.<\/time><\/p>\n<div id=\"storyBody\">\n<div class=\"custom-text \" readability=\"31.5\">\n<p>El <strong><a href=\"https:\/\/www.ole.com.ar\/autos\/f1-formula-1-japon-dias-horarios-ver-tv-online_0_YMo1wVkmky.html\" target=\"_blank\" title=\"Gran Premio de Jap\u00f3n\" alt=\"Gran Premio de Jap\u00f3n\" rel=\"noopener\">Gran Premio de Jap\u00f3n<\/a><\/strong> empez\u00f3 contrariado, no solo por el gran accidente que protagoniz\u00f3 <strong><a href=\"https:\/\/www.ole.com.ar\/autos\/reaccion-jack-doohan-clasificacion-f1-formula-1-japon-dimos-buen-paso-alpine_0_tw0ZcxxlR0.html\" target=\"_blank\" title=\"Jack Doohan\" alt=\"Jack Doohan\" rel=\"noopener\">Jack Doohan<\/a><\/strong> en la segunda pr\u00e1ctica, sino porque entre la tercera libre y la qualy hubo m\u00e1s de cuatro banderas rojas que interrumpieron el trabajo de los pilotos.<\/p>\n<\/div>\n<div class=\"custom-text \" readability=\"37\">\n<p>La suspensi\u00f3n moment\u00e1nea de la actividad estuvo vinculada a <strong>incendios en distintos sectores de la pista<\/strong>. Seg\u00fan explicaron los especialistas, las chispas que producen los autos cuando van a mucha velocidad caen sobre el pasto y provocan el fuego, situaci\u00f3n que obliga a los corredores a detenerse por seguridad.<\/p>\n<\/div>\n<div class=\"custom-text \" readability=\"37\">\n<p>M\u00e1s all\u00e1 de haber generado inconvenientes menores, la falta de ritmo se notar\u00e1 en la carrera del domingo, donde muchos temen que vuelva a suceder lo mismo. Sin embargo, la <strong>FIA <\/strong>se comprometi\u00f3 a tomar medidas r\u00e1pidas para evitarlo.<\/p>\n<\/div>\n<div class=\"sc-e7b891c4-0 ifHnQL image-embed\"><img alt=\"El humo en la pista. (REUTER) \" loading=\"lazy\" width=\"720\" height=\"100\" decoding=\"async\" data-nimg=\"1\" src=\"http:\/\/cordobadirecto.com\/wp-content\/uploads\/2025\/04\/por-que-hubo-tantas-banderas-rojas-en-la-tercera-practica-libre-y-la-qualy-del-gran-premio-de-japon.jpg\"><span class=\"epigraphe\">El humo en la pista. (REUTER) <\/span><\/div>\n<p><h2>\u00bfQu\u00e9 prometi\u00f3 la FIA de cara a la carrera?<\/h2>\n<\/p>\n<div class=\"custom-text \" readability=\"36\">\n<p>El ente rector de la F\u00f3rmula 1 emiti\u00f3 un comunicado para responsabilizarse por lo sucedido en las pr\u00e1cticas libres y la qualy con respecto a los focos de incendio y comunic\u00f3 qu\u00e9 har\u00e1n para que la situaci\u00f3n se repita en la carrera del domingo. &#8220;Antes de las sesiones de ma\u00f1ana <strong>se humedecer\u00e1 la hierba y se situar\u00e1n equipos de respuesta espec\u00edficos<\/strong> alrededor de la pista&#8221;, aseguraron.<\/p>\n<\/div>\n<div class=\"sc-e7b891c4-0 ifHnQL image-embed\"><img alt=\"Incendios en la pista. (REUTER)\" loading=\"lazy\" width=\"720\" height=\"100\" decoding=\"async\" data-nimg=\"1\" src=\"http:\/\/cordobadirecto.com\/wp-content\/uploads\/2025\/04\/por-que-hubo-tantas-banderas-rojas-en-la-tercera-practica-libre-y-la-qualy-del-gran-premio-de-japon-1.jpg\"><span class=\"epigraphe\">Incendios en la pista. (REUTER)<\/span><\/div>\n<p><h2>Se defini\u00f3 la parrilla de salida del GP de Jap\u00f3n: qui\u00e9n consigui\u00f3 la pole y c\u00f3mo termin\u00f3 Alpine <\/h2>\n<\/p>\n<div class=\"custom-text \" readability=\"30.891428571429\">\n<p>La escuder\u00eda de <strong><a href=\"https:\/\/www.ole.com.ar\/tema\/franco-colapinto.html\" target=\"_blank\" title=\"Franco Colapinto\" alt=\"Franco Colapinto\" rel=\"noopener\">Franco Colapinto<\/a><\/strong> super\u00f3 el mal trago que vivi\u00f3 tras el accidente de <strong>Jack Doohan <\/strong>en la pr\u00e1ctica libre, donde hubo una destrucci\u00f3n casi total del monoplaza. <\/p>\n<\/div>\n<div class=\"custom-text \" readability=\"36.225680933852\">\n<p><strong><a href=\"https:\/\/www.ole.com.ar\/tema\/pierre-gasly.html\" target=\"_blank\" title=\"Pierre Gasly\" alt=\"Pierre Gasly\" rel=\"noopener\">Pierre Gasly<\/a><\/strong> obtuvo un resultado que lo deja bien parado de cara a la carrera: lleg\u00f3 a la Q2, la cual no pas\u00f3 por poco, y partir\u00e1 11\u00b0. Por el lado del australiano, quien ven\u00eda de estrellarse y lleg\u00f3 con lo justo, estuvo fuera de ritmo y termin\u00f3 19\u00b0.<\/p>\n<\/div>\n<div class=\"custom-text \">\n<ol>\n<li>Verstappen (Red Bull)<\/li>\n<li>Norris (McLaren)<\/li>\n<li>Piastri (McLaren)<\/li>\n<li>Leclerc (Ferrari)<\/li>\n<li>Russell (Mercedes)<\/li>\n<li>Antonelli (Mercedes)<\/li>\n<li>Hadjar (Racing Bulls)<\/li>\n<li>Hamilton (Ferrari)<\/li>\n<li>Albon (Williams)<\/li>\n<li>Bearman (Haas)<\/li>\n<li>Gasly (Alpine)<\/li>\n<li>Alonso (Aston Martin)<\/li>\n<li>Lawson (Racing Bulls)<\/li>\n<li>Tsunoda (Red Bull)<\/li>\n<li>Sainz (Williams)<\/li>\n<li>Hulkenberg (Sauber)<\/li>\n<li>Bortoleto (Sauber)<\/li>\n<li>Ocon (Haas)<\/li>\n<li>Doohan (Alpine)<\/li>\n<li>Stroll (Aston Martin)<\/li>\n<\/ol>\n<\/div>\n<div class=\"sc-e7b891c4-0 ifHnQL image-embed\"><img alt=\"Lando Norris, Max Verstappen y Oscar Piastri quedaron en el podio de la qualy. (EFE)\" loading=\"lazy\" width=\"720\" height=\"100\" decoding=\"async\" data-nimg=\"1\" src=\"http:\/\/cordobadirecto.com\/wp-content\/uploads\/2025\/04\/por-que-hubo-tantas-banderas-rojas-en-la-tercera-practica-libre-y-la-qualy-del-gran-premio-de-japon-2.jpg\"><span class=\"epigraphe\">Lando Norris, Max Verstappen y Oscar Piastri quedaron en el podio de la qualy. (EFE)<\/span><\/div>\n<p><h2>A qu\u00e9 hora ser\u00e1 el GP de Jap\u00f3n y d\u00f3nde se podr\u00e1 ver<\/h2>\n<\/p>\n<div class=\"custom-text \" readability=\"39\">\n<p>La carrera de la F\u00f3rmula 1 en Jap\u00f3n se disputar\u00e1 este domingo 6 de abril a las 2.00hs, por la madrugada argentina, y ser\u00e1 transmitida tanto por TV, por Fox Sports, como por streaming, por Disney+ Premium.<\/p>\n<\/div>\n<div class=\"sc-a7166897-0 eoLsBE\" readability=\"6.5\">\n<section readability=\"3\"><picture><img alt=\"La reacci\u00f3n de Jack Doohan a la clasificaci\u00f3n de la F1 en Jap\u00f3n: &quot;Dimos un buen paso&quot;\" loading=\"lazy\" width=\"290\" height=\"290\" decoding=\"async\" data-nimg=\"1\" src=\"http:\/\/cordobadirecto.com\/wp-content\/uploads\/2025\/04\/por-que-hubo-tantas-banderas-rojas-en-la-tercera-practica-libre-y-la-qualy-del-gran-premio-de-japon-3.jpg\"><\/picture>\n<p><span>Mir\u00e1 tambi\u00e9n<\/span><\/p>\n<hr>\n<h3>La reacci\u00f3n de Jack Doohan a la clasificaci\u00f3n de la F1 en Jap\u00f3n: &#8220;Dimos un buen paso&#8221;<\/h3>\n<\/p>\n<\/section>\n<\/div>\n<div class=\"sc-a7166897-0 eoLsBE\" readability=\"6.5\">\n<section readability=\"3\"><picture><img alt=\"Se defini\u00f3 la parrilla de salida del GP de Jap\u00f3n: qui\u00e9n consigui\u00f3 la pole y c\u00f3mo termin\u00f3 Alpine\" loading=\"lazy\" width=\"290\" height=\"290\" decoding=\"async\" data-nimg=\"1\" src=\"http:\/\/cordobadirecto.com\/wp-content\/uploads\/2025\/04\/por-que-hubo-tantas-banderas-rojas-en-la-tercera-practica-libre-y-la-qualy-del-gran-premio-de-japon-4.jpg\"><\/picture>\n<p><span>Mir\u00e1 tambi\u00e9n<\/span><\/p>\n<hr>\n<h3>Se defini\u00f3 la parrilla de salida del GP de Jap\u00f3n: qui\u00e9n consigui\u00f3 la pole y c\u00f3mo termin\u00f3 Alpine<\/h3>\n<\/p>\n<\/section>\n<\/div>\n<div class=\"sc-a7166897-0 eoLsBE\" readability=\"7.5\">\n<section readability=\"5\"><picture><img alt=\"C\u00f3mo le fue a Jack Doohan, compa\u00f1ero de Colapinto, en la clasificaci\u00f3n de la F1 en Jap\u00f3n\" loading=\"lazy\" width=\"290\" height=\"290\" decoding=\"async\" data-nimg=\"1\" src=\"http:\/\/cordobadirecto.com\/wp-content\/uploads\/2025\/04\/por-que-hubo-tantas-banderas-rojas-en-la-tercera-practica-libre-y-la-qualy-del-gran-premio-de-japon-5.jpg\"><\/picture>\n<p><span>Mir\u00e1 tambi\u00e9n<\/span><\/p>\n<hr>\n<h3>C\u00f3mo le fue a Jack Doohan, compa\u00f1ero de Colapinto, en la clasificaci\u00f3n de la F1 en Jap\u00f3n<\/h3>\n<\/p>\n<\/section>\n<\/div>\n<\/div>\n","protected":false},"excerpt":{"rendered":"<p>05\/04\/2025 07:50hs. El Gran Premio de Jap\u00f3n empez\u00f3 contrariado, no solo por el gran accidente que protagoniz\u00f3 Jack Doohan en la segunda pr\u00e1ctica, sino porque entre la tercera libre y la qualy hubo m\u00e1s de cuatro banderas rojas que interrumpieron el trabajo de los pilotos. La suspensi\u00f3n moment\u00e1nea de la actividad estuvo vinculada a incendios [&hellip;]<\/p>\n","protected":false},"author":1,"featured_media":164290,"comment_status":"closed","ping_status":"closed","sticky":false,"template":"","format":"standard","meta":[],"categories":[21],"tags":[],"_links":{"self":[{"href":"http:\/\/cordobadirecto.com\/index.php\/wp-json\/wp\/v2\/posts\/164289"}],"collection":[{"href":"http:\/\/cordobadirecto.com\/index.php\/wp-json\/wp\/v2\/posts"}],"about":[{"href":"http:\/\/cordobadirecto.com\/index.php\/wp-json\/wp\/v2\/types\/post"}],"author":[{"embeddable":true,"href":"http:\/\/cordobadirecto.com\/index.php\/wp-json\/wp\/v2\/users\/1"}],"replies":[{"embeddable":true,"href":"http:\/\/cordobadirecto.com\/index.php\/wp-json\/wp\/v2\/comments?post=164289"}],"version-history":[{"count":0,"href":"http:\/\/cordobadirecto.com\/index.php\/wp-json\/wp\/v2\/posts\/164289\/revisions"}],"wp:featuredmedia":[{"embeddable":true,"href":"http:\/\/cordobadirecto.com\/index.php\/wp-json\/wp\/v2\/media\/164290"}],"wp:attachment":[{"href":"http:\/\/cordobadirecto.com\/index.php\/wp-json\/wp\/v2\/media?parent=164289"}],"wp:term":[{"taxonomy":"category","embeddable":true,"href":"http:\/\/cordobadirecto.com\/index.php\/wp-json\/wp\/v2\/categories?post=164289"},{"taxonomy":"post_tag","embeddable":true,"href":"http:\/\/cordobadirecto.com\/index.php\/wp-json\/wp\/v2\/tags?post=164289"}],"curies":[{"name":"wp","href":"https:\/\/api.w.org\/{rel}","templated":true}]}}