{"id":164295,"date":"2025-04-05T13:53:19","date_gmt":"2025-04-05T13:53:19","guid":{"rendered":"https:\/\/puntoapunto.com.ar\/?p=371744"},"modified":"2025-04-05T13:53:19","modified_gmt":"2025-04-05T13:53:19","slug":"exportadores-y-el-proteccionismo-de-trump-argentina-no-va-a-perder-competitividad-si-la-vara-sube-10-puntos-sube-para-todos","status":"publish","type":"post","link":"http:\/\/cordobadirecto.com\/index.php\/2025\/04\/05\/exportadores-y-el-proteccionismo-de-trump-argentina-no-va-a-perder-competitividad-si-la-vara-sube-10-puntos-sube-para-todos\/","title":{"rendered":"Exportadores y el proteccionismo de Trump: \u201cArgentina no va a perder competitividad, si la vara sube 10 puntos, sube\u00a0para\u00a0todos\u201d"},"content":{"rendered":"<p data-pm-slice=\"1 1 []\">El anuncio de Donald Trump sobre una&nbsp;<strong>nueva serie de aranceles genera incertidumbre sobre el futuro del <a href=\"https:\/\/puntoapunto.com.ar\/el-proteccionismo-de-trump-y-su-efecto-en-el-comercio-con-argentina\/\">comercio exterior argentino<\/a>.&nbsp;<\/strong>Federico Rodr\u00edguez, presidente de la<a href=\"https:\/\/fecacera.com.ar\/\"> Federaci\u00f3n de C\u00e1maras de Comercio Exterior de la Rep\u00fablica Argentina,<\/a> analiza los <strong>desaf\u00edos y oportunidades que podr\u00edan surgir ante las nuevas medidas que podr\u00edan redefinir el comercio global.&nbsp;<\/strong><!-- \u00a1O bien no hay banners, estan desactivados o no estan programados para esta ubicaci\u00f3n! -->\n<\/p>\n<p>Rodr\u00edguez advierte que un endurecimiento de la pol\u00edtica comercial estadounidense podr\u00eda generar \u00abuna serie de cambios de escenarios\u00bb que afectar\u00edan tanto a la econom\u00eda global como a la local. Entre los efectos m\u00e1s inmediatos, menciona un<strong> probable aumento en la inflaci\u00f3n y una posible recesi\u00f3n global.<\/strong>\n<\/p>\n<p>\u00ab<strong>El primer impacto ser\u00e1 en la log\u00edstica internacional y en la econom\u00eda en general.<\/strong> Un aumento en los aranceles se traduce en precios m\u00e1s altos para los consumidores y menor actividad econ\u00f3mica\u00bb, se\u00f1ala. Adem\u00e1s, <strong>alerta sobre el riesgo de una \u00abguerra comercial\u00bb si otros pa\u00edses responden con medidas similares.<\/strong>\n<\/p>\n<p>Rodr\u00edguez destaca el contraste entre esta posible pol\u00edtica proteccionista y los principios fundacionales del GATT, precursor de la OMC, que buscaban la reducci\u00f3n de aranceles para fomentar la reactivaci\u00f3n econ\u00f3mica tras la Segunda Guerra Mundial. \u00ab<strong>Si el mundo se mueve hacia un proteccionismo extremo, podr\u00eda generar menor comercio y menor industria<\/strong>\u00ab, advierte.\n<\/p>\n<p><img decoding=\"async\" class=\"aligncenter size-full wp-image-371683\" src=\"http:\/\/cordobadirecto.com\/wp-content\/uploads\/2025\/04\/exportadores-y-el-proteccionismo-de-trump-argentina-no-va-a-perder-competitividad-si-la-vara-sube-10-puntos-sube-para-todos.jpg\" alt width=\"1200\" height=\"800\" srcset=\"http:\/\/cordobadirecto.com\/wp-content\/uploads\/2025\/04\/exportadores-y-el-proteccionismo-de-trump-argentina-no-va-a-perder-competitividad-si-la-vara-sube-10-puntos-sube-para-todos.jpg 1200w, http:\/\/cordobadirecto.com\/wp-content\/uploads\/2025\/04\/exportadores-y-el-proteccionismo-de-trump-argentina-no-va-a-perder-competitividad-si-la-vara-sube-10-puntos-sube-para-todos-2.jpg 300w, http:\/\/cordobadirecto.com\/wp-content\/uploads\/2025\/04\/exportadores-y-el-proteccionismo-de-trump-argentina-no-va-a-perder-competitividad-si-la-vara-sube-10-puntos-sube-para-todos-3.jpg 1024w, http:\/\/cordobadirecto.com\/wp-content\/uploads\/2025\/04\/exportadores-y-el-proteccionismo-de-trump-argentina-no-va-a-perder-competitividad-si-la-vara-sube-10-puntos-sube-para-todos-4.jpg 768w, http:\/\/cordobadirecto.com\/wp-content\/uploads\/2025\/04\/exportadores-y-el-proteccionismo-de-trump-argentina-no-va-a-perder-competitividad-si-la-vara-sube-10-puntos-sube-para-todos-5.jpg 750w, http:\/\/cordobadirecto.com\/wp-content\/uploads\/2025\/04\/exportadores-y-el-proteccionismo-de-trump-argentina-no-va-a-perder-competitividad-si-la-vara-sube-10-puntos-sube-para-todos-6.jpg 1140w\" sizes=\"(max-width: 1200px) 100vw, 1200px\" loading=\"lazy\"><!-- \u00a1O bien no hay banners, estan desactivados o no estan programados para esta ubicaci\u00f3n! -->\n<\/p>\n<p><strong>Oportunidades para Argentina<\/strong><\/p>\n<p>No todo son malas noticias. Rodr\u00edguez destaca que una recesi\u00f3n global podr\u00eda derivar en una disminuci\u00f3n de los costos de transporte internacional, lo que beneficiar\u00eda a Argentina por su posicionamiento geogr\u00e1fico alejado de los principales mercados. \u00ab<strong>Una baja en los costos log\u00edsticos podr\u00eda mejorar la competitividad tanto de las importaciones como de las exportaciones\u00bb<\/strong>, explica.\n<\/p>\n<p>Adem\u00e1s, enfatiza que los nuevos aranceles afectar\u00edan a todos los pa\u00edses por igual, por lo que<strong> Argentina no perder\u00eda competitividad relativa.<\/strong> \u00ab<strong>Si la vara sube 10 puntos, sube para todos<\/strong>\u00ab, sintetiza.\n<\/p>\n<p><strong>Estados Unidos: un mercado importante pero no principal<\/strong>\n<\/p>\n<p>Si bien Estados Unidos es un socio comercial relevante, no es el principal destino de las exportaciones argentinas, que tienen como primeros mercados a Brasil y China. Adem\u00e1s, <strong>el 60% de las exportaciones argentinas a EE.UU. corresponden a commodities, cuya demanda suele ser m\u00e1s estable ante cambios de precios.<\/strong>\n<\/p>\n<p>Para los productos industrializados, Rodr\u00edguez resalta la importancia de los \u00abmercados de nicho\u00bb y menciona el caso del Malbec argentino: \u00abEl consumidor premium que compra Malbec seguir\u00e1 haci\u00e9ndolo, aunque el precio suba un 10%.\u00bb\n<\/p>\n<p>Ante este panorama, <strong>Rodr\u00edguez considera que el gobierno argentino tiene una \u00abvocaci\u00f3n de acercamiento\u00bb a Estados Unidos y al eje occidental, lo que podr\u00eda generar oportunidades comerciales a pesar de los cambios arancelarios<\/strong>. \u00abEstados Unidos, Latinoam\u00e9rica y Europa seguir\u00e1n siendo los principales focos de oportunidad para Argentina\u00bb, agrega.\n<\/p>\n<figure id=\"attachment_366921\" aria-describedby=\"caption-attachment-366921\" class=\"wp-caption aligncenter\"><img loading=\"lazy\" decoding=\"async\" class=\"size-full wp-image-366921\" src=\"http:\/\/cordobadirecto.com\/wp-content\/uploads\/2025\/04\/exportadores-y-el-proteccionismo-de-trump-argentina-no-va-a-perder-competitividad-si-la-vara-sube-10-puntos-sube-para-todos-1.jpg\" alt width=\"2000\" height=\"1487\" srcset=\"http:\/\/cordobadirecto.com\/wp-content\/uploads\/2025\/04\/exportadores-y-el-proteccionismo-de-trump-argentina-no-va-a-perder-competitividad-si-la-vara-sube-10-puntos-sube-para-todos-1.jpg 2000w, http:\/\/cordobadirecto.com\/wp-content\/uploads\/2025\/04\/exportadores-y-el-proteccionismo-de-trump-argentina-no-va-a-perder-competitividad-si-la-vara-sube-10-puntos-sube-para-todos-7.jpg 300w, http:\/\/cordobadirecto.com\/wp-content\/uploads\/2025\/04\/exportadores-y-el-proteccionismo-de-trump-argentina-no-va-a-perder-competitividad-si-la-vara-sube-10-puntos-sube-para-todos-8.jpg 1024w, http:\/\/cordobadirecto.com\/wp-content\/uploads\/2025\/04\/exportadores-y-el-proteccionismo-de-trump-argentina-no-va-a-perder-competitividad-si-la-vara-sube-10-puntos-sube-para-todos-9.jpg 768w, http:\/\/cordobadirecto.com\/wp-content\/uploads\/2025\/04\/exportadores-y-el-proteccionismo-de-trump-argentina-no-va-a-perder-competitividad-si-la-vara-sube-10-puntos-sube-para-todos-10.jpg 1536w, http:\/\/cordobadirecto.com\/wp-content\/uploads\/2025\/04\/exportadores-y-el-proteccionismo-de-trump-argentina-no-va-a-perder-competitividad-si-la-vara-sube-10-puntos-sube-para-todos-11.jpg 750w, http:\/\/cordobadirecto.com\/wp-content\/uploads\/2025\/04\/exportadores-y-el-proteccionismo-de-trump-argentina-no-va-a-perder-competitividad-si-la-vara-sube-10-puntos-sube-para-todos-12.jpg 1140w\" sizes=\"auto, (max-width: 2000px) 100vw, 2000px\"><figcaption id=\"caption-attachment-366921\" class=\"wp-caption-text\">L<\/figcaption><\/figure>\n<p><strong>Sectores potencialmente afectados y beneficios<\/strong>\n<\/p>\n<p>Los sectores que podr\u00edan verse m\u00e1s impactados inicialmente son<strong> el metalmec\u00e1nico y el agroalimentario<\/strong> (vino, aceite de oliva y otros productos industrializados). Sin embargo, Rodr\u00edguez prev\u00e9 que, tras una reacci\u00f3n inicial del consumidor estadounidense, las exportaciones podr\u00edan estabilizarse.\n<\/p>\n<p>En cuanto a la exportaci\u00f3n de combustibles, litio y derivados energ\u00e9ticos, no se espera un impacto significativo, ya que estos productos son considerados estrat\u00e9gicos para la industria estadounidense.\n<\/p>\n<p>Por otro lado, la posible restricci\u00f3n de mercados para otros pa\u00edses podr\u00eda generar mayor competencia en destinos alternativos, incluyendo Argentina. A su vez, esta situaci\u00f3n podr\u00eda traducirse en una mayor oferta de productos importados a menores precios, lo que podr\u00eda contribuir a reducir la inflaci\u00f3n y mejorar la recaudaci\u00f3n fiscal.\n<\/p>\n<p>Si bien un eventual endurecimiento de las pol\u00edticas arancelarias de Donald Trump genera incertidumbre,<strong> el impacto para Argentina podr\u00eda ser menor de lo esperado. La capacidad de adaptaci\u00f3n del empresariado argentino, las oportunidades en log\u00edstica y la configuraci\u00f3n actual del comercio exterior del pa\u00eds mitigar\u00edan los efectos negativos.<\/strong> A su vez, la reconfiguraci\u00f3n de mercados podr\u00eda abrir nuevas oportunidades comerciales. Mantener una estrategia flexible y atenta a los cambios ser\u00e1 clave para navegar este nuevo escenario econ\u00f3mico global.\n<\/p>\n<div class=\"g g-38\">\n<div class=\"g-dyn a-12 c-1\"><a class=\"gofollow\" data-track=\"MTIsMzgsMSw2MA==\" href=\"https:\/\/hospitalprivado.com.ar\/blog\/institucional\/somos-la-primera-institucion-del-interior-del-pais-en-acreditar-joint-commission-international.html\" target=\"_blank\" rel=\"noopener\"><img src=\"http:\/\/cordobadirecto.com\/wp-content\/uploads\/2025\/04\/exportadores-y-el-proteccionismo-de-trump-argentina-no-va-a-perder-competitividad-si-la-vara-sube-10-puntos-sube-para-todos.gif\" loading=\"lazy\"><\/a><\/div>\n<\/div>\n","protected":false},"excerpt":{"rendered":"<p>El anuncio de Donald Trump sobre una&nbsp;nueva serie de aranceles genera incertidumbre sobre el futuro del comercio exterior argentino.&nbsp;Federico Rodr\u00edguez, presidente de la Federaci\u00f3n de C\u00e1maras de Comercio Exterior de la Rep\u00fablica Argentina, analiza los desaf\u00edos y oportunidades que podr\u00edan surgir ante las nuevas medidas que podr\u00edan redefinir el comercio global.&nbsp; Rodr\u00edguez advierte que un [&hellip;]<\/p>\n","protected":false},"author":1,"featured_media":164296,"comment_status":"closed","ping_status":"closed","sticky":false,"template":"","format":"standard","meta":[],"categories":[25],"tags":[],"_links":{"self":[{"href":"http:\/\/cordobadirecto.com\/index.php\/wp-json\/wp\/v2\/posts\/164295"}],"collection":[{"href":"http:\/\/cordobadirecto.com\/index.php\/wp-json\/wp\/v2\/posts"}],"about":[{"href":"http:\/\/cordobadirecto.com\/index.php\/wp-json\/wp\/v2\/types\/post"}],"author":[{"embeddable":true,"href":"http:\/\/cordobadirecto.com\/index.php\/wp-json\/wp\/v2\/users\/1"}],"replies":[{"embeddable":true,"href":"http:\/\/cordobadirecto.com\/index.php\/wp-json\/wp\/v2\/comments?post=164295"}],"version-history":[{"count":0,"href":"http:\/\/cordobadirecto.com\/index.php\/wp-json\/wp\/v2\/posts\/164295\/revisions"}],"wp:featuredmedia":[{"embeddable":true,"href":"http:\/\/cordobadirecto.com\/index.php\/wp-json\/wp\/v2\/media\/164296"}],"wp:attachment":[{"href":"http:\/\/cordobadirecto.com\/index.php\/wp-json\/wp\/v2\/media?parent=164295"}],"wp:term":[{"taxonomy":"category","embeddable":true,"href":"http:\/\/cordobadirecto.com\/index.php\/wp-json\/wp\/v2\/categories?post=164295"},{"taxonomy":"post_tag","embeddable":true,"href":"http:\/\/cordobadirecto.com\/index.php\/wp-json\/wp\/v2\/tags?post=164295"}],"curies":[{"name":"wp","href":"https:\/\/api.w.org\/{rel}","templated":true}]}}