{"id":164358,"date":"2025-04-07T01:28:53","date_gmt":"2025-04-07T01:28:53","guid":{"rendered":"https:\/\/cordoba.gob.ar\/?p=76557"},"modified":"2025-04-07T01:28:53","modified_gmt":"2025-04-07T01:28:53","slug":"cuatro-cpc-atenderan-en-jornada-extendida-colon-villa-el-libertador-pueyrredon-y-guinazu","status":"publish","type":"post","link":"http:\/\/cordobadirecto.com\/index.php\/2025\/04\/07\/cuatro-cpc-atenderan-en-jornada-extendida-colon-villa-el-libertador-pueyrredon-y-guinazu\/","title":{"rendered":"Cuatro CPC atender\u00e1n en jornada extendida: Col\u00f3n, Villa El Libertador, Pueyrred\u00f3n y Gui\u00f1az\u00fa"},"content":{"rendered":"<div><img src=\"http:\/\/cordobadirecto.com\/wp-content\/uploads\/2025\/04\/cuatro-cpc-atenderan-en-jornada-extendida-colon-villa-el-libertador-pueyrredon-y-guinazu.jpg\" class=\"ff-og-image-inserted\"><\/div>\n<ul>\n<li><strong><strong>Ser\u00e1 de lunes a viernes de 08:00 a 18:00 y s\u00e1bado de 08:00 a 14:00 horas.<\/strong><\/strong><br \/>\n<hr>\n<\/li>\n<\/ul>\n<p>La Municipalidad de C\u00f3rdoba informa que esta semana cuatro CPC abrir\u00e1n sus puertas con horario extendido. En esta ocasi\u00f3n ser\u00e1n aquellos ubicados en Col\u00f3n, Villa El Libertador, Pueyrred\u00f3n y Gui\u00f1az\u00fa.<\/p>\n<p>El horario de atenci\u00f3n ser\u00e1 de 08:00 a 18:00 horas, entre el lunes 7 y el viernes 11 de abril; y de 8 a 14 horas, el d\u00eda s\u00e1bado 12.<\/p>\n<p>El resto de los CPC funcionar\u00e1 en su horario habitual de 8 a 14 horas.<\/p>\n<p>Ya son miles de vecinos que hacen sus tr\u00e1mites en el horario de la tarde y s\u00e1bados, con m\u00e1s de la mitad de los tr\u00e1mites realizados en esta franja horaria.<\/p>\n","protected":false},"excerpt":{"rendered":"<p>Ser\u00e1 de lunes a viernes de 08:00 a 18:00 y s\u00e1bado de 08:00 a 14:00 horas. La Municipalidad de C\u00f3rdoba informa que esta semana cuatro CPC abrir\u00e1n sus puertas con horario extendido. En esta ocasi\u00f3n ser\u00e1n aquellos ubicados en Col\u00f3n, Villa El Libertador, Pueyrred\u00f3n y Gui\u00f1az\u00fa. El horario de atenci\u00f3n ser\u00e1 de 08:00 a 18:00 [&hellip;]<\/p>\n","protected":false},"author":1,"featured_media":164359,"comment_status":"closed","ping_status":"closed","sticky":false,"template":"","format":"standard","meta":[],"categories":[44],"tags":[],"_links":{"self":[{"href":"http:\/\/cordobadirecto.com\/index.php\/wp-json\/wp\/v2\/posts\/164358"}],"collection":[{"href":"http:\/\/cordobadirecto.com\/index.php\/wp-json\/wp\/v2\/posts"}],"about":[{"href":"http:\/\/cordobadirecto.com\/index.php\/wp-json\/wp\/v2\/types\/post"}],"author":[{"embeddable":true,"href":"http:\/\/cordobadirecto.com\/index.php\/wp-json\/wp\/v2\/users\/1"}],"replies":[{"embeddable":true,"href":"http:\/\/cordobadirecto.com\/index.php\/wp-json\/wp\/v2\/comments?post=164358"}],"version-history":[{"count":0,"href":"http:\/\/cordobadirecto.com\/index.php\/wp-json\/wp\/v2\/posts\/164358\/revisions"}],"wp:featuredmedia":[{"embeddable":true,"href":"http:\/\/cordobadirecto.com\/index.php\/wp-json\/wp\/v2\/media\/164359"}],"wp:attachment":[{"href":"http:\/\/cordobadirecto.com\/index.php\/wp-json\/wp\/v2\/media?parent=164358"}],"wp:term":[{"taxonomy":"category","embeddable":true,"href":"http:\/\/cordobadirecto.com\/index.php\/wp-json\/wp\/v2\/categories?post=164358"},{"taxonomy":"post_tag","embeddable":true,"href":"http:\/\/cordobadirecto.com\/index.php\/wp-json\/wp\/v2\/tags?post=164358"}],"curies":[{"name":"wp","href":"https:\/\/api.w.org\/{rel}","templated":true}]}}