{"id":16450,"date":"2021-09-01T16:30:18","date_gmt":"2021-09-01T16:30:18","guid":{"rendered":"https:\/\/www.bbc.com\/mundo\/noticias-58347218"},"modified":"2021-09-01T16:30:18","modified_gmt":"2021-09-01T16:30:18","slug":"covid-19-es-realmente-desgarrador-ver-a-ninos-intubados-el-impactante-relato-de-una-pediatra-sobre-la-situacion-en-los-hospitales-de-ee-uu","status":"publish","type":"post","link":"http:\/\/cordobadirecto.com\/index.php\/2021\/09\/01\/covid-19-es-realmente-desgarrador-ver-a-ninos-intubados-el-impactante-relato-de-una-pediatra-sobre-la-situacion-en-los-hospitales-de-ee-uu\/","title":{"rendered":"Covid-19 | &#8220;Es realmente desgarrador ver a ni\u00f1os intubados&#8221;: el impactante relato de una pediatra sobre la situaci\u00f3n en los hospitales de EE.UU."},"content":{"rendered":"<div dir=\"ltr\" class=\"e1j2237y5 bbc-q4ibpr e57qer20\">\n<div class=\"bbc-1atl7vu e1c9i7u14\">\n<ul role=\"list\" class=\"bbc-cdrraw e1c9i7u12\">\n<li role=\"listitem\" class=\"bbc-1a3w4ok e1c9i7u11\">Cecilia Barr\u00eda<\/li>\n<li role=\"listitem\" class=\"bbc-1p92jtu e1c9i7u10\">BBC News Mundo<\/li>\n<\/ul>\n<\/div>\n<\/div>\n<p><time datetime=\"2021-09-01\" class=\"bbc-14xtggo e4zesg50\">6 horas<\/time><\/p>\n<div dir=\"ltr\" class=\"bbc-1ka88fa e57qer20\">\n<figure class=\"bbc-1qdcvv9 e6bmn90\">\n<div dir=\"ltr\" class=\"bbc-172p16q e57qer20\">\n<div dir=\"ltr\" class=\"bbc-189y18v e57qer20\" readability=\"6.5\">\n<div data-e2e=\"image-placeholder\" class=\"bbc-1k5hvrj e1whu0\" readability=\"8\"><img loading=\"lazy\" srcset=\"http:\/\/cordobadirecto.com\/wp-content\/uploads\/2021\/09\/covid-19-es-realmente-desgarrador-ver-a-ninos-intubados-el-impactante-relato-de-una-pediatra-sobre-la-situacion-en-los-hospitales-de-ee-uu-7.jpg 240w, http:\/\/cordobadirecto.com\/wp-content\/uploads\/2021\/09\/covid-19-es-realmente-desgarrador-ver-a-ninos-intubados-el-impactante-relato-de-una-pediatra-sobre-la-situacion-en-los-hospitales-de-ee-uu-8.jpg 320w, http:\/\/cordobadirecto.com\/wp-content\/uploads\/2021\/09\/covid-19-es-realmente-desgarrador-ver-a-ninos-intubados-el-impactante-relato-de-una-pediatra-sobre-la-situacion-en-los-hospitales-de-ee-uu-9.jpg 480w, http:\/\/cordobadirecto.com\/wp-content\/uploads\/2021\/09\/covid-19-es-realmente-desgarrador-ver-a-ninos-intubados-el-impactante-relato-de-una-pediatra-sobre-la-situacion-en-los-hospitales-de-ee-uu-10.jpg 624w, http:\/\/cordobadirecto.com\/wp-content\/uploads\/2021\/09\/covid-19-es-realmente-desgarrador-ver-a-ninos-intubados-el-impactante-relato-de-una-pediatra-sobre-la-situacion-en-los-hospitales-de-ee-uu-11.jpg 800w\" alt=\"Ni\u00f1a de dos a\u00f1os con covid es llevada a un hospital en Houston, Texas\" src=\"http:\/\/cordobadirecto.com\/wp-content\/uploads\/2021\/09\/covid-19-es-realmente-desgarrador-ver-a-ninos-intubados-el-impactante-relato-de-una-pediatra-sobre-la-situacion-en-los-hospitales-de-ee-uu.jpg\" width=\"976\" height=\"549\" class=\"eehpdyc0 bbc-oabvne e1enwo3v0\"><\/p>\n<p role=\"text\" class=\"bbc-1s1cxbv etq3yw90\"><span class=\"bbc-1gnhmg2 e1yt7oin0\">Fuente de la imagen, <\/span><span lang=\"en-GB\">Getty Images<\/span><\/p>\n<\/div>\n<\/div>\n<\/div>\n<\/figure>\n<\/div>\n<div dir=\"ltr\" class=\"bbc-19j92fr e57qer20\" readability=\"8\">\n<p dir=\"ltr\" class=\"bbc-bm53ic e1cc2ql70\"><b>Las hospitalizaciones de ni\u00f1os por covid-19 han llegado a su mayor nivel en Estados Unidos desde que el pa\u00eds comenz\u00f3 a monitorear los casos pedi\u00e1tricos hace aproximadamente un a\u00f1o.<\/b><\/p>\n<\/div>\n<div dir=\"ltr\" class=\"bbc-19j92fr e57qer20\" readability=\"11\">\n<p dir=\"ltr\" class=\"bbc-bm53ic e1cc2ql70\">Hacia finales de agosto, el promedio de admisiones por d\u00eda bordeaba los 300 casos, seg\u00fan los Centros para el Control y la Prevenci\u00f3n de Enfermedades (CDC, por sus siglas en ingl\u00e9s).<\/p>\n<\/div>\n<div dir=\"ltr\" class=\"bbc-19j92fr e57qer20\" readability=\"11\">\n<p dir=\"ltr\" class=\"bbc-bm53ic e1cc2ql70\">Los m\u00e9dicos advierten que la situaci\u00f3n podr\u00eda empeorar en la medida que las escuelas est\u00e1n iniciando el a\u00f1o escolar y la variante delta, que se ha expandido por el pa\u00eds, se transmite mucho m\u00e1s r\u00e1pido que las otras.<\/p>\n<\/div>\n<div dir=\"ltr\" class=\"bbc-19j92fr e57qer20\" readability=\"11\">\n<p dir=\"ltr\" class=\"bbc-bm53ic e1cc2ql70\">Y aunque la tasa de mortalidad pedi\u00e1trica es menor al 1%, el problema m\u00e1s grave, dicen los expertos, son las consecuencias que el virus puede causar en los menores.<\/p>\n<\/div>\n<div dir=\"ltr\" class=\"bbc-19j92fr e57qer20\" readability=\"15\">\n<p dir=\"ltr\" class=\"bbc-bm53ic e1cc2ql70\">Entre ellas, el <b>s\u00edndrome <\/b><b>i<\/b><b>nflamatorio <\/b><b>m<\/b><b>ultisist\u00e9mico<\/b> (PIMS, por sus siglas en ingl\u00e9s, y tambi\u00e9n conocido como SIMP o MISC-C), que puede da\u00f1ar el coraz\u00f3n de los ni\u00f1os, as\u00ed como sus sistemas digestivo, nervioso y respiratorio.<\/p>\n<\/div>\n<div dir=\"ltr\" class=\"bbc-19j92fr e57qer20\" readability=\"9\">\n<p dir=\"ltr\" class=\"bbc-bm53ic e1cc2ql70\">La pediatra Christina Propst relata en primera persona su experiencia tratando ni\u00f1os con covid-19 y la situaci\u00f3n que se vive en el Texas Medical Center, el mayor complejo m\u00e9dico del mundo.<\/p>\n<\/div>\n<div dir=\"ltr\" class=\"bbc-1ka88fa e57qer20\">\n<figure class=\"bbc-1qdcvv9 e6bmn90\">\n<div dir=\"ltr\" class=\"bbc-172p16q e57qer20\">\n<div dir=\"ltr\" class=\"bbc-189y18v e57qer20\">\n<div data-e2e=\"image-placeholder\" class=\"bbc-367mqz e1whu0\"><noscript><img loading=\"lazy\" srcset=\"http:\/\/cordobadirecto.com\/wp-content\/uploads\/2021\/09\/covid-19-es-realmente-desgarrador-ver-a-ninos-intubados-el-impactante-relato-de-una-pediatra-sobre-la-situacion-en-los-hospitales-de-ee-uu-12.jpg 240w, http:\/\/cordobadirecto.com\/wp-content\/uploads\/2021\/09\/covid-19-es-realmente-desgarrador-ver-a-ninos-intubados-el-impactante-relato-de-una-pediatra-sobre-la-situacion-en-los-hospitales-de-ee-uu-13.jpg 320w, http:\/\/cordobadirecto.com\/wp-content\/uploads\/2021\/09\/covid-19-es-realmente-desgarrador-ver-a-ninos-intubados-el-impactante-relato-de-una-pediatra-sobre-la-situacion-en-los-hospitales-de-ee-uu-14.jpg 464w\" alt=\"Rayita\" src=\"http:\/\/cordobadirecto.com\/wp-content\/uploads\/2021\/09\/covid-19-es-realmente-desgarrador-ver-a-ninos-intubados-el-impactante-relato-de-una-pediatra-sobre-la-situacion-en-los-hospitales-de-ee-uu-1.jpg\" width=\"464\" height=\"2\" class=\"eehpdyc0 bbc-oabvne e1enwo3v0\"><\/noscript><\/div>\n<\/div>\n<\/div>\n<\/figure>\n<\/div>\n<div dir=\"ltr\" class=\"bbc-19j92fr e57qer20\" readability=\"10\">\n<p dir=\"ltr\" class=\"bbc-bm53ic e1cc2ql70\">&#8220;Lo que veo en los ni\u00f1os con covid me asusta. Algunos de mis pacientes han requerido cuidados intensivos y, en las \u00faltimas semanas, he visto muertes pedi\u00e1tricas en el Centro M\u00e9dico de Texas. <\/p>\n<\/div>\n<div dir=\"ltr\" class=\"bbc-19j92fr e57qer20\" readability=\"9\">\n<p dir=\"ltr\" class=\"bbc-bm53ic e1cc2ql70\">Esas muertes son devastadoras, especialmente cuando ves el sufrimiento por el que debe pasar un ni\u00f1o intubado durante un largo per\u00edodo de tiempo.<\/p>\n<\/div>\n<div dir=\"ltr\" class=\"bbc-19j92fr e57qer20\" readability=\"9\">\n<p dir=\"ltr\" class=\"bbc-bm53ic e1cc2ql70\">El problema es que <b>la delta est\u00e1 afectando a m\u00e1s ni\u00f1os que otras variantes<\/b>. De hecho, en el Texas Children&#8217;s Hospital un tercio de los ni\u00f1os ingresados por covid requiere cuidados intensivos. <\/p>\n<\/div>\n<div dir=\"ltr\" class=\"bbc-19j92fr e57qer20\" readability=\"8\">\n<p dir=\"ltr\" class=\"bbc-bm53ic e1cc2ql70\">Eso con mucha frecuencia significa que necesitan soporte respiratorio. Es realmente desgarrador ver ni\u00f1os intubados por covid.<\/p>\n<\/div>\n<div dir=\"ltr\" class=\"bbc-19j92fr e57qer20\" readability=\"9\">\n<p dir=\"ltr\" class=\"bbc-bm53ic e1cc2ql70\">No habr\u00eda dicho esto hace un a\u00f1o cuando ten\u00edamos la variante alpha, pero aquello no fue nada en comparaci\u00f3n con lo que estamos viviendo ahora.<\/p>\n<\/div>\n<div dir=\"ltr\" class=\"bbc-1ka88fa e57qer20\">\n<figure class=\"bbc-1qdcvv9 e6bmn90\">\n<div dir=\"ltr\" class=\"bbc-172p16q e57qer20\">\n<div dir=\"ltr\" class=\"bbc-189y18v e57qer20\" readability=\"6.5\">\n<div data-e2e=\"image-placeholder\" class=\"bbc-1k5hvrj e1whu0\" readability=\"8\"><noscript><img loading=\"lazy\" srcset=\"http:\/\/cordobadirecto.com\/wp-content\/uploads\/2021\/09\/covid-19-es-realmente-desgarrador-ver-a-ninos-intubados-el-impactante-relato-de-una-pediatra-sobre-la-situacion-en-los-hospitales-de-ee-uu-15.jpg 240w, http:\/\/cordobadirecto.com\/wp-content\/uploads\/2021\/09\/covid-19-es-realmente-desgarrador-ver-a-ninos-intubados-el-impactante-relato-de-una-pediatra-sobre-la-situacion-en-los-hospitales-de-ee-uu-16.jpg 320w, http:\/\/cordobadirecto.com\/wp-content\/uploads\/2021\/09\/covid-19-es-realmente-desgarrador-ver-a-ninos-intubados-el-impactante-relato-de-una-pediatra-sobre-la-situacion-en-los-hospitales-de-ee-uu-17.jpg 480w, http:\/\/cordobadirecto.com\/wp-content\/uploads\/2021\/09\/covid-19-es-realmente-desgarrador-ver-a-ninos-intubados-el-impactante-relato-de-una-pediatra-sobre-la-situacion-en-los-hospitales-de-ee-uu-18.jpg 624w, http:\/\/cordobadirecto.com\/wp-content\/uploads\/2021\/09\/covid-19-es-realmente-desgarrador-ver-a-ninos-intubados-el-impactante-relato-de-una-pediatra-sobre-la-situacion-en-los-hospitales-de-ee-uu-19.jpg 800w\" alt=\"Ni\u00f1o en hospital\" src=\"http:\/\/cordobadirecto.com\/wp-content\/uploads\/2021\/09\/covid-19-es-realmente-desgarrador-ver-a-ninos-intubados-el-impactante-relato-de-una-pediatra-sobre-la-situacion-en-los-hospitales-de-ee-uu-2.jpg\" width=\"976\" height=\"549\" class=\"eehpdyc0 bbc-oabvne e1enwo3v0\"><\/noscript><\/p>\n<p role=\"text\" class=\"bbc-1s1cxbv etq3yw90\"><span class=\"bbc-1gnhmg2 e1yt7oin0\">Fuente de la imagen, <\/span><span lang=\"en-GB\">Getty Images<\/span><\/p>\n<\/div>\n<\/div>\n<\/div>\n<\/figure>\n<\/div>\n<div dir=\"ltr\" class=\"bbc-19j92fr e57qer20\" readability=\"8\">\n<p dir=\"ltr\" class=\"bbc-bm53ic e1cc2ql70\">Los <b>casos pedi\u00e1tricos a nivel nacional se han cuadriplicado <\/b>en el \u00faltimo mes en Estados Unidos y una de las razones es que la variante delta es mucho m\u00e1s f\u00e1cil de transmitir. <\/p>\n<\/div>\n<div dir=\"ltr\" class=\"bbc-19j92fr e57qer20\" readability=\"12\">\n<p dir=\"ltr\" class=\"bbc-bm53ic e1cc2ql70\">Una segunda raz\u00f3n es que los ni\u00f1os no est\u00e1n siendo vacunados. Por un lado, los menores de 12 a\u00f1os no califican para recibir la vacuna y, por otro, muchos adolescentes no se han vacunado. Eso es un gran problema.<\/p>\n<\/div>\n<div dir=\"ltr\" class=\"bbc-19j92fr e57qer20\" readability=\"7\">\n<p dir=\"ltr\" class=\"bbc-bm53ic e1cc2ql70\">Y la tercera raz\u00f3n del aumento del covid en ni\u00f1os es que muchos <b>adultos no usan la mascarilla<\/b>. <\/p>\n<\/div>\n<div dir=\"ltr\" class=\"bbc-19j92fr e57qer20\" readability=\"11\">\n<p dir=\"ltr\" class=\"bbc-bm53ic e1cc2ql70\">Andan por ah\u00ed como si no pasara nada, sin estar conscientes de que pueden ser asintom\u00e1ticos y, por lo tanto, pueden contagiar a sus hijos o a otros ni\u00f1os.<\/p>\n<\/div>\n<div dir=\"ltr\" class=\"bbc-19j92fr e57qer20\" readability=\"10\">\n<p dir=\"ltr\" class=\"bbc-bm53ic e1cc2ql70\">Me gustar\u00eda que m\u00e1s personas pudieran ver lo que los pediatras que trabajan en la primera l\u00ednea est\u00e1n viendo en este momento. <b>Es simplemente tr\u00e1gico, atroz, devastador. <\/b><\/p>\n<\/div>\n<div dir=\"ltr\" class=\"bbc-19j92fr e57qer20\" readability=\"10\">\n<p dir=\"ltr\" class=\"bbc-bm53ic e1cc2ql70\">Siento lo mismo que sienten muchos pediatras. Siento una combinaci\u00f3n de dolor extremo, ira y frustraci\u00f3n, porque la muerte de un ni\u00f1o por covid es completamente evitable.<\/p>\n<\/div>\n<div dir=\"ltr\" class=\"bbc-19j92fr e57qer20\" readability=\"9\">\n<p dir=\"ltr\" class=\"bbc-bm53ic e1cc2ql70\"><b>Si tienes un hijo mayor de 12 a\u00f1os, debes vacunarlo<\/b>. Es como cuando le exiges que se ponga el cintur\u00f3n de seguridad en el auto para que su vida no corra peligro.<\/p>\n<\/div>\n<div dir=\"ltr\" class=\"bbc-19j92fr e57qer20\" readability=\"8\">\n<p dir=\"ltr\" class=\"bbc-bm53ic e1cc2ql70\">He visto a padres que han perdido a sus hijos y que le ruegan a la gente que se vacune para evitarles a otras familias el dolor que est\u00e1n sintiendo.<\/p>\n<\/div>\n<div dir=\"ltr\" class=\"bbc-1ka88fa e57qer20\">\n<figure class=\"bbc-1qdcvv9 e6bmn90\">\n<div dir=\"ltr\" class=\"bbc-172p16q e57qer20\">\n<div dir=\"ltr\" class=\"bbc-189y18v e57qer20\" readability=\"6.5\">\n<div data-e2e=\"image-placeholder\" class=\"bbc-1k5hvrj e1whu0\" readability=\"8\"><noscript><img loading=\"lazy\" srcset=\"http:\/\/cordobadirecto.com\/wp-content\/uploads\/2021\/09\/covid-19-es-realmente-desgarrador-ver-a-ninos-intubados-el-impactante-relato-de-una-pediatra-sobre-la-situacion-en-los-hospitales-de-ee-uu-20.jpg 240w, http:\/\/cordobadirecto.com\/wp-content\/uploads\/2021\/09\/covid-19-es-realmente-desgarrador-ver-a-ninos-intubados-el-impactante-relato-de-una-pediatra-sobre-la-situacion-en-los-hospitales-de-ee-uu-21.jpg 320w, http:\/\/cordobadirecto.com\/wp-content\/uploads\/2021\/09\/covid-19-es-realmente-desgarrador-ver-a-ninos-intubados-el-impactante-relato-de-una-pediatra-sobre-la-situacion-en-los-hospitales-de-ee-uu-22.jpg 480w, http:\/\/cordobadirecto.com\/wp-content\/uploads\/2021\/09\/covid-19-es-realmente-desgarrador-ver-a-ninos-intubados-el-impactante-relato-de-una-pediatra-sobre-la-situacion-en-los-hospitales-de-ee-uu-23.jpg 624w, http:\/\/cordobadirecto.com\/wp-content\/uploads\/2021\/09\/covid-19-es-realmente-desgarrador-ver-a-ninos-intubados-el-impactante-relato-de-una-pediatra-sobre-la-situacion-en-los-hospitales-de-ee-uu-24.jpg 800w\" alt=\"Mano de beb\u00e9\" src=\"http:\/\/cordobadirecto.com\/wp-content\/uploads\/2021\/09\/covid-19-es-realmente-desgarrador-ver-a-ninos-intubados-el-impactante-relato-de-una-pediatra-sobre-la-situacion-en-los-hospitales-de-ee-uu-3.jpg\" width=\"976\" height=\"549\" class=\"eehpdyc0 bbc-oabvne e1enwo3v0\"><\/noscript><\/p>\n<p role=\"text\" class=\"bbc-1s1cxbv etq3yw90\"><span class=\"bbc-1gnhmg2 e1yt7oin0\">Fuente de la imagen, <\/span><span lang=\"en-GB\">Getty Images<\/span><\/p>\n<\/div>\n<\/div>\n<\/div>\n<\/figure>\n<\/div>\n<div dir=\"ltr\" class=\"bbc-19j92fr e57qer20\" readability=\"11\">\n<p dir=\"ltr\" class=\"bbc-bm53ic e1cc2ql70\">Recuerdo el caso de uno de mis pacientes, un beb\u00e9 de apenas cinco semanas a quien le diagnostiqu\u00e9 covid y cuya madre, lamentablemente, tambi\u00e9n ten\u00eda la enfermedad.<\/p>\n<\/div>\n<div dir=\"ltr\" class=\"bbc-19j92fr e57qer20\" readability=\"9\">\n<p dir=\"ltr\" class=\"bbc-bm53ic e1cc2ql70\">Es una familia con otros ni\u00f1os que atender, pocos recursos econ\u00f3micos y cuyo idioma nativo no es el ingl\u00e9s. Afortunadamente a ese beb\u00e9 le ha ido bien y ahora est\u00e1 en su casa.<\/p>\n<\/div>\n<div dir=\"ltr\" class=\"bbc-19j92fr e57qer20\" readability=\"12\">\n<p dir=\"ltr\" class=\"bbc-bm53ic e1cc2ql70\">Pero otros ni\u00f1os, desafortunadamente, experimentan secuelas muy graves como una reacci\u00f3n inflamatoria multisist\u00e9mica que puede da\u00f1ar el coraz\u00f3n, los pulmones, los ri\u00f1ones y otros \u00f3rganos.<\/p>\n<\/div>\n<div dir=\"ltr\" class=\"bbc-19j92fr e57qer20\" readability=\"9\">\n<p dir=\"ltr\" class=\"bbc-bm53ic e1cc2ql70\">Ciertamente estamos viendo un repunte de esos casos y mucha gente no lo sabe. Si un ni\u00f1o tiene una miocarditis y se contagia de covid, podr\u00eda sufrir una insuficiencia card\u00edaca.<\/p>\n<\/div>\n<div dir=\"ltr\" class=\"bbc-19j92fr e57qer20\" readability=\"9\">\n<p dir=\"ltr\" class=\"bbc-bm53ic e1cc2ql70\">En otros casos, es posible que tenga una insuficiencia renal que requiera di\u00e1lisis despu\u00e9s de haberse contagiado de covid. <\/p>\n<\/div>\n<div dir=\"ltr\" class=\"bbc-19j92fr e57qer20\" readability=\"9\">\n<p dir=\"ltr\" class=\"bbc-bm53ic e1cc2ql70\">Yo dir\u00eda que aparte de la muerte, esas son algunas de las posibles <b>secuelas m\u00e1s graves<\/b> que puede provocar la enfermedad.<\/p>\n<\/div>\n<div dir=\"ltr\" class=\"bbc-1ka88fa e57qer20\">\n<figure class=\"bbc-1qdcvv9 e6bmn90\">\n<div dir=\"ltr\" class=\"bbc-172p16q e57qer20\">\n<div dir=\"ltr\" class=\"bbc-189y18v e57qer20\" readability=\"6.5\">\n<div data-e2e=\"image-placeholder\" class=\"bbc-1k5hvrj e1whu0\" readability=\"8\"><noscript><img loading=\"lazy\" srcset=\"http:\/\/cordobadirecto.com\/wp-content\/uploads\/2021\/09\/covid-19-es-realmente-desgarrador-ver-a-ninos-intubados-el-impactante-relato-de-una-pediatra-sobre-la-situacion-en-los-hospitales-de-ee-uu-25.jpg 240w, http:\/\/cordobadirecto.com\/wp-content\/uploads\/2021\/09\/covid-19-es-realmente-desgarrador-ver-a-ninos-intubados-el-impactante-relato-de-una-pediatra-sobre-la-situacion-en-los-hospitales-de-ee-uu-26.jpg 320w, http:\/\/cordobadirecto.com\/wp-content\/uploads\/2021\/09\/covid-19-es-realmente-desgarrador-ver-a-ninos-intubados-el-impactante-relato-de-una-pediatra-sobre-la-situacion-en-los-hospitales-de-ee-uu-27.jpg 480w, http:\/\/cordobadirecto.com\/wp-content\/uploads\/2021\/09\/covid-19-es-realmente-desgarrador-ver-a-ninos-intubados-el-impactante-relato-de-una-pediatra-sobre-la-situacion-en-los-hospitales-de-ee-uu-28.jpg 624w, http:\/\/cordobadirecto.com\/wp-content\/uploads\/2021\/09\/covid-19-es-realmente-desgarrador-ver-a-ninos-intubados-el-impactante-relato-de-una-pediatra-sobre-la-situacion-en-los-hospitales-de-ee-uu-29.jpg 800w\" alt=\"Christina Propst\" src=\"http:\/\/cordobadirecto.com\/wp-content\/uploads\/2021\/09\/covid-19-es-realmente-desgarrador-ver-a-ninos-intubados-el-impactante-relato-de-una-pediatra-sobre-la-situacion-en-los-hospitales-de-ee-uu-4.jpg\" width=\"976\" height=\"549\" class=\"eehpdyc0 bbc-oabvne e1enwo3v0\"><\/noscript><\/p>\n<p role=\"text\" class=\"bbc-1s1cxbv etq3yw90\"><span class=\"bbc-1gnhmg2 e1yt7oin0\">Fuente de la imagen, <\/span><span lang=\"en-GB\">Christina Propst<\/span><\/p>\n<\/div>\n<\/div>\n<div dir=\"ltr\" class=\"bbc-3edg7g e57qer20\" readability=\"6.5\"><figcaption dir=\"ltr\" class=\"bbc-1t9zlwf eede9f50\" readability=\"3\"><span class=\"bbc-1gnhmg2 e1yt7oin0\">Pie de foto, <\/span><\/p>\n<p>La pediatra Christina Propst asegura que el covid-19 puede provocar graves consecuencias en la salud de los ni\u00f1os.<\/p>\n<\/figcaption><\/div>\n<\/div>\n<\/figure>\n<\/div>\n<div dir=\"ltr\" class=\"bbc-19j92fr e57qer20\" readability=\"12\">\n<p dir=\"ltr\" class=\"bbc-bm53ic e1cc2ql70\">Tambi\u00e9n est\u00e1 la <b>covid de larga duraci\u00f3n<\/b>, que en los ni\u00f1os ha tardado mucho m\u00e1s tiempo en ser reconocido en comparaci\u00f3n con la poblaci\u00f3n adulta, en gran parte porque los ni\u00f1os no hablan con los medios, no votan y no hacen donaciones a los pol\u00edticos.<\/p>\n<\/div>\n<div dir=\"ltr\" class=\"bbc-19j92fr e57qer20\" readability=\"15\">\n<p dir=\"ltr\" class=\"bbc-bm53ic e1cc2ql70\">Si ponemos atenci\u00f3n a lo que est\u00e1 pasando con los ni\u00f1os que tienen covid prolongado, nos damos cuenta que est\u00e1n experimentando fatiga, dolores de cabeza, confusi\u00f3n mental, trastornos del sue\u00f1o, malestar, cambios en el olfato y el gusto.<\/p>\n<\/div>\n<div dir=\"ltr\" class=\"bbc-19j92fr e57qer20\" readability=\"7\">\n<p dir=\"ltr\" class=\"bbc-bm53ic e1cc2ql70\">Algunos de esos ni\u00f1os han desarrollado una <b>depresi\u00f3n severa<\/b>. <\/p>\n<\/div>\n<div dir=\"ltr\" class=\"bbc-19j92fr e57qer20\" readability=\"8\">\n<p dir=\"ltr\" class=\"bbc-bm53ic e1cc2ql70\">Una de las cosas m\u00e1s preocupantes es que el covid <b>puede provocar repercusiones en las pr\u00f3ximas d\u00e9cadas con consecuencias que ni siquiera conocemos en la actualidad<\/b>.<\/p>\n<\/div>\n<div dir=\"ltr\" class=\"bbc-19j92fr e57qer20\" readability=\"8\">\n<p dir=\"ltr\" class=\"bbc-bm53ic e1cc2ql70\">El panorama se est\u00e1 complicando. Aproximadamente la mitad de las pruebas de covid que hice en una sola semana dieron positivo. Esa es una <b>tasa de positividad del 50% <\/b>solo en mi consulta. <\/p>\n<\/div>\n<div dir=\"ltr\" class=\"bbc-1ka88fa e57qer20\">\n<figure class=\"bbc-1qdcvv9 e6bmn90\">\n<div dir=\"ltr\" class=\"bbc-172p16q e57qer20\">\n<div dir=\"ltr\" class=\"bbc-189y18v e57qer20\" readability=\"6.5\">\n<div data-e2e=\"image-placeholder\" class=\"bbc-1k5hvrj e1whu0\" readability=\"8\"><noscript><img loading=\"lazy\" srcset=\"http:\/\/cordobadirecto.com\/wp-content\/uploads\/2021\/09\/covid-19-es-realmente-desgarrador-ver-a-ninos-intubados-el-impactante-relato-de-una-pediatra-sobre-la-situacion-en-los-hospitales-de-ee-uu-30.jpg 240w, http:\/\/cordobadirecto.com\/wp-content\/uploads\/2021\/09\/covid-19-es-realmente-desgarrador-ver-a-ninos-intubados-el-impactante-relato-de-una-pediatra-sobre-la-situacion-en-los-hospitales-de-ee-uu-31.jpg 320w, http:\/\/cordobadirecto.com\/wp-content\/uploads\/2021\/09\/covid-19-es-realmente-desgarrador-ver-a-ninos-intubados-el-impactante-relato-de-una-pediatra-sobre-la-situacion-en-los-hospitales-de-ee-uu-32.jpg 480w, http:\/\/cordobadirecto.com\/wp-content\/uploads\/2021\/09\/covid-19-es-realmente-desgarrador-ver-a-ninos-intubados-el-impactante-relato-de-una-pediatra-sobre-la-situacion-en-los-hospitales-de-ee-uu-33.jpg 624w, http:\/\/cordobadirecto.com\/wp-content\/uploads\/2021\/09\/covid-19-es-realmente-desgarrador-ver-a-ninos-intubados-el-impactante-relato-de-una-pediatra-sobre-la-situacion-en-los-hospitales-de-ee-uu-34.jpg 800w\" alt=\"Ni\u00f1o en hospital\" src=\"http:\/\/cordobadirecto.com\/wp-content\/uploads\/2021\/09\/covid-19-es-realmente-desgarrador-ver-a-ninos-intubados-el-impactante-relato-de-una-pediatra-sobre-la-situacion-en-los-hospitales-de-ee-uu-5.jpg\" width=\"976\" height=\"549\" class=\"eehpdyc0 bbc-oabvne e1enwo3v0\"><\/noscript><\/p>\n<p role=\"text\" class=\"bbc-1s1cxbv etq3yw90\"><span class=\"bbc-1gnhmg2 e1yt7oin0\">Fuente de la imagen, <\/span><span lang=\"en-GB\">Getty Images<\/span><\/p>\n<\/div>\n<\/div>\n<\/div>\n<\/figure>\n<\/div>\n<div dir=\"ltr\" class=\"bbc-19j92fr e57qer20\" readability=\"7\">\n<p dir=\"ltr\" class=\"bbc-bm53ic e1cc2ql70\">Y eso fue antes de que comenzara el a\u00f1o escolar a fines de agosto. <\/p>\n<\/div>\n<div dir=\"ltr\" class=\"bbc-19j92fr e57qer20\" readability=\"9\">\n<p dir=\"ltr\" class=\"bbc-bm53ic e1cc2ql70\">Lo que he visto es que la apertura de las escuelas no ha hecho m\u00e1s que echarle gasolina al fuego porque est\u00e1 acelerando la tasa de positividad entre los ni\u00f1os, al menos aqu\u00ed en Houston.<\/p>\n<\/div>\n<div dir=\"ltr\" class=\"bbc-19j92fr e57qer20\" readability=\"10\">\n<p dir=\"ltr\" class=\"bbc-bm53ic e1cc2ql70\">Es realmente aterrador cuando el centro m\u00e9dico m\u00e1s grande del mundo, el Texas Medical Center, est\u00e1 al borde de quedar sobrepasado.<\/p>\n<\/div>\n<div dir=\"ltr\" class=\"bbc-19j92fr e57qer20\" readability=\"11\">\n<p dir=\"ltr\" class=\"bbc-bm53ic e1cc2ql70\"><b>La unidad de cuidados intensivos del Texas Children&#8217;s Hospital est\u00e1 llena<\/b> y eso afecta a otros ni\u00f1os que pueden necesitar cuidados intensivos porque han tenido un accidente o han desarrollado, por ejemplo, una meningitis bacteriana. \u00bfQu\u00e9 haces con ellos?<\/p>\n<\/div>\n<div dir=\"ltr\" class=\"bbc-19j92fr e57qer20\" readability=\"7\">\n<p dir=\"ltr\" class=\"bbc-bm53ic e1cc2ql70\">Una situaci\u00f3n similar tambi\u00e9n est\u00e1 ocurriendo en otras partes de Estados Unidos. <\/p>\n<\/div>\n<div dir=\"ltr\" class=\"bbc-19j92fr e57qer20\" readability=\"10\">\n<p dir=\"ltr\" class=\"bbc-bm53ic e1cc2ql70\">En una semana de agosto, solo en una semana, se diagnosticaron 180.000 nuevos casos de covid pedi\u00e1trico en el pa\u00eds.<\/p>\n<\/div>\n<div dir=\"ltr\" class=\"bbc-19j92fr e57qer20\" readability=\"9\">\n<p dir=\"ltr\" class=\"bbc-bm53ic e1cc2ql70\">Y mucha gente no se quiere vacunar a pesar de lo que estamos viviendo. Aqu\u00ed en Texas, apenas el 56% de las personas est\u00e1 vacunada con las dos dosis. A estas alturas eso es cruel.<\/p>\n<\/div>\n<div dir=\"ltr\" class=\"bbc-1ka88fa e57qer20\">\n<figure class=\"bbc-1qdcvv9 e6bmn90\">\n<div dir=\"ltr\" class=\"bbc-172p16q e57qer20\">\n<div dir=\"ltr\" class=\"bbc-189y18v e57qer20\" readability=\"6.5\">\n<div data-e2e=\"image-placeholder\" class=\"bbc-1k5hvrj e1whu0\" readability=\"8\"><noscript><img loading=\"lazy\" srcset=\"http:\/\/cordobadirecto.com\/wp-content\/uploads\/2021\/09\/covid-19-es-realmente-desgarrador-ver-a-ninos-intubados-el-impactante-relato-de-una-pediatra-sobre-la-situacion-en-los-hospitales-de-ee-uu-35.jpg 240w, http:\/\/cordobadirecto.com\/wp-content\/uploads\/2021\/09\/covid-19-es-realmente-desgarrador-ver-a-ninos-intubados-el-impactante-relato-de-una-pediatra-sobre-la-situacion-en-los-hospitales-de-ee-uu-36.jpg 320w, http:\/\/cordobadirecto.com\/wp-content\/uploads\/2021\/09\/covid-19-es-realmente-desgarrador-ver-a-ninos-intubados-el-impactante-relato-de-una-pediatra-sobre-la-situacion-en-los-hospitales-de-ee-uu-37.jpg 480w, http:\/\/cordobadirecto.com\/wp-content\/uploads\/2021\/09\/covid-19-es-realmente-desgarrador-ver-a-ninos-intubados-el-impactante-relato-de-una-pediatra-sobre-la-situacion-en-los-hospitales-de-ee-uu-38.jpg 624w, http:\/\/cordobadirecto.com\/wp-content\/uploads\/2021\/09\/covid-19-es-realmente-desgarrador-ver-a-ninos-intubados-el-impactante-relato-de-una-pediatra-sobre-la-situacion-en-los-hospitales-de-ee-uu-39.jpg 800w\" alt=\"Ni\u00f1o tras unas rejas\" src=\"http:\/\/cordobadirecto.com\/wp-content\/uploads\/2021\/09\/covid-19-es-realmente-desgarrador-ver-a-ninos-intubados-el-impactante-relato-de-una-pediatra-sobre-la-situacion-en-los-hospitales-de-ee-uu-6.jpg\" width=\"976\" height=\"549\" class=\"eehpdyc0 bbc-oabvne e1enwo3v0\"><\/noscript><\/p>\n<p role=\"text\" class=\"bbc-1s1cxbv etq3yw90\"><span class=\"bbc-1gnhmg2 e1yt7oin0\">Fuente de la imagen, <\/span><span lang=\"en-GB\">Getty Images<\/span><\/p>\n<\/div>\n<\/div>\n<\/div>\n<\/figure>\n<\/div>\n<div dir=\"ltr\" class=\"bbc-19j92fr e57qer20\" readability=\"9\">\n<p dir=\"ltr\" class=\"bbc-bm53ic e1cc2ql70\">La gente debe tomar esto en serio por los ni\u00f1os. Ahora mismo, ellos son los m\u00e1s vulnerables porque las personas mayores pueden recibir una tercera dosis.<\/p>\n<\/div>\n<div dir=\"ltr\" class=\"bbc-19j92fr e57qer20\" readability=\"10\">\n<p dir=\"ltr\" class=\"bbc-bm53ic e1cc2ql70\">En cambio los ni\u00f1os ni siquiera pueden recibir su primera dosis si son menores de 12 a\u00f1os. Por eso, para mi <b>lo m\u00e1s importante es que todas las personas que puedan vacunarse, lo hagan<\/b>.<\/p>\n<\/div>\n<div dir=\"ltr\" class=\"bbc-19j92fr e57qer20\" readability=\"9\">\n<p dir=\"ltr\" class=\"bbc-bm53ic e1cc2ql70\">Uno pensar\u00eda que eso es algo obvio, pero aparentemente hay que gritarlo desde los techos de todos los edificios.<\/p>\n<\/div>\n<div dir=\"ltr\" class=\"bbc-19j92fr e57qer20\" readability=\"8\">\n<p dir=\"ltr\" class=\"bbc-bm53ic e1cc2ql70\"><b>Nuestra \u00faltima esperanza en este momento es que la gente use mascarillas y que <\/b><b>nos comportemos como <\/b><b>adultos responsables<\/b>.<\/p>\n<\/div>\n<div dir=\"ltr\" class=\"bbc-1ka88fa e57qer20\">\n<figure class=\"bbc-1qdcvv9 e6bmn90\">\n<div dir=\"ltr\" class=\"bbc-172p16q e57qer20\">\n<div dir=\"ltr\" class=\"bbc-189y18v e57qer20\">\n<div data-e2e=\"image-placeholder\" class=\"bbc-367mqz e1whu0\"><noscript><img loading=\"lazy\" srcset=\"http:\/\/cordobadirecto.com\/wp-content\/uploads\/2021\/09\/covid-19-es-realmente-desgarrador-ver-a-ninos-intubados-el-impactante-relato-de-una-pediatra-sobre-la-situacion-en-los-hospitales-de-ee-uu-12.jpg 240w, http:\/\/cordobadirecto.com\/wp-content\/uploads\/2021\/09\/covid-19-es-realmente-desgarrador-ver-a-ninos-intubados-el-impactante-relato-de-una-pediatra-sobre-la-situacion-en-los-hospitales-de-ee-uu-13.jpg 320w, http:\/\/cordobadirecto.com\/wp-content\/uploads\/2021\/09\/covid-19-es-realmente-desgarrador-ver-a-ninos-intubados-el-impactante-relato-de-una-pediatra-sobre-la-situacion-en-los-hospitales-de-ee-uu-14.jpg 464w\" alt=\"Rayita\" src=\"http:\/\/cordobadirecto.com\/wp-content\/uploads\/2021\/09\/covid-19-es-realmente-desgarrador-ver-a-ninos-intubados-el-impactante-relato-de-una-pediatra-sobre-la-situacion-en-los-hospitales-de-ee-uu-1.jpg\" width=\"464\" height=\"2\" class=\"eehpdyc0 bbc-oabvne e1enwo3v0\"><\/noscript><\/div>\n<\/div>\n<\/div>\n<\/figure>\n<\/div>\n<div dir=\"ltr\" class=\"bbc-19j92fr e57qer20\" readability=\"8\">\n<p dir=\"ltr\" class=\"bbc-bm53ic e1cc2ql70\"><i class=\"bbc-h1y5j7 ewc4zcb0\">Ahora puedes recibir notificaciones de BBC News Mundo. Descarga la nueva versi\u00f3n de nuestra app y act\u00edvalas para no perderte nuestro mejor contenido.<\/i><\/p>\n<\/div>\n","protected":false},"excerpt":{"rendered":"<p>Cecilia Barr\u00eda BBC News Mundo 6 horas Fuente de la imagen, Getty Images Las hospitalizaciones de ni\u00f1os por covid-19 han llegado a su mayor nivel en Estados Unidos desde que el pa\u00eds comenz\u00f3 a monitorear los casos pedi\u00e1tricos hace aproximadamente un a\u00f1o. Hacia finales de agosto, el promedio de admisiones por d\u00eda bordeaba los 300 [&hellip;]<\/p>\n","protected":false},"author":1,"featured_media":16451,"comment_status":"closed","ping_status":"closed","sticky":false,"template":"","format":"standard","meta":[],"categories":[24],"tags":[],"_links":{"self":[{"href":"http:\/\/cordobadirecto.com\/index.php\/wp-json\/wp\/v2\/posts\/16450"}],"collection":[{"href":"http:\/\/cordobadirecto.com\/index.php\/wp-json\/wp\/v2\/posts"}],"about":[{"href":"http:\/\/cordobadirecto.com\/index.php\/wp-json\/wp\/v2\/types\/post"}],"author":[{"embeddable":true,"href":"http:\/\/cordobadirecto.com\/index.php\/wp-json\/wp\/v2\/users\/1"}],"replies":[{"embeddable":true,"href":"http:\/\/cordobadirecto.com\/index.php\/wp-json\/wp\/v2\/comments?post=16450"}],"version-history":[{"count":0,"href":"http:\/\/cordobadirecto.com\/index.php\/wp-json\/wp\/v2\/posts\/16450\/revisions"}],"wp:featuredmedia":[{"embeddable":true,"href":"http:\/\/cordobadirecto.com\/index.php\/wp-json\/wp\/v2\/media\/16451"}],"wp:attachment":[{"href":"http:\/\/cordobadirecto.com\/index.php\/wp-json\/wp\/v2\/media?parent=16450"}],"wp:term":[{"taxonomy":"category","embeddable":true,"href":"http:\/\/cordobadirecto.com\/index.php\/wp-json\/wp\/v2\/categories?post=16450"},{"taxonomy":"post_tag","embeddable":true,"href":"http:\/\/cordobadirecto.com\/index.php\/wp-json\/wp\/v2\/tags?post=16450"}],"curies":[{"name":"wp","href":"https:\/\/api.w.org\/{rel}","templated":true}]}}