{"id":164623,"date":"2025-04-13T06:21:09","date_gmt":"2025-04-13T06:21:09","guid":{"rendered":"https:\/\/puntoapunto.com.ar\/?p=372037"},"modified":"2025-04-13T06:21:09","modified_gmt":"2025-04-13T06:21:09","slug":"fase-3-caputo-anuncio-el-fin-del-cepo-y-lanza-un-nuevo-regimen-cambiario","status":"publish","type":"post","link":"http:\/\/cordobadirecto.com\/index.php\/2025\/04\/13\/fase-3-caputo-anuncio-el-fin-del-cepo-y-lanza-un-nuevo-regimen-cambiario\/","title":{"rendered":"Fase 3: Caputo anunci\u00f3 el fin del cepo y lanza un nuevo r\u00e9gimen cambiario"},"content":{"rendered":"<p class data-start=\"200\" data-end=\"594\">El ministro de Econom\u00eda, <strong>Luis Caputo, anunci\u00f3 este viernes el inicio de la <a href=\"https:\/\/www.bcra.gob.ar\/Noticias\/inicio-fase-3-programa-economico.asp\">tercera fase del programa<\/a> econ\u00f3mico del Gobierno, que contempla el fin del cepo cambiario y la implementaci\u00f3n de un nuevo r\u00e9gimen de flotaci\u00f3n dentro de bandas para el d\u00f3lar.<\/strong> A partir del pr\u00f3ximo lunes, la cotizaci\u00f3n de la divisa estadounidense <strong>se mover\u00e1 entre los $1.000 y $1.400, con una actualizaci\u00f3n mensual del 1%.<\/strong><!-- \u00a1O bien no hay banners, estan desactivados o no estan programados para esta ubicaci\u00f3n! -->\n<\/p>\n<p class data-start=\"596\" data-end=\"857\">El anuncio se dio en paralelo con la<a href=\"https:\/\/puntoapunto.com.ar\/acuerdo-con-el-fmi-hoy-se-llegaria-al-dia-d-y-mejoran-expectativas\/\"> aprobaci\u00f3n por parte del Fondo Monetario Internacional (FMI)<\/a> de un nuevo programa de facilidades extendidas, que contempla <strong>desembolsos por US$ 20.000 millones, de los cuales US$ 15.000 estar\u00e1n disponibles libremente en 2025.<\/strong>\n<\/p>\n<p class data-start=\"859\" data-end=\"1168\"><strong>\u201cDesde este lunes se termina el cepo cambiario\u201d,<\/strong> expres\u00f3 Caputo en una conferencia de prensa junto al presidente del Banco Central, Santiago Bausili. El ministro agradeci\u00f3 al presidente Javier Milei por su \u201cliderazgo, generosidad y valent\u00eda\u201d, y asegur\u00f3 que la medida permitir\u00e1 el ingreso de capitales al pa\u00eds.\n<\/p>\n<p><iframe id=\"_ytid_35492\" width=\"480\" height=\"270\" data-origwidth=\"480\" data-origheight=\"270\" src=\"https:\/\/www.youtube.com\/embed\/Rs4RozAv7q8?enablejsapi=1&amp;autoplay=0&amp;cc_load_policy=0&amp;cc_lang_pref=&amp;iv_load_policy=1&amp;loop=0&amp;modestbranding=0&amp;rel=0&amp;fs=1&amp;playsinline=0&amp;autohide=2&amp;theme=dark&amp;color=red&amp;controls=1&amp;\" class=\"__youtube_prefs__ epyt-is-override no-lazyload\" title=\"YouTube player\" allow=\"fullscreen; accelerometer; autoplay; clipboard-write; encrypted-media; gyroscope; picture-in-picture\" allowfullscreen data-no-lazy=\"1\" data-skipgform_ajax_framebjll>[embedded content]<\/iframe>\n<\/p>\n<p class data-start=\"1170\" data-end=\"1493\">Con el nuevo esquema, <strong>el Gobierno elimina el d\u00f3lar \u00abblend\u00bb y libera completamente la compra de divisas por parte de personas humanas, eliminando el tope mensual de US$ 200<\/strong>. Adem\u00e1s, se habilita la distribuci\u00f3n de utilidades al exterior a partir de los balances iniciados en 2025 y se flexibilizan los pagos de importaciones.<!-- \u00a1O bien no hay banners, estan desactivados o no estan programados para esta ubicaci\u00f3n! -->\n<\/p>\n<p class data-start=\"1495\" data-end=\"1552\"><strong>Entre los principales ejes del nuevo r\u00e9gimen se destacan:<\/strong><\/p>\n<ul data-start=\"1553\" data-end=\"2023\" readability=\"3.5\">\n<li class data-start=\"1553\" data-end=\"1660\" readability=\"1\">\n<p class data-start=\"1555\" data-end=\"1660\">Flotaci\u00f3n del d\u00f3lar dentro de bandas cambiarias m\u00f3viles, con intervenci\u00f3n del BCRA para evitar desbordes.\n<\/p>\n<\/li>\n<li class data-start=\"1661\" data-end=\"1769\" readability=\"0\">\n<p class data-start=\"1663\" data-end=\"1769\">Eliminaci\u00f3n de restricciones al mercado \u00fanico y libre de cambios (MULC) para personas f\u00edsicas y jur\u00eddicas.\n<\/p>\n<\/li>\n<li class data-start=\"1770\" data-end=\"1928\" readability=\"0\">\n<p class data-start=\"1772\" data-end=\"1928\">Sustituci\u00f3n del ancla cambiaria por un ancla monetaria centrada en el control de la base monetaria y la eliminaci\u00f3n de la emisi\u00f3n para financiar el d\u00e9ficit.\n<\/p>\n<\/li>\n<li class data-start=\"1929\" data-end=\"2023\" readability=\"0\">\n<p class data-start=\"1931\" data-end=\"2023\">Reducci\u00f3n del \u201cparking\u201d para operar con bonos y est\u00edmulo a la remonetizaci\u00f3n de la econom\u00eda.\n<\/p>\n<\/li>\n<\/ul>\n<p class data-start=\"2025\" data-end=\"2256\">El levantamiento del cepo estar\u00e1 respaldado por nuevas l\u00edneas de financiamiento internacional que permitir\u00e1n reforzar las reservas del BCRA en US$ 28.100 millones, incluyendo la renovaci\u00f3n del swap con China por US$ 5.000 millones.\n<\/p>\n<p class data-start=\"2258\" data-end=\"2420\">La medida se implementa en un contexto favorable para el ingreso de divisas: <strong>el comienzo de la liquidaci\u00f3n de la cosecha gruesa y una baja de retenciones al agro.<\/strong>\n<\/p>\n<div class=\"g g-38\">\n<div class=\"g-dyn a-12 c-1\"><a class=\"gofollow\" data-track=\"MTIsMzgsMSw2MA==\" href=\"https:\/\/hospitalprivado.com.ar\/blog\/institucional\/somos-la-primera-institucion-del-interior-del-pais-en-acreditar-joint-commission-international.html\" target=\"_blank\" rel=\"noopener\"><img src=\"http:\/\/cordobadirecto.com\/wp-content\/uploads\/2025\/04\/fase-3-caputo-anuncio-el-fin-del-cepo-y-lanza-un-nuevo-regimen-cambiario.gif\" loading=\"lazy\"><\/a><\/div>\n<\/div>\n","protected":false},"excerpt":{"rendered":"<p>El ministro de Econom\u00eda, Luis Caputo, anunci\u00f3 este viernes el inicio de la tercera fase del programa econ\u00f3mico del Gobierno, que contempla el fin del cepo cambiario y la implementaci\u00f3n de un nuevo r\u00e9gimen de flotaci\u00f3n dentro de bandas para el d\u00f3lar. A partir del pr\u00f3ximo lunes, la cotizaci\u00f3n de la divisa estadounidense se mover\u00e1 [&hellip;]<\/p>\n","protected":false},"author":1,"featured_media":164624,"comment_status":"closed","ping_status":"closed","sticky":false,"template":"","format":"standard","meta":[],"categories":[25],"tags":[],"_links":{"self":[{"href":"http:\/\/cordobadirecto.com\/index.php\/wp-json\/wp\/v2\/posts\/164623"}],"collection":[{"href":"http:\/\/cordobadirecto.com\/index.php\/wp-json\/wp\/v2\/posts"}],"about":[{"href":"http:\/\/cordobadirecto.com\/index.php\/wp-json\/wp\/v2\/types\/post"}],"author":[{"embeddable":true,"href":"http:\/\/cordobadirecto.com\/index.php\/wp-json\/wp\/v2\/users\/1"}],"replies":[{"embeddable":true,"href":"http:\/\/cordobadirecto.com\/index.php\/wp-json\/wp\/v2\/comments?post=164623"}],"version-history":[{"count":0,"href":"http:\/\/cordobadirecto.com\/index.php\/wp-json\/wp\/v2\/posts\/164623\/revisions"}],"wp:featuredmedia":[{"embeddable":true,"href":"http:\/\/cordobadirecto.com\/index.php\/wp-json\/wp\/v2\/media\/164624"}],"wp:attachment":[{"href":"http:\/\/cordobadirecto.com\/index.php\/wp-json\/wp\/v2\/media?parent=164623"}],"wp:term":[{"taxonomy":"category","embeddable":true,"href":"http:\/\/cordobadirecto.com\/index.php\/wp-json\/wp\/v2\/categories?post=164623"},{"taxonomy":"post_tag","embeddable":true,"href":"http:\/\/cordobadirecto.com\/index.php\/wp-json\/wp\/v2\/tags?post=164623"}],"curies":[{"name":"wp","href":"https:\/\/api.w.org\/{rel}","templated":true}]}}