{"id":164778,"date":"2025-04-15T20:17:36","date_gmt":"2025-04-15T20:17:36","guid":{"rendered":"https:\/\/www.ole.com.ar\/autos\/michael-schumacher-nacimiento-nieta-formula-1_0_9sxabNofCR.html"},"modified":"2025-04-15T20:17:36","modified_gmt":"2025-04-15T20:17:36","slug":"aseguran-que-michael-schumacher-volo-a-suiza-por-el-nacimiento-de-su-primera-nieta","status":"publish","type":"post","link":"http:\/\/cordobadirecto.com\/index.php\/2025\/04\/15\/aseguran-que-michael-schumacher-volo-a-suiza-por-el-nacimiento-de-su-primera-nieta\/","title":{"rendered":"Aseguran que Michael Schumacher vol\u00f3 a Suiza por el nacimiento de su primera nieta"},"content":{"rendered":"<p><time class=\"createDate\" datetime=\"2025-04-15T17:17:36-03:00\">15\/04\/2025 17:17hs.<\/time><\/p>\n<div id=\"storyBody\">\n<div class=\"custom-text \" readability=\"42.99043062201\">\n<p>El 29 de diciembre de 2013, <strong><a href=\"https:\/\/www.ole.com.ar\/tema\/michael-schumacher.html\" title=\"Michael Schumacher\" alt=\"Michael Schumacher\" class=\"slug\">Michael Schumacher<\/a><\/strong> sufri\u00f3 un accidente que cambi\u00f3 su vida y la de su familia. Esquiando en los Alpes franceses, <strong>choc\u00f3 su cabeza contra una piedra y debi\u00f3 ser trasladado de forma urgente<\/strong> al hospital de Moutier y luego al de Grenoble, donde se realiz\u00f3 una neurocirug\u00eda y <strong>se mantuvo en estado de coma<\/strong>. Desde entonces, el siete veces campe\u00f3n de la <strong><a href=\"https:\/\/www.ole.com.ar\/tema\/formula-1.html\" title=\"F\u00f3rmula 1\" alt=\"F\u00f3rmula 1\" class=\"slug\">F\u00f3rmula 1<\/a><\/strong> (en 1994, 1995, 2000, 2001, 2002, 2004 y 2004) no volvi\u00f3 a aparecer p\u00fablicamente y su entorno mantiene su estado actual en secreto. Sin embargo, se public\u00f3 que viaj\u00f3 a Suiza debido a una ocasi\u00f3n especial:<strong> fue abuelo por primera vez<\/strong>.<\/p>\n<\/div>\n<div class=\"custom-text \" readability=\"39\">\n<p>Seg\u00fan inform\u00f3 el diario alem\u00e1n Bild, el oriundo de H\u00fcrth-Herm\u00fclheim se traslad\u00f3 en helic\u00f3ptero desde Espa\u00f1a con destino a su casa en Gland, Suiza,<strong> donde su hija Gina dio a luz a Millie Bethke Schumacher el 29 de marzo<\/strong>. Seg\u00fan la publicaci\u00f3n, la familia espera que su primera nieta le d\u00e9 al K\u00e1iser la fuerza necesaria para seguir adelante con su recuperaci\u00f3n. <\/p>\n<\/div>\n<div class=\"sc-e7b891c4-0 ifHnQL image-embed\"><img alt=\"As\u00ed le daba la bienvenida Gina Schumacher a su hija Millie. (Foto: @Gina_Schumacher)\" loading=\"lazy\" width=\"720\" height=\"100\" decoding=\"async\" data-nimg=\"1\" src=\"http:\/\/cordobadirecto.com\/wp-content\/uploads\/2025\/04\/aseguran-que-michael-schumacher-volo-a-suiza-por-el-nacimiento-de-su-primera-nieta.jpg\"><span class=\"epigraphe\">As\u00ed le daba la bienvenida Gina Schumacher a su hija Millie. (Foto: @Gina_Schumacher)<\/span><\/div>\n<div class=\"custom-text \" readability=\"40\">\n<p>Esta habr\u00eda sido la segunda ocasi\u00f3n en la que sacan a Schumi de su casa para participar en un evento familiar. En octubre del a\u00f1o pasado, tambi\u00e9n -afirman- sali\u00f3 por causa de otro acontecimiento importante en la vida de su hija Gina: <strong>su casamiento<\/strong>, el cual se celebr\u00f3 en Mallorca, donde vive el ex piloto. No obstante, no existe ning\u00fan tipo de material que compruebe que \u00e9l estuvo presente, ya que<strong> estaba prohibido tener un celular o cualquier aparato con c\u00e1mara durante el evento<\/strong>.<\/p>\n<\/div>\n<div class=\"sc-e7b891c4-0 ifHnQL image-embed\"><img alt=\"Gina Schumacher y su esposo, Iain Bethke, el d\u00eda de su boda.\" loading=\"lazy\" width=\"720\" height=\"100\" decoding=\"async\" data-nimg=\"1\" src=\"http:\/\/cordobadirecto.com\/wp-content\/uploads\/2025\/04\/aseguran-que-michael-schumacher-volo-a-suiza-por-el-nacimiento-de-su-primera-nieta-1.jpg\"><span class=\"epigraphe\">Gina Schumacher y su esposo, Iain Bethke, el d\u00eda de su boda.<\/span><\/div>\n<p><h2><strong>As\u00ed record\u00f3 Ralf Schumacher a su hermano tras el accidente<\/strong><\/h2>\n<\/p>\n<div class=\"custom-text \" readability=\"40\">\n<p>El ganador de seis Grandes Premios de la M\u00e1xima charl\u00f3 con el diario Bild sobre su hermano y expres\u00f3: &#8220;<strong>Extra\u00f1o a mi Michael de antes<\/strong>. La vida a veces es injusta. \u00c9l hab\u00eda tenido suerte muchas veces en su vida, pero luego ocurri\u00f3 este tr\u00e1gico accidente. Afortunadamente, las opciones m\u00e9dicas modernas nos han permitido hacer algunas cosas, pero nada es igual que antes. <strong>Cambi\u00f3 nuestra familia<\/strong>. Puedo decir que aquella desgracia fue una experiencia muy mala y dr\u00e1stica tambi\u00e9n para m\u00ed. Pero, claro, a\u00fan m\u00e1s para sus hijos&#8221;.<\/p>\n<\/div>\n<div class=\"custom-text \" readability=\"35\">\n<p>Pese a haber compartido la parrilla con Michael durante la mayor parte de su carrera, el menor de los Schumacher corri\u00f3 sin su hermano en <strong>2007<\/strong>, su \u00faltimo a\u00f1o en la F\u00f3rmula 1.<\/p>\n<\/div>\n<div class=\"custom-text \" readability=\"39\">\n<p>&#8220;Michael no era s\u00f3lo mi hermano. Cuando \u00e9ramos chicos, \u00e9l tambi\u00e9n fue mi entrenador y mentor. Me ense\u00f1\u00f3 literalmente todo sobre las carreras de karts. Puede que hubiera una diferencia de edad de siete a\u00f1os, pero \u00e9l siempre estuvo a mi lado. Corrimos juntos, entrenamos maniobras de adelantamiento y todo lo que importa en el automovilismo. Repas\u00f3 todas las diferentes cosas que ya hab\u00eda internalizado. <strong>Tuve el honor de aprender del mejo<\/strong>r&#8221;, sentenci\u00f3.<\/p>\n<\/div>\n<div class=\"sc-a7166897-0 eoLsBE\" readability=\"7.5\">\n<section readability=\"5\"><picture><img alt=\"Pierre Gasly, compa\u00f1ero de Colapinto: la trasnochada, la felicitaci\u00f3n a un inversor y el GP de Arabia Saudita\" loading=\"lazy\" width=\"290\" height=\"290\" decoding=\"async\" data-nimg=\"1\" src=\"http:\/\/cordobadirecto.com\/wp-content\/uploads\/2025\/04\/aseguran-que-michael-schumacher-volo-a-suiza-por-el-nacimiento-de-su-primera-nieta-2.jpg\"><\/picture>\n<p><span>Mir\u00e1 tambi\u00e9n<\/span><\/p>\n<hr>\n<h3>Pierre Gasly, compa\u00f1ero de Colapinto: la trasnochada, la felicitaci\u00f3n a un inversor y el GP de Arabia Saudita<\/h3>\n<\/p>\n<\/section>\n<\/div>\n<div class=\"sc-a7166897-0 eoLsBE\" readability=\"6.5\">\n<section readability=\"3\"><picture><img alt=\"Qu\u00e9 dijo Jack Doohan en la previa al GP de F1 en Arabia Saudita: de la decepci\u00f3n al impulso positivo\" loading=\"lazy\" width=\"290\" height=\"290\" decoding=\"async\" data-nimg=\"1\" src=\"http:\/\/cordobadirecto.com\/wp-content\/uploads\/2025\/04\/aseguran-que-michael-schumacher-volo-a-suiza-por-el-nacimiento-de-su-primera-nieta-3.jpg\"><\/picture>\n<p><span>Mir\u00e1 tambi\u00e9n<\/span><\/p>\n<hr>\n<h3>Qu\u00e9 dijo Jack Doohan en la previa al GP de F1 en Arabia Saudita: de la decepci\u00f3n al impulso positivo<\/h3>\n<\/p>\n<\/section>\n<\/div>\n<div class=\"sc-a7166897-0 eoLsBE\" readability=\"7.5\">\n<section readability=\"5\"><picture><img alt=\"Alpine, el equipo de Colapinto, salud\u00f3 a una estrella de Hollywood: \u00bfc\u00f3mo se relacionan?\" loading=\"lazy\" width=\"290\" height=\"290\" decoding=\"async\" data-nimg=\"1\" src=\"http:\/\/cordobadirecto.com\/wp-content\/uploads\/2025\/04\/aseguran-que-michael-schumacher-volo-a-suiza-por-el-nacimiento-de-su-primera-nieta-4.jpg\"><\/picture>\n<p><span>Mir\u00e1 tambi\u00e9n<\/span><\/p>\n<hr>\n<h3>Alpine, el equipo de Colapinto, salud\u00f3 a una estrella de Hollywood: \u00bfc\u00f3mo se relacionan?<\/h3>\n<\/p>\n<\/section>\n<\/div>\n<\/div>\n","protected":false},"excerpt":{"rendered":"<p>15\/04\/2025 17:17hs. El 29 de diciembre de 2013, Michael Schumacher sufri\u00f3 un accidente que cambi\u00f3 su vida y la de su familia. Esquiando en los Alpes franceses, choc\u00f3 su cabeza contra una piedra y debi\u00f3 ser trasladado de forma urgente al hospital de Moutier y luego al de Grenoble, donde se realiz\u00f3 una neurocirug\u00eda y [&hellip;]<\/p>\n","protected":false},"author":1,"featured_media":164779,"comment_status":"closed","ping_status":"closed","sticky":false,"template":"","format":"standard","meta":[],"categories":[21],"tags":[],"_links":{"self":[{"href":"http:\/\/cordobadirecto.com\/index.php\/wp-json\/wp\/v2\/posts\/164778"}],"collection":[{"href":"http:\/\/cordobadirecto.com\/index.php\/wp-json\/wp\/v2\/posts"}],"about":[{"href":"http:\/\/cordobadirecto.com\/index.php\/wp-json\/wp\/v2\/types\/post"}],"author":[{"embeddable":true,"href":"http:\/\/cordobadirecto.com\/index.php\/wp-json\/wp\/v2\/users\/1"}],"replies":[{"embeddable":true,"href":"http:\/\/cordobadirecto.com\/index.php\/wp-json\/wp\/v2\/comments?post=164778"}],"version-history":[{"count":0,"href":"http:\/\/cordobadirecto.com\/index.php\/wp-json\/wp\/v2\/posts\/164778\/revisions"}],"wp:featuredmedia":[{"embeddable":true,"href":"http:\/\/cordobadirecto.com\/index.php\/wp-json\/wp\/v2\/media\/164779"}],"wp:attachment":[{"href":"http:\/\/cordobadirecto.com\/index.php\/wp-json\/wp\/v2\/media?parent=164778"}],"wp:term":[{"taxonomy":"category","embeddable":true,"href":"http:\/\/cordobadirecto.com\/index.php\/wp-json\/wp\/v2\/categories?post=164778"},{"taxonomy":"post_tag","embeddable":true,"href":"http:\/\/cordobadirecto.com\/index.php\/wp-json\/wp\/v2\/tags?post=164778"}],"curies":[{"name":"wp","href":"https:\/\/api.w.org\/{rel}","templated":true}]}}