{"id":164782,"date":"2025-04-16T14:59:38","date_gmt":"2025-04-16T14:59:38","guid":{"rendered":"https:\/\/www.ole.com.ar\/futbol-ascenso\/ascenso-primera-nacional-rescindio-contrato-gissi_0_oo5YUZSmcu.html"},"modified":"2025-04-16T14:59:38","modified_gmt":"2025-04-16T14:59:38","slug":"fue-separado-por-jugar-incentivado-paso-a-otro-equipo-del-ascenso-y-rescindio-a-dos-meses-de-llegar","status":"publish","type":"post","link":"http:\/\/cordobadirecto.com\/index.php\/2025\/04\/16\/fue-separado-por-jugar-incentivado-paso-a-otro-equipo-del-ascenso-y-rescindio-a-dos-meses-de-llegar\/","title":{"rendered":"Fue separado por jugar incentivado, pas\u00f3 a otro equipo del Ascenso y rescindi\u00f3 a dos meses de llegar"},"content":{"rendered":"<p><time class=\"createDate\" datetime=\"2025-04-15T18:11:52-03:00\">15\/04\/2025 18:11hs.<\/time><\/p>\n<div id=\"storyBody\">\n<div class=\"custom-text \" readability=\"34.8828125\">\n<p>Casos in\u00e9ditos que suceden en el <a href=\"https:\/\/www.ole.com.ar\/tema\/ascenso.html\" title=\"Ascenso\" alt=\"Ascenso\" class=\"slug\">Ascenso<\/a> argentino. Y el protagonista es un jugador que supo jugar en la m\u00e1xima categor\u00eda, e incluso, en el extranjero. Pero hoy,<strong> tras su paso por <a href=\"https:\/\/www.ole.com.ar\/tema\/atlanta.html\" title=\"atlanta\" alt=\"atlanta\" class=\"slug\">Atlanta<\/a> y la reciente salida de <a href=\"https:\/\/www.ole.com.ar\/tema\/arsenal-de-sarandi.html\" title=\"Arsenal de Sarand\u00ed\" alt=\"Arsenal de Sarand\u00ed\" class=\"slug\">Arsenal<\/a><\/strong>, su futuro es totalmente incierto.<\/p>\n<\/div>\n<div class=\"custom-text \" readability=\"39\">\n<p><strong>El player en cuesti\u00f3n es Dylan Gissi<\/strong>. El defensor central de 33 a\u00f1os arrib\u00f3 a Sarand\u00ed despu\u00e9s de su pol\u00e9mica partida del Bohemio, pero su estad\u00eda dur\u00f3 poco: <strong>firm\u00f3 contrato a principios de febrero, y en las \u00faltimas horas, lo rescindi\u00f3 de com\u00fan acuerdo<\/strong> con el club, tal como inform\u00f3 el Arse en sus redes sociales.<\/p>\n<\/div>\n<div class=\"sc-e7b891c4-0 ifHnQL image-embed\"><img alt=\"Gissi firm\u00f3 su contrato en febrero y ya se fue (Prensa Arsenal).\" loading=\"lazy\" width=\"720\" height=\"100\" decoding=\"async\" data-nimg=\"1\" src=\"http:\/\/cordobadirecto.com\/wp-content\/uploads\/2025\/04\/fue-separado-por-jugar-incentivado-paso-a-otro-equipo-del-ascenso-y-rescindio-a-dos-meses-de-llegar.jpg\"><span class=\"epigraphe\">Gissi firm\u00f3 su contrato en febrero y ya se fue (Prensa Arsenal).<\/span><\/div>\n<div class=\"custom-text \" readability=\"38\">\n<p>En su breve paso por el Viaducto,<strong> Gissi apenas jug\u00f3 seis partidos<\/strong>: tras el \u00faltimo de ellos, ante Quilmes -que fue el \u00faltimo partido de Mart\u00edn Rol\u00f3n como entrenador-, fue al banco contra San Miguel y no fue citado con Almagro, Ferro y Patronato.<\/p>\n<\/div>\n<p><h2><strong>\u00bfQu\u00e9 pas\u00f3 con Gissi en Atlanta?<\/strong><\/h2>\n<\/p>\n<div class=\"custom-text \" readability=\"37\">\n<p>El zaguero ven\u00eda siendo titular en el equipo del Bohemio en 2024. Pero tras un partido con Atl\u00e9tico Rafaela, qued\u00f3 en la mira a partir de unas declaraciones: &#8220;Sabemos que existe el incentivo a favor y eso est\u00e1 bien. <strong>Por ejemplo, ellos nos dieron cinco millones de pesos por ganarle a Brown de Adrogu\u00e9<\/strong>. Ojal\u00e1 sea siempre por ganar&#8221;.<\/p>\n<\/div>\n<div class=\"custom-text \" readability=\"38\">\n<p>La pol\u00e9mica no solo se insert\u00f3 por los dichos en s\u00ed, sino que <strong>fue en medio de la pelea por no descender entre La Crema y el Tricolor<\/strong> -terminaron bajando los dos-. Previo a los dichos de Gissi, Atlanta hab\u00eda ca\u00eddo justamente ante Rafaela. Una semana despu\u00e9s, el det\u00e9 Luis Garc\u00eda lo borr\u00f3 y termin\u00f3 y\u00e9ndose del club. <\/p>\n<\/div>\n<div class=\"sc-e7b891c4-0 ifHnQL image-embed\"><img alt=\"Gissi tuvo una salida pol\u00e9mica de Atlanta.\" loading=\"lazy\" width=\"720\" height=\"100\" decoding=\"async\" data-nimg=\"1\" src=\"http:\/\/cordobadirecto.com\/wp-content\/uploads\/2025\/04\/fue-separado-por-jugar-incentivado-paso-a-otro-equipo-del-ascenso-y-rescindio-a-dos-meses-de-llegar-1.jpg\"><span class=\"epigraphe\">Gissi tuvo una salida pol\u00e9mica de Atlanta.<\/span><\/div>\n<p><h2><strong>\u00bfHay nuevo entrenador?<\/strong><\/h2>\n<\/p>\n<div class=\"custom-text \" readability=\"34.766037735849\">\n<p>La actualidad de Arsenal en la <a href=\"https:\/\/www.ole.com.ar\/tema\/primera-nacional.html\" title=\"Primera Nacional\" alt=\"Primera Nacional\" class=\"slug\">Primera Nacional<\/a> es preocupante: <strong>todav\u00eda no gan\u00f3 en lo que va del a\u00f1o y est\u00e1 en zona de descenso<\/strong>. En este contexto, Gabriel Viscovich, quien agarr\u00f3 el plantel de forma interina tras la salida de Rol\u00f3n, qued\u00f3 en la cuerda floja.<\/p>\n<\/div>\n<div class=\"custom-text \" readability=\"36\">\n<p>Por eso es que los nombres empezaron a resonar en los pasillos de Sarand\u00ed. <strong>Y uno de los que m\u00e1s fuerza tom\u00f3 en las \u00faltimas horas es el de Cristian Tula<\/strong>: el ex defensor central, que visti\u00f3 la camiseta del Arse como jugador, viene de un breve pero flojo paso por Talleres de Escalada. \u00bfLlegar\u00e1?<\/p>\n<\/div>\n<div class=\"sc-a7166897-0 eoLsBE\" readability=\"6.5\">\n<section readability=\"3\"><picture><img alt=\"Toto Bravo, figura de Estrella del Sur: &quot;Estamos para pelear arriba&quot;\" loading=\"lazy\" width=\"290\" height=\"290\" decoding=\"async\" data-nimg=\"1\" src=\"http:\/\/cordobadirecto.com\/wp-content\/uploads\/2025\/04\/fue-separado-por-jugar-incentivado-paso-a-otro-equipo-del-ascenso-y-rescindio-a-dos-meses-de-llegar-2.jpg\"><\/picture>\n<p><span>Mir\u00e1 tambi\u00e9n<\/span><\/p>\n<hr>\n<h3>Toto Bravo, figura de Estrella del Sur: &#8220;Estamos para pelear arriba&#8221;<\/h3>\n<\/p>\n<\/section>\n<\/div>\n<div class=\"sc-a7166897-0 eoLsBE\" readability=\"6\">\n<section readability=\"2\"><picture><img alt=\"Mu\u00f1iz le gan\u00f3 a Cambaceres y lo hundi\u00f3 en una terrible racha negativa\" loading=\"lazy\" width=\"290\" height=\"290\" decoding=\"async\" data-nimg=\"1\" src=\"http:\/\/cordobadirecto.com\/wp-content\/uploads\/2025\/04\/fue-separado-por-jugar-incentivado-paso-a-otro-equipo-del-ascenso-y-rescindio-a-dos-meses-de-llegar-3.jpg\"><\/picture>\n<p><span>Mir\u00e1 tambi\u00e9n<\/span><\/p>\n<hr>\n<h3>Mu\u00f1iz le gan\u00f3 a Cambaceres y lo hundi\u00f3 en una terrible racha negativa<\/h3>\n<\/p>\n<\/section>\n<\/div>\n<\/div>\n","protected":false},"excerpt":{"rendered":"<p>15\/04\/2025 18:11hs. Casos in\u00e9ditos que suceden en el Ascenso argentino. Y el protagonista es un jugador que supo jugar en la m\u00e1xima categor\u00eda, e incluso, en el extranjero. Pero hoy, tras su paso por Atlanta y la reciente salida de Arsenal, su futuro es totalmente incierto. El player en cuesti\u00f3n es Dylan Gissi. El defensor [&hellip;]<\/p>\n","protected":false},"author":1,"featured_media":164783,"comment_status":"closed","ping_status":"closed","sticky":false,"template":"","format":"standard","meta":[],"categories":[21],"tags":[],"_links":{"self":[{"href":"http:\/\/cordobadirecto.com\/index.php\/wp-json\/wp\/v2\/posts\/164782"}],"collection":[{"href":"http:\/\/cordobadirecto.com\/index.php\/wp-json\/wp\/v2\/posts"}],"about":[{"href":"http:\/\/cordobadirecto.com\/index.php\/wp-json\/wp\/v2\/types\/post"}],"author":[{"embeddable":true,"href":"http:\/\/cordobadirecto.com\/index.php\/wp-json\/wp\/v2\/users\/1"}],"replies":[{"embeddable":true,"href":"http:\/\/cordobadirecto.com\/index.php\/wp-json\/wp\/v2\/comments?post=164782"}],"version-history":[{"count":0,"href":"http:\/\/cordobadirecto.com\/index.php\/wp-json\/wp\/v2\/posts\/164782\/revisions"}],"wp:featuredmedia":[{"embeddable":true,"href":"http:\/\/cordobadirecto.com\/index.php\/wp-json\/wp\/v2\/media\/164783"}],"wp:attachment":[{"href":"http:\/\/cordobadirecto.com\/index.php\/wp-json\/wp\/v2\/media?parent=164782"}],"wp:term":[{"taxonomy":"category","embeddable":true,"href":"http:\/\/cordobadirecto.com\/index.php\/wp-json\/wp\/v2\/categories?post=164782"},{"taxonomy":"post_tag","embeddable":true,"href":"http:\/\/cordobadirecto.com\/index.php\/wp-json\/wp\/v2\/tags?post=164782"}],"curies":[{"name":"wp","href":"https:\/\/api.w.org\/{rel}","templated":true}]}}