{"id":164790,"date":"2025-04-16T13:06:32","date_gmt":"2025-04-16T13:06:32","guid":{"rendered":"https:\/\/cordoba.gob.ar\/?p=77017"},"modified":"2025-04-16T13:06:32","modified_gmt":"2025-04-16T13:06:32","slug":"semana-santa-dias-y-horarios-de-los-mercados-y-las-ferias-francas","status":"publish","type":"post","link":"http:\/\/cordobadirecto.com\/index.php\/2025\/04\/16\/semana-santa-dias-y-horarios-de-los-mercados-y-las-ferias-francas\/","title":{"rendered":"Semana Santa: d\u00edas y horarios de los Mercados y las Ferias Francas"},"content":{"rendered":"<div><img src=\"http:\/\/cordobadirecto.com\/wp-content\/uploads\/2025\/04\/semana-santa-dias-y-horarios-de-los-mercados-y-las-ferias-francas.jpg\" class=\"ff-og-image-inserted\"><\/div>\n<p>En C\u00f3rdoba la tradici\u00f3n de Semana Santa siempre est\u00e1 presente: d\u00edas que la religi\u00f3n y su liturgia invitan a pensar en comidas que escapan a la cotidianeidad.<\/p>\n<p>Bagna cauda, empanada gallega, empanadas de vigilia, roscas y huevos de pascuas se pueden encontrar en los Mercados y las Ferias Francas de la ciudad que estar\u00e1n abiertas para abastecerse durante el fin de semana largo que se aproxima.<\/p>\n<p>Los distintos puestos de los mercados son un lugar ideal para adquirir productos frescos de calidad en cualquier \u00e9poca del a\u00f1o.<\/p>\n<p>Desde hace 100 a\u00f1os acompa\u00f1an el movimiento de la ciudad con propuestas a la altura de los mejores mercados del mundo, donde junto a la variada oferta de carnes, panader\u00eda, frutas, quesos, fiambres, embutidos y hasta flores, ofrecen platos gourmet a la altura de los mejores sitios.<\/p>\n<p><strong><span>Horarios y d\u00edas de los Mercados este fin de semana:<\/span><\/strong><\/p>\n<ul>\n<li><strong>Mercado Sud<\/strong><\/li>\n<\/ul>\n<p>Jueves desde las 07:00 a las 17:00<\/p>\n<p>Viernes desde las 07:00 a las 14:00<\/p>\n<p>S\u00e1bado desde las 07:00 a las 14:00<\/p>\n<ul>\n<li><strong>Mercado Norte<\/strong><\/li>\n<\/ul>\n<p>Jueves de 07:00 a 17:30<\/p>\n<p>Viernes de 07:00 a 13:00<\/p>\n<p>S\u00e1bado de 07:00 a 14:30<\/p>\n<p><strong><span>Cronograma Ferias Francas<\/span><\/strong><\/p>\n<p><strong>Jueves<\/strong><\/p>\n<ul>\n<li>B\u00b0 Los Naranjos \u2013 Manuel G\u00f3mez Carrillo (2550-2650) entre Padre Lozano y Echeverr\u00eda<\/li>\n<li>B\u00b0 Nueva C\u00f3rdoba-Rondeau (600-700) entre Balcarce y Tr\u00e1nsito C\u00e1ceres de Allende<\/li>\n<li>B\u00b0 Crisol \u2013 Extremadura y Castilla (Plazoleta Independencia)<\/li>\n<li>B\u00b0 Providencia -Dumesnil (1500-1600) entre Chaco y Chubut<\/li>\n<li>B\u00b0 Altamira \u2013 R\u00edo Paran\u00e1 (1100-1200) entre EE.UU. y L\u00f3pez y Planes<\/li>\n<li>Alto Verde \u2013 Curapaligue (3300-3400) entre Javier L\u00f3pez y Bv. Los Granaderos<\/li>\n<li>B\u00b0 Marques de Sobremonte \u2013 Melchor Ram\u00edrez (550-600) entre Juan Barrag\u00e1n y Nuflo de Aguilar<\/li>\n<\/ul>\n<p><strong>Viernes<\/strong><\/p>\n<ul>\n<li>B\u00b0 Alto Alberdi \u2013 Caseros (3100-3300) entre Concejal Pe\u00f1aloza y Maestro Vidal.<\/li>\n<li>B\u00b0 Alberdi- Humberto1\u00b0 (2300- 2400) entre Cnel Pedro Zanni y Dr. Pedro Chutro<\/li>\n<li>B\u00b0 Los Boulevares. De los Alemanes y Jorge Delpech.<\/li>\n<li>B\u00b0 Jard\u00edn- Cosqu\u00edn (1000-1050) Plaza del Ni\u00f1o<\/li>\n<\/ul>\n<p><strong>S\u00e1bado<\/strong><\/p>\n<ul>\n<li>B\u00b0 General Bustos \u2013 Jos\u00e9 Ag\u00fcero (400-600) entre Juan B Justo y Rep\u00fablica del L\u00edbano<\/li>\n<li>B\u00b0 Alta C\u00f3rdoba \u2013 Emilio Castelar (700-850) entre Mariano Fragueiro y Justo Jos\u00e9 de Urquiza<\/li>\n<li>B\u00b0 G\u00fcemes \u2013\n<ul>\n<li>Marcelo T de Alvear entre Ach\u00e1val Rodr\u00edguez y Pasaje Revol<\/li>\n<li>Pasaje Revol entre Marcelo T de Alvear y Belgrano<\/li>\n<\/ul>\n<\/li>\n<li>B\u00b0 Villa Cabrera \u2013 Obispo Lascano (3100-3150) entre Ciudad de Tampa y Tem\u00edstocles Catellanos<\/li>\n<li>B\u00b0 Yofre Norte \u2013\n<ul>\n<li>Adolfo Alsina (2000-2100) entre Nicol\u00e1s Isasmendi y Villacorta y Oca\u00f1a<\/li>\n<li>Villacorta y Oca\u00f1a (2900- 3000) entre Adolfo Alsina y Jacinto Altolaguirre<\/li>\n<\/ul>\n<\/li>\n<li>B\u00b0 Ampliaci\u00f3n Rosedal- Felipe Boero (2400-2450) entre Lagunilla y Reconquista<\/li>\n<li>B\u00b0 Jardines del Sur \u2013 Plaza Soconcho entre Guasapampa (3750)y calle P\u00fablica D<\/li>\n<\/ul>\n<p><strong>Domingo<\/strong><\/p>\n<ul>\n<li>B\u00b0 San Vicente \u2013 San Jer\u00f3nimo (2400-2600) entre San Alberto y Sgto Cabral<\/li>\n<li>B\u00b0 Los Pl\u00e1tanos -Dr. Miguel A C\u00e1rcano (600-700) entre Av. Santa Ana y San Luis<\/li>\n<li>B\u00b0 Don Bosco- Jos\u00e9 Vespiani, entre Ardizone y Santiago Costamagna<\/li>\n<\/ul>\n","protected":false},"excerpt":{"rendered":"<p>En C\u00f3rdoba la tradici\u00f3n de Semana Santa siempre est\u00e1 presente: d\u00edas que la religi\u00f3n y su liturgia invitan a pensar en comidas que escapan a la cotidianeidad. Bagna cauda, empanada gallega, empanadas de vigilia, roscas y huevos de pascuas se pueden encontrar en los Mercados y las Ferias Francas de la ciudad que estar\u00e1n abiertas [&hellip;]<\/p>\n","protected":false},"author":1,"featured_media":164791,"comment_status":"closed","ping_status":"closed","sticky":false,"template":"","format":"standard","meta":[],"categories":[44],"tags":[],"_links":{"self":[{"href":"http:\/\/cordobadirecto.com\/index.php\/wp-json\/wp\/v2\/posts\/164790"}],"collection":[{"href":"http:\/\/cordobadirecto.com\/index.php\/wp-json\/wp\/v2\/posts"}],"about":[{"href":"http:\/\/cordobadirecto.com\/index.php\/wp-json\/wp\/v2\/types\/post"}],"author":[{"embeddable":true,"href":"http:\/\/cordobadirecto.com\/index.php\/wp-json\/wp\/v2\/users\/1"}],"replies":[{"embeddable":true,"href":"http:\/\/cordobadirecto.com\/index.php\/wp-json\/wp\/v2\/comments?post=164790"}],"version-history":[{"count":0,"href":"http:\/\/cordobadirecto.com\/index.php\/wp-json\/wp\/v2\/posts\/164790\/revisions"}],"wp:featuredmedia":[{"embeddable":true,"href":"http:\/\/cordobadirecto.com\/index.php\/wp-json\/wp\/v2\/media\/164791"}],"wp:attachment":[{"href":"http:\/\/cordobadirecto.com\/index.php\/wp-json\/wp\/v2\/media?parent=164790"}],"wp:term":[{"taxonomy":"category","embeddable":true,"href":"http:\/\/cordobadirecto.com\/index.php\/wp-json\/wp\/v2\/categories?post=164790"},{"taxonomy":"post_tag","embeddable":true,"href":"http:\/\/cordobadirecto.com\/index.php\/wp-json\/wp\/v2\/tags?post=164790"}],"curies":[{"name":"wp","href":"https:\/\/api.w.org\/{rel}","templated":true}]}}