{"id":164824,"date":"2025-04-17T15:00:49","date_gmt":"2025-04-17T15:00:49","guid":{"rendered":"https:\/\/www.ole.com.ar\/futbol-ascenso\/ascenso-arsenal-actividad-ambiental-arboles_0_goVv81IWxC.html"},"modified":"2025-04-17T15:00:49","modified_gmt":"2025-04-17T15:00:49","slug":"la-emotiva-actividad-ambiental-de-arsenal","status":"publish","type":"post","link":"http:\/\/cordobadirecto.com\/index.php\/2025\/04\/17\/la-emotiva-actividad-ambiental-de-arsenal\/","title":{"rendered":"La emotiva actividad ambiental de Arsenal"},"content":{"rendered":"<p><time class=\"createDate\" datetime=\"2025-04-16T18:32:04-03:00\">16\/04\/2025 18:32hs.<\/time><\/p>\n<div id=\"storyBody\">\n<div class=\"custom-text \" readability=\"37.08275862069\">\n<p>Una vez m\u00e1s, <a href=\"https:\/\/www.ole.com.ar\/tema\/arsenal-de-sarandi.html\" title=\"Arsenal de Sarand\u00ed\" alt=\"Arsenal de Sarand\u00ed\" class=\"slug\">Arsenal<\/a> es protagonista de cuestiones que excenden lo futbol\u00edstico. Y en esta ocasi\u00f3n, <strong>el motivo tiene que ver con la celebraci\u00f3n del D\u00eda de la Tierra<\/strong>: el pr\u00f3ximo martes 22, desde las 17, el conjunto de Sarand\u00ed albergar\u00e1 un emotivo evento sobre el compromiso ambiental.<\/p>\n<\/div>\n<div class=\"custom-text \" readability=\"38\">\n<p>En la cancha auxiliar 2 del Estadio Julio Humberto Grondona, Arsenal llevar\u00e1 adelante una emotiva y significativa actividad denominada <strong>&#8220;El tiempo de los \u00e1rboles en Sarand\u00ed&#8221;<\/strong>. La jornada contar\u00e1 con la participaci\u00f3n de alumnos de la Escuela Primaria Rural N\u00b047 Mart\u00edn Miguel de G\u00fcemes, integrantes del plantel profesional, miembros de la dirigencia del club y autoridades de la Municipalidad de Avellaneda.<\/p>\n<\/div>\n<div class=\"custom-text \" readability=\"34.09026128266\">\n<p>Adem\u00e1s, <strong>otro que dir\u00e1 presente es Mat\u00edas Manna<\/strong>, asistente-analista del cuerpo t\u00e9cnico que encabeza <a href=\"https:\/\/www.ole.com.ar\/tema\/lionel-scaloni.html\" title=\"Lionel Scaloni\" alt=\"Lionel Scaloni\" class=\"slug\">Lionel Scaloni<\/a> en la <a href=\"https:\/\/www.ole.com.ar\/tema\/seleccion-argentina.html\" title=\"Selecci\u00f3n Argentina\" alt=\"Selecci\u00f3n Argentina\" class=\"slug\">Selecci\u00f3n Argentina<\/a>, con trayectoria en cuator Copas del Mundo y experiencia en selecciones como <a href=\"https:\/\/www.ole.com.ar\/tema\/seleccion-de-chile.html\" title=\"Selecci\u00f3n de Chile\" alt=\"Selecci\u00f3n de Chile\" class=\"slug\">Chile<\/a> y <a href=\"https:\/\/www.ole.com.ar\/tema\/arabia-saudita.html\" title=\"Arabia Saudita\" alt=\"Arabia Saudita\" class=\"slug\">Arabia Saudita<\/a>. Adem\u00e1s de su rol en el \u00e1mbito deportivo, <strong>es autor del libro &#8220;El tiempo de los \u00e1rboles&#8221;<\/strong> -que inspira la actividad- y referente de una ONG dedicada a la conciencia ambiental.<\/p>\n<\/div>\n<div class=\"sc-e7b891c4-0 ifHnQL image-embed\"><img alt=\"Mat\u00edas Manna, analista de videos de la Selecci\u00f3n.\" loading=\"lazy\" width=\"720\" height=\"100\" decoding=\"async\" data-nimg=\"1\" src=\"http:\/\/cordobadirecto.com\/wp-content\/uploads\/2025\/04\/la-emotiva-actividad-ambiental-de-arsenal.jpg\"><span class=\"epigraphe\">Mat\u00edas Manna, analista de videos de la Selecci\u00f3n.<\/span><\/div>\n<div class=\"custom-text \" readability=\"37\">\n<p>Durante la jornada, <strong>se realizar\u00e1 una plantaci\u00f3n de \u00e1rboles en el predio del club<\/strong>, promoviendo valores como el cuidado del medioambiente, la responsabilidad social y la formaci\u00f3n de v\u00ednculos con la comunidad.<\/p>\n<\/div>\n<p><h2><strong>El comunicado de Arsenal <\/strong><\/h2>\n<\/p>\n<div class=\"custom-text \" readability=\"36\">\n<p>Al respecto, Arsenal expres\u00f3: &#8220;Esta acci\u00f3n <strong>es una manera de sembrar presente y futuro<\/strong>. Dentro de nuestra estrategia integral de involucrar a los chicos de barrio como as\u00ed tambi\u00e9n del club, esta jornada ser\u00e1 parte de varias acciones que realizaremos.<\/p>\n<\/div>\n<div class=\"sc-e7b891c4-0 ifHnQL image-embed\"><img alt=\"El flyer de Arsenal para promover su actividad (Prensa Arsenal).\" loading=\"lazy\" width=\"720\" height=\"100\" decoding=\"async\" data-nimg=\"1\" src=\"http:\/\/cordobadirecto.com\/wp-content\/uploads\/2025\/04\/la-emotiva-actividad-ambiental-de-arsenal-1.jpg\"><span class=\"epigraphe\">El flyer de Arsenal para promover su actividad (Prensa Arsenal).<\/span><\/div>\n<div class=\"custom-text \" readability=\"33\">\n<p>Poder contar con un referente de la tem\u00e1tica y del f\u00fatbol argentino como Mat\u00edas Manna <strong>nos permite trascender lo deportivo y generar un mensaje positivo<\/strong> desde el club hacia la sociedad&#8221;.<\/p>\n<\/div>\n<div class=\"sc-a7166897-0 eoLsBE\" readability=\"6.5\">\n<section readability=\"3\"><picture><img alt=\"En medio de la crisis futbol\u00edstica, Arsenal confirm\u00f3 a su nuevo entrenador\" loading=\"lazy\" width=\"290\" height=\"290\" decoding=\"async\" data-nimg=\"1\" src=\"http:\/\/cordobadirecto.com\/wp-content\/uploads\/2025\/04\/la-emotiva-actividad-ambiental-de-arsenal-2.jpg\"><\/picture>\n<p><span>Mir\u00e1 tambi\u00e9n<\/span><\/p>\n<hr>\n<h3>En medio de la crisis futbol\u00edstica, Arsenal confirm\u00f3 a su nuevo entrenador<\/h3>\n<\/p>\n<\/section>\n<\/div>\n<div class=\"sc-a7166897-0 eoLsBE\" readability=\"7\">\n<section readability=\"4\"><picture><img alt=\"Por el postergado de la quinta fecha, Midland se lo empat\u00f3 a Acassuso en el final y es m\u00e1s l\u00edder que nunca\" loading=\"lazy\" width=\"290\" height=\"290\" decoding=\"async\" data-nimg=\"1\" src=\"http:\/\/cordobadirecto.com\/wp-content\/uploads\/2025\/04\/la-emotiva-actividad-ambiental-de-arsenal-3.jpg\"><\/picture>\n<p><span>Mir\u00e1 tambi\u00e9n<\/span><\/p>\n<hr>\n<h3>Por el postergado de la quinta fecha, Midland se lo empat\u00f3 a Acassuso en el final y es m\u00e1s l\u00edder que nunca<\/h3>\n<\/p>\n<\/section>\n<\/div>\n<\/div>\n","protected":false},"excerpt":{"rendered":"<p>16\/04\/2025 18:32hs. Una vez m\u00e1s, Arsenal es protagonista de cuestiones que excenden lo futbol\u00edstico. Y en esta ocasi\u00f3n, el motivo tiene que ver con la celebraci\u00f3n del D\u00eda de la Tierra: el pr\u00f3ximo martes 22, desde las 17, el conjunto de Sarand\u00ed albergar\u00e1 un emotivo evento sobre el compromiso ambiental. En la cancha auxiliar 2 [&hellip;]<\/p>\n","protected":false},"author":1,"featured_media":164825,"comment_status":"closed","ping_status":"closed","sticky":false,"template":"","format":"standard","meta":[],"categories":[21],"tags":[],"_links":{"self":[{"href":"http:\/\/cordobadirecto.com\/index.php\/wp-json\/wp\/v2\/posts\/164824"}],"collection":[{"href":"http:\/\/cordobadirecto.com\/index.php\/wp-json\/wp\/v2\/posts"}],"about":[{"href":"http:\/\/cordobadirecto.com\/index.php\/wp-json\/wp\/v2\/types\/post"}],"author":[{"embeddable":true,"href":"http:\/\/cordobadirecto.com\/index.php\/wp-json\/wp\/v2\/users\/1"}],"replies":[{"embeddable":true,"href":"http:\/\/cordobadirecto.com\/index.php\/wp-json\/wp\/v2\/comments?post=164824"}],"version-history":[{"count":0,"href":"http:\/\/cordobadirecto.com\/index.php\/wp-json\/wp\/v2\/posts\/164824\/revisions"}],"wp:featuredmedia":[{"embeddable":true,"href":"http:\/\/cordobadirecto.com\/index.php\/wp-json\/wp\/v2\/media\/164825"}],"wp:attachment":[{"href":"http:\/\/cordobadirecto.com\/index.php\/wp-json\/wp\/v2\/media?parent=164824"}],"wp:term":[{"taxonomy":"category","embeddable":true,"href":"http:\/\/cordobadirecto.com\/index.php\/wp-json\/wp\/v2\/categories?post=164824"},{"taxonomy":"post_tag","embeddable":true,"href":"http:\/\/cordobadirecto.com\/index.php\/wp-json\/wp\/v2\/tags?post=164824"}],"curies":[{"name":"wp","href":"https:\/\/api.w.org\/{rel}","templated":true}]}}