{"id":164832,"date":"2025-04-17T18:17:21","date_gmt":"2025-04-17T18:17:21","guid":{"rendered":"https:\/\/es.digitaltrends.com\/?p=1067579"},"modified":"2025-04-17T18:17:21","modified_gmt":"2025-04-17T18:17:21","slug":"chespirito-sin-querer-queriendo-todo-sobre-la-serie-biografica","status":"publish","type":"post","link":"http:\/\/cordobadirecto.com\/index.php\/2025\/04\/17\/chespirito-sin-querer-queriendo-todo-sobre-la-serie-biografica\/","title":{"rendered":"Chespirito: sin querer queriendo, todo sobre la serie biogr\u00e1fica"},"content":{"rendered":"<div class=\"b-toc h-toc\"> <label for=\"dt-toc\"> Tabla de contenidos\t<\/label> <\/p>\n<div class=\"b-drop\"> <svg viewBox=\"0 0 35 20\">\n<polygon points=\"35,2.2 32.8,0 17.5,15.6 2.2,0 0,2.2 17.5,20\" \/>\n<\/svg> <\/div><\/div>\n<p>Es posible que no exista en M\u00e9xico y en toda Latinoam\u00e9rica un programa de televisi\u00f3n m\u00e1s universal y que haya sido traducida a tantos idiomas, y haya durado tanto tiempo en la pantalla chica, como <a href=\"https:\/\/es.digitaltrends.com\/entretenimiento\/donde-ver-el-chavo-del-8\/\" rel>El Chavo del 8<\/a>, la historia de una vecindad llena de personajes cotidianos que han hecho re\u00edr a tantas generaciones, de la mano de su ya fallecido creador <strong>Roberto G\u00f3mez Bola\u00f1os<\/strong>, m\u00e1s conocido como <strong>Chespirito<\/strong>.<\/p>\n<p>Y ahora Max har\u00e1 un homenaje a la vida y obra de este comediante y productor mexicano, destacado tambi\u00e9n por su Chapul\u00edn Colorado, ese anti h\u00e9roe tan admirado.<\/p>\n<p>La serie biogr\u00e1fica se llama <strong><em>Chespirito: sin querer queriendo<\/em><\/strong> (tr\u00e1iler arriba) y cuenta la vida y obra de G\u00f3mez Bola\u00f1os.<\/p>\n<h2 class=\"wp-block-heading\">C\u00f3mo y cu\u00e1ndo ver Chespirito: sin querer queriendo<\/h2>\n<p>Con ocho episodios a la semana cada d\u00eda jueves, la bio serie se estrena globalmente el pr\u00f3ximo&nbsp;<strong>5 de junio<\/strong>&nbsp;en la plataforma de streaming&nbsp;<a href=\"https:\/\/www.max.com\/cl\/es\" rel=\"noreferrer noopener\" target=\"_blank\">Max<\/a>.<\/p>\n<p>Podremos conocer m\u00e1s sobre G\u00f3mez Bola\u00f1os, tanto su rol como creador de algunos de los personajes m\u00e1s entra\u00f1ables de la televisi\u00f3n, su camino personal, hasta como su deseo de hacer humor lo llev\u00f3 hasta donde est\u00e1.<\/p>\n<ul class=\"wp-block-list\">\n<li>Jueves 5 de junio: cap\u00edtulo 1<\/li>\n<li>Jueves 12 de junio: cap\u00edtulo 2<\/li>\n<li>Jueves 19 de junio: cap\u00edtulo 3<\/li>\n<li>Jueves 26 de junio: cap\u00edtulo 4<\/li>\n<li>Jueves 3 de julio: cap\u00edtulo 5<\/li>\n<li>Jueves 10 de julio: cap\u00edtulo 6<\/li>\n<li>Jueves 17 de julio: cap\u00edtulo 7<\/li>\n<li>Jueves 24 de julio: cap\u00edtulo 8<\/li>\n<\/ul>\n<h2 class=\"wp-block-heading\">Elenco y creadores de la serie sobre Chespirito<\/h2>\n<figure data-wp-context=\"{&quot;uploadedSrc&quot;:&quot;https:\\\/\\\/es.digitaltrends.com\\\/wp-content\\\/uploads\\\/2025\\\/04\\\/Chespirito.jpeg&quot;,&quot;figureClassNames&quot;:&quot;wp-block-image size-large&quot;,&quot;figureStyles&quot;:null,&quot;imgClassNames&quot;:&quot;wp-image-1067583&quot;,&quot;imgStyles&quot;:null,&quot;targetWidth&quot;:769,&quot;targetHeight&quot;:516,&quot;scaleAttr&quot;:false,&quot;ariaLabel&quot;:&quot;Enlarge image&quot;,&quot;alt&quot;:&quot;&quot;}\" data-wp-interactive=\"core\/image\" class=\"wp-block-image size-large wp-lightbox-container\"><img fetchpriority=\"high\" decoding=\"async\" data-wp-init=\"callbacks.setButtonStyles\" data-wp-on-async--click=\"actions.showLightbox\" data-wp-on-async--load=\"callbacks.setButtonStyles\" data-wp-on-async-window--resize=\"callbacks.setButtonStyles\" src=\"http:\/\/cordobadirecto.com\/wp-content\/uploads\/2025\/04\/chespirito-sin-querer-queriendo-todo-sobre-la-serie-biografica.jpg\" alt class=\"wp-image-1067583\"><button class=\"lightbox-trigger\" type=\"button\" aria-haspopup=\"dialog\" aria-label=\"Enlarge image\" data-wp-init=\"callbacks.initTriggerButton\" data-wp-on-async--click=\"actions.showLightbox\" data-wp-style--right=\"context.imageButtonRight\" data-wp-style--top=\"context.imageButtonTop\"> <svg width=\"12\" height=\"12\" fill=\"none\" viewBox=\"0 0 12 12\"> <path fill=\"#fff\" d=\"M2 0a2 2 0 0 0-2 2v2h1.5V2a.5.5 0 0 1 .5-.5h2V0H2Zm2 10.5H2a.5.5 0 0 1-.5-.5V8H0v2a2 2 0 0 0 2 2h2v-1.5ZM8 12v-1.5h2a.5.5 0 0 0 .5-.5V8H12v2a2 2 0 0 1-2 2H8Zm2-12a2 2 0 0 1 2 2v2h-1.5V2a.5.5 0 0 0-.5-.5H8V0h2Z\" \/> <\/svg> <\/button><figcaption id=\"caption-attachment-1067583\" class=\"wp-caption-text\"><span class=\"credit\">Imagen utilizada con permiso del titular de los derechos de autor<\/span><\/figcaption><\/figure>\n<p>La escritura de la serie estuvo a cargo del mismo hijo de \u201cChespirito\u201d, Roberto G\u00f3mez Fern\u00e1ndez. Y qui\u00e9n interpreta al personaje principal es el actor Pablo Cruz.<\/p>\n<p>Es dirigida por Rodrigo Santos, Juli\u00e1n de Tavira y David Ruiz. Y producida por THR3 madia y Perro Azul.<\/p>\n<h3 class=\"wp-block-heading\">Elenco de la serie:<\/h3>\n<figure data-wp-context=\"{&quot;uploadedSrc&quot;:&quot;https:\\\/\\\/es.digitaltrends.com\\\/wp-content\\\/uploads\\\/2025\\\/04\\\/Dona-Florinda.jpeg&quot;,&quot;figureClassNames&quot;:&quot;wp-block-image size-large&quot;,&quot;figureStyles&quot;:null,&quot;imgClassNames&quot;:&quot;wp-image-1067582&quot;,&quot;imgStyles&quot;:null,&quot;targetWidth&quot;:775,&quot;targetHeight&quot;:426,&quot;scaleAttr&quot;:false,&quot;ariaLabel&quot;:&quot;Enlarge image&quot;,&quot;alt&quot;:&quot;&quot;}\" data-wp-interactive=\"core\/image\" class=\"wp-block-image size-large wp-lightbox-container\"><img decoding=\"async\" data-wp-init=\"callbacks.setButtonStyles\" data-wp-on-async--click=\"actions.showLightbox\" data-wp-on-async--load=\"callbacks.setButtonStyles\" data-wp-on-async-window--resize=\"callbacks.setButtonStyles\" src=\"http:\/\/cordobadirecto.com\/wp-content\/uploads\/2025\/04\/chespirito-sin-querer-queriendo-todo-sobre-la-serie-biografica-1.jpg\" alt class=\"wp-image-1067582\"><button class=\"lightbox-trigger\" type=\"button\" aria-haspopup=\"dialog\" aria-label=\"Enlarge image\" data-wp-init=\"callbacks.initTriggerButton\" data-wp-on-async--click=\"actions.showLightbox\" data-wp-style--right=\"context.imageButtonRight\" data-wp-style--top=\"context.imageButtonTop\"> <svg width=\"12\" height=\"12\" fill=\"none\" viewBox=\"0 0 12 12\"> <path fill=\"#fff\" d=\"M2 0a2 2 0 0 0-2 2v2h1.5V2a.5.5 0 0 1 .5-.5h2V0H2Zm2 10.5H2a.5.5 0 0 1-.5-.5V8H0v2a2 2 0 0 0 2 2h2v-1.5ZM8 12v-1.5h2a.5.5 0 0 0 .5-.5V8H12v2a2 2 0 0 1-2 2H8Zm2-12a2 2 0 0 1 2 2v2h-1.5V2a.5.5 0 0 0-.5-.5H8V0h2Z\" \/> <\/svg> <\/button><figcaption id=\"caption-attachment-1067582\" class=\"wp-caption-text\"><span class=\"credit\">Imagen utilizada con permiso del titular de los derechos de autor<\/span><\/figcaption><\/figure>\n<ul class=\"wp-block-list\">\n<li>Pablo Cruz:&nbsp;<strong>Roberto G\u00f3mez Bola\u00f1os \u2013 Chavo del 8, Chapul\u00edn Colorado, Dr. Chapat\u00edn<\/strong><\/li>\n<li>Paulina D\u00e1vila:&nbsp;<strong>Graciela Fern\u00e1ndez<\/strong><\/li>\n<li>B\u00e1rbara L\u00f3pez:&nbsp;<strong>Margarita Ruiz \u2013 Do\u00f1a Florinda<\/strong><\/li>\n<li>Juan Lecanda:&nbsp;<strong>Marcos Barrag\u00e1n \u2013 Quico<\/strong><\/li>\n<li>Miguel Islas:&nbsp;<strong>Ram\u00f3n Vald\u00e9s \u2013 Don Ram\u00f3n<\/strong><\/li>\n<li>Paola Montes de Oca:&nbsp;<strong>Mar\u00eda Antonieta de las Nieves \u2013 Chilindrina<\/strong><\/li>\n<li>Arturo Barba:&nbsp;<strong>Rub\u00e9n Aguirre \u2013 Profesor Jirafales<\/strong><\/li>\n<li>Andrea Noli:&nbsp;<strong>Angelines Fern\u00e1ndez \u2013 Do\u00f1a Clotilde, La Bruja del 71<\/strong><\/li>\n<li>Eugenio Bartilotti:&nbsp;<strong>Edgar Vivar \u2013 Se\u00f1or Barriga, \u00d1o\u00f1o<\/strong><\/li>\n<li>Karina Gidi:&nbsp;<strong>Elsa Bola\u00f1os<\/strong><\/li>\n<li>Rolando Breme:&nbsp;<strong>Mariano Casasola<\/strong><\/li>\n<li>Jorge Luis Moreno:&nbsp;<strong>Horacio G\u00f3mez<\/strong><\/li>\n<li>Sebasti\u00e1n Moncayo:&nbsp;<strong>Ernesto Figueras<\/strong><\/li>\n<li>Iv\u00e1n Arag\u00f3n:&nbsp;<strong>Roberto G\u00f3mez Bola\u00f1os (joven)<\/strong><\/li>\n<li>Macarena Garc\u00eda:&nbsp;<strong>Graciela Fern\u00e1ndez (joven)<\/strong><\/li>\n<\/ul>\n<h2 class=\"wp-block-heading\">La pol\u00e9mica con Florinda Meza<\/h2>\n<p>Un episodio que no ha pasado inadvertido en la producci\u00f3n de esta serie biogr\u00e1fica, es que si bien est\u00e1 escrita por Roberto y Paulina G\u00f3mez Fern\u00e1ndez, hijos del creador de El Chavo del 8, Florinda Meza, viuda de G\u00f3mez Bola\u00f1os y Do\u00f1a Florinda en la serie, se opuso a su creaci\u00f3n.<\/p>\n<p>\u201cS\u00e9 de muy buena fuente que en esa biograf\u00eda no se me trata con respeto y mucho menos con verdad, cosa que causar\u00eda un gran dolor a Robert, si a\u00fan viviera, \u00bfpero a qui\u00e9n le importa la autorizaci\u00f3n o la opini\u00f3n de un muerto?\u201d, dijo Meza, viuda de G\u00f3mez Bola\u00f1os, en un video de marzo de 2024, quien adem\u00e1s tuvo un procedimiento legal donde buscaba que se hiciera \u201ccorrectamente\u201d.<\/p>\n<p>En octubre de 2024, Roberto G\u00f3mez Fern\u00e1ndez dijo durante una alfombra roja que hab\u00eda resuelto las diferencias con Florinda Meza: \u201cEs un momento feliz, fue un camino muy largo, de pl\u00e1ticas y de ponernos de acuerdo, pero finalmente se logr\u00f3\u201d.<\/p>\n<h2 class=\"wp-block-heading\">Sinopsis de Chespirito: sin querer queriendo<\/h2>\n<p>La trama es un recorrido que inicia en la infancia del comediante, su vida entre las d\u00e9cadas de los 50 y 80.<\/p>\n<p>Seg\u00fan la sinopsis oficial de Max, la serie \u201cnos cuenta como&nbsp;<strong>un joven con un sue\u00f1o logr\u00f3 hacerse un lugar<\/strong>&nbsp;en la naciente industria de la televisi\u00f3n, y que en la b\u00fasqueda por ser amado y reconocido termin\u00f3 por sacrificarlo todo\u00bb.<\/p>\n<figure class=\"wp-block-embed is-type-video is-provider-youtube wp-block-embed-youtube wp-embed-aspect-16-9 wp-has-aspect-ratio\">\n<div class=\"wp-block-embed__wrapper\">\n<iframe title=\"Entrevista in\u00e9dita: Elenco El Chavo del 8 en Venezuela 1977 realizada por &quot;60 Minutos&quot; de TVN Chile\" width=\"100%\" height=\"281\" src=\"https:\/\/www.youtube.com\/embed\/8Riqu4uZc8k?feature=oembed\" frameborder=\"0\" allow=\"accelerometer; autoplay; clipboard-write; encrypted-media; gyroscope; picture-in-picture; web-share\" referrerpolicy=\"strict-origin-when-cross-origin\" allowfullscreen>[embedded content]<\/iframe>\n<\/div>\n<\/figure>\n<p>En el avance, vemos a \u2018Chespirito\u2019, detr\u00e1s de una m\u00e1quina de escribir, ideando la famosa vecindad de \u2018El Chavo del 8\u2032 y los vistazos de Quico y la Chilindrina:<\/p>\n<p>\u201dTenemos que hacer que este lugar tenga vida, con una ni\u00f1a que va a andar por ah\u00ed con un ni\u00f1o bien latoso\u2026&nbsp;<strong>El coraz\u00f3n de esa vecindad ser\u00e1 la ternura de un ni\u00f1o hu\u00e9rfano y desprotegido<\/strong>&nbsp;(\u2026) Ser\u00e1 un programa con mucho ritmo, disputas y contrastes, con el que todos nos identificamos\u201d.<\/p>\n<p> <span id=\"publisher-md\" itemprop=\"publisher\" itemscope itemtype=\"https:\/\/schema.org\/Organization\"> <span itemprop=\"url\" itemtype=\"https:\/\/schema.org\/Url\" content=\"https:\/\/es.digitaltrends.com\"> <span itemprop=\"logo\" itemscope itemtype=\"https:\/\/schema.org\/ImageObject\"> <meta itemprop=\"url\" content=\"https:\/\/cdn.dtcn.com\/dt\/dt-logo-small.png\"> <meta itemprop=\"width\" content=\"0\"> <meta itemprop=\"height\" content=\"0\"> <\/span> <meta itemprop=\"name\" content=\"Digital Trends Espa\u00f1ol\"> <\/span> <span itemprop=\"image\" itemscope itemtype=\"https:\/\/schema.org\/ImageObject\"> <meta itemprop=\"url\" content=\"https:\/\/es.digitaltrends.com\/wp-content\/uploads\/2025\/04\/Chespirito-Sin-querer-queriendo.jpeg?p=1\"> <\/span> <\/span> <\/p>\n","protected":false},"excerpt":{"rendered":"<p>Tabla de contenidos Es posible que no exista en M\u00e9xico y en toda Latinoam\u00e9rica un programa de televisi\u00f3n m\u00e1s universal y que haya sido traducida a tantos idiomas, y haya durado tanto tiempo en la pantalla chica, como El Chavo del 8, la historia de una vecindad llena de personajes cotidianos que han hecho re\u00edr [&hellip;]<\/p>\n","protected":false},"author":1,"featured_media":164833,"comment_status":"closed","ping_status":"closed","sticky":false,"template":"","format":"standard","meta":[],"categories":[18],"tags":[],"_links":{"self":[{"href":"http:\/\/cordobadirecto.com\/index.php\/wp-json\/wp\/v2\/posts\/164832"}],"collection":[{"href":"http:\/\/cordobadirecto.com\/index.php\/wp-json\/wp\/v2\/posts"}],"about":[{"href":"http:\/\/cordobadirecto.com\/index.php\/wp-json\/wp\/v2\/types\/post"}],"author":[{"embeddable":true,"href":"http:\/\/cordobadirecto.com\/index.php\/wp-json\/wp\/v2\/users\/1"}],"replies":[{"embeddable":true,"href":"http:\/\/cordobadirecto.com\/index.php\/wp-json\/wp\/v2\/comments?post=164832"}],"version-history":[{"count":0,"href":"http:\/\/cordobadirecto.com\/index.php\/wp-json\/wp\/v2\/posts\/164832\/revisions"}],"wp:featuredmedia":[{"embeddable":true,"href":"http:\/\/cordobadirecto.com\/index.php\/wp-json\/wp\/v2\/media\/164833"}],"wp:attachment":[{"href":"http:\/\/cordobadirecto.com\/index.php\/wp-json\/wp\/v2\/media?parent=164832"}],"wp:term":[{"taxonomy":"category","embeddable":true,"href":"http:\/\/cordobadirecto.com\/index.php\/wp-json\/wp\/v2\/categories?post=164832"},{"taxonomy":"post_tag","embeddable":true,"href":"http:\/\/cordobadirecto.com\/index.php\/wp-json\/wp\/v2\/tags?post=164832"}],"curies":[{"name":"wp","href":"https:\/\/api.w.org\/{rel}","templated":true}]}}