{"id":164862,"date":"2025-04-17T22:57:21","date_gmt":"2025-04-17T22:57:21","guid":{"rendered":"https:\/\/www.ole.com.ar\/autos\/turismo-carretera-tc-toay-fecha-hora-tv_0_VSkUmhmzmY.html"},"modified":"2025-04-17T22:57:21","modified_gmt":"2025-04-17T22:57:21","slug":"tc-en-toay-a-que-hora-es-y-como-ver-por-tv-la-cuarta-fecha-del-turismo-carretera","status":"publish","type":"post","link":"http:\/\/cordobadirecto.com\/index.php\/2025\/04\/17\/tc-en-toay-a-que-hora-es-y-como-ver-por-tv-la-cuarta-fecha-del-turismo-carretera\/","title":{"rendered":"TC en Toay: a qu\u00e9 hora es y c\u00f3mo ver por TV la cuarta fecha del Turismo Carretera"},"content":{"rendered":"<p><time class=\"createDate\" datetime=\"2025-04-17T19:57:21-03:00\">17\/04\/2025 19:57hs.<\/time><\/p>\n<div id=\"storyBody\">\n<div class=\"custom-text \" readability=\"37.40625\">\n<p>Tras la suspensi\u00f3n definitiva de la tercera fecha en Neuqu\u00e9n por condiciones clim\u00e1ticas adversas, el <strong><a href=\"https:\/\/www.ole.com.ar\/tema\/turismo-carretera.html\" target=\"_self\" title=\"Turismo Carretera\" alt=\"Turismo Carretera\" rel=\"noopener\">Turismo Carretera<\/a> vuelve a poner sus m\u00e1quinas a punto y reanuda la competencia. <\/strong>Ser\u00e1 en el marco de la <strong>cuarta fecha del campeonato, la primera en contar con recarga de combustible. <\/strong>\u00bfEl escenario? <strong>El Aut\u00f3dromo Provincia de La Pampa, <\/strong>ubicado en la localidad de <strong>Toay<\/strong>, que este fin de semana romper\u00e1 un r\u00e9cord.<\/p>\n<\/div>\n<p><h2><strong>A qu\u00e9 hora es y por d\u00f3nde ver la actividad en Toay<\/strong><\/h2>\n<\/p>\n<div class=\"custom-text \" readability=\"39\">\n<p><strong>La actividad comenzar\u00e1 el s\u00e1bado 19 de abril<\/strong> con un \u00fanico entrenamiento, que tendr\u00e1 lugar a las <strong>11<\/strong>. M\u00e1s tarde, a las <strong>16<\/strong>, se llevar\u00e1 a cabo<strong> la clasificaci\u00f3n<\/strong>, que constar\u00e1 de cuatro cuartos de ocho minutos cada uno <strong>y ser\u00e1 transmitida por DeporTV, Motorplay y la TV P\u00fablica.<\/strong><\/p>\n<\/div>\n<div class=\"custom-text \" readability=\"35\">\n<p><strong>Al no haber series,<\/strong> la jornada del domingo 20 comenzar\u00e1 directamente con el plato fuerte:<strong> la carrera final,<\/strong> que largar\u00e1 a las <strong>13:25<\/strong> <strong>y se podr\u00e1 ver por la TV P\u00fablica y Motorplay.<\/strong><\/p>\n<\/div>\n<div class=\"sc-e7b891c4-0 ifHnQL image-embed\"><img alt=\"Se viene la cuarta del TC en Toay. (Foto: Prensa ACTC \/ TC)\" loading=\"lazy\" width=\"720\" height=\"100\" decoding=\"async\" data-nimg=\"1\" src=\"http:\/\/cordobadirecto.com\/wp-content\/uploads\/2025\/04\/tc-en-toay-a-que-hora-es-y-como-ver-por-tv-la-cuarta-fecha-del-turismo-carretera.jpg\"><span class=\"epigraphe\">Se viene la cuarta del TC en Toay. (Foto: Prensa ACTC \/ TC)<\/span><\/div>\n<p><h2><strong>Habr\u00e1 record de inscriptos en La Pampa<\/strong><\/h2>\n<\/p>\n<div class=\"custom-text \" readability=\"38\">\n<p><strong>En su 19\u00aa presentaci\u00f3n en Toay,<\/strong> <strong>el TC romper\u00e1 un r\u00e9cord:<\/strong> <strong>tendr\u00e1 57 autos en el circuito,<\/strong> la mayor cantidad de inscriptos en los \u00faltimos quince a\u00f1os. Esta cifra se alcanza gracias a una baja, tres regresos y un debut<strong>.<\/strong> <strong>El piloto que no estar\u00e1<\/strong> en la grilla en La Pampa ser\u00e1 <strong>Sebasti\u00e1n Abella<\/strong> (Torino NG).<\/p>\n<\/div>\n<div class=\"custom-text \" readability=\"42\">\n<p>En tanto, <strong>uno que vuelve es Esteban Gini<\/strong> (Chevrolet Camaro), quien se ausent\u00f3 en Neuqu\u00e9n por la celebraci\u00f3n de su casamiento. <strong>Agust\u00edn Mazzacane<\/strong> (Chevrolet Camaro) y <strong>Augusto Carinelli<\/strong> (Ford Mustang) tambi\u00e9n regresar\u00e1n a la competencia, ya que recibieron el alta m\u00e9dica tras el accidente que protagonizaron en El Calafate. Por su parte, <strong>Christian Dose<\/strong> (Chevrolet Camaro) <strong>har\u00e1 su debut en la temporada 2025 en el circuito pampeano,<\/strong> que por primera vez albergar\u00e1 a 57 corredores, rompiendo as\u00ed la marca de 2023, cuando hubo 55 inscriptos.<\/p>\n<\/div>\n<div class=\"sc-e7b891c4-0 ifHnQL image-embed\"><img alt=\"Mariano Werner y Gast\u00f3n Mazzacane, quien volver\u00e1 esta fecha, palo a palo en Toay. (Foto: ACTC \/ TC)\" loading=\"lazy\" width=\"720\" height=\"100\" decoding=\"async\" data-nimg=\"1\" src=\"http:\/\/cordobadirecto.com\/wp-content\/uploads\/2025\/04\/tc-en-toay-a-que-hora-es-y-como-ver-por-tv-la-cuarta-fecha-del-turismo-carretera-1.jpg\"><span class=\"epigraphe\">Mariano Werner y Gast\u00f3n Mazzacane, quien volver\u00e1 esta fecha, palo a palo en Toay. (Foto: ACTC \/ TC)<\/span><\/div>\n<div class=\"sc-a7166897-0 eoLsBE\" readability=\"6\">\n<section readability=\"2\"><picture><img alt=\"Qu\u00e9 dijo Verstappen sobre su posible salida de Red Bull\" loading=\"lazy\" width=\"290\" height=\"290\" decoding=\"async\" data-nimg=\"1\" src=\"http:\/\/cordobadirecto.com\/wp-content\/uploads\/2025\/04\/tc-en-toay-a-que-hora-es-y-como-ver-por-tv-la-cuarta-fecha-del-turismo-carretera-2.jpg\"><\/picture>\n<p><span>Mir\u00e1 tambi\u00e9n<\/span><\/p>\n<hr>\n<h3>Qu\u00e9 dijo Verstappen sobre su posible salida de Red Bull<\/h3>\n<\/p>\n<\/section>\n<\/div>\n<div class=\"sc-a7166897-0 eoLsBE\" readability=\"6\">\n<section readability=\"2\"><picture><img alt=\"\u00bfMcLaren candidato? Verstappen es la amenaza en el GP de F1 en Arabia Saudita\" loading=\"lazy\" width=\"290\" height=\"290\" decoding=\"async\" data-nimg=\"1\" src=\"http:\/\/cordobadirecto.com\/wp-content\/uploads\/2025\/04\/tc-en-toay-a-que-hora-es-y-como-ver-por-tv-la-cuarta-fecha-del-turismo-carretera-3.jpg\"><\/picture>\n<p><span>Mir\u00e1 tambi\u00e9n<\/span><\/p>\n<hr>\n<h3>\u00bfMcLaren candidato? Verstappen es la amenaza en el GP de F1 en Arabia Saudita<\/h3>\n<\/p>\n<\/section>\n<\/div>\n<div class=\"sc-a7166897-0 eoLsBE\" readability=\"6.5\">\n<section readability=\"3\"><picture><img alt=\"As\u00ed es el circuito de Yeda, donde la F\u00f3rmula 1 corre el GP de Arabia Saudita\" loading=\"lazy\" width=\"290\" height=\"290\" decoding=\"async\" data-nimg=\"1\" src=\"http:\/\/cordobadirecto.com\/wp-content\/uploads\/2025\/04\/tc-en-toay-a-que-hora-es-y-como-ver-por-tv-la-cuarta-fecha-del-turismo-carretera-4.jpg\"><\/picture>\n<p><span>Mir\u00e1 tambi\u00e9n<\/span><\/p>\n<hr>\n<h3>As\u00ed es el circuito de Yeda, donde la F\u00f3rmula 1 corre el GP de Arabia Saudita<\/h3>\n<\/p>\n<\/section>\n<\/div>\n<\/div>\n","protected":false},"excerpt":{"rendered":"<p>17\/04\/2025 19:57hs. Tras la suspensi\u00f3n definitiva de la tercera fecha en Neuqu\u00e9n por condiciones clim\u00e1ticas adversas, el Turismo Carretera vuelve a poner sus m\u00e1quinas a punto y reanuda la competencia. Ser\u00e1 en el marco de la cuarta fecha del campeonato, la primera en contar con recarga de combustible. \u00bfEl escenario? El Aut\u00f3dromo Provincia de La [&hellip;]<\/p>\n","protected":false},"author":1,"featured_media":164863,"comment_status":"closed","ping_status":"closed","sticky":false,"template":"","format":"standard","meta":[],"categories":[21],"tags":[],"_links":{"self":[{"href":"http:\/\/cordobadirecto.com\/index.php\/wp-json\/wp\/v2\/posts\/164862"}],"collection":[{"href":"http:\/\/cordobadirecto.com\/index.php\/wp-json\/wp\/v2\/posts"}],"about":[{"href":"http:\/\/cordobadirecto.com\/index.php\/wp-json\/wp\/v2\/types\/post"}],"author":[{"embeddable":true,"href":"http:\/\/cordobadirecto.com\/index.php\/wp-json\/wp\/v2\/users\/1"}],"replies":[{"embeddable":true,"href":"http:\/\/cordobadirecto.com\/index.php\/wp-json\/wp\/v2\/comments?post=164862"}],"version-history":[{"count":0,"href":"http:\/\/cordobadirecto.com\/index.php\/wp-json\/wp\/v2\/posts\/164862\/revisions"}],"wp:featuredmedia":[{"embeddable":true,"href":"http:\/\/cordobadirecto.com\/index.php\/wp-json\/wp\/v2\/media\/164863"}],"wp:attachment":[{"href":"http:\/\/cordobadirecto.com\/index.php\/wp-json\/wp\/v2\/media?parent=164862"}],"wp:term":[{"taxonomy":"category","embeddable":true,"href":"http:\/\/cordobadirecto.com\/index.php\/wp-json\/wp\/v2\/categories?post=164862"},{"taxonomy":"post_tag","embeddable":true,"href":"http:\/\/cordobadirecto.com\/index.php\/wp-json\/wp\/v2\/tags?post=164862"}],"curies":[{"name":"wp","href":"https:\/\/api.w.org\/{rel}","templated":true}]}}