{"id":164864,"date":"2025-04-17T22:55:31","date_gmt":"2025-04-17T22:55:31","guid":{"rendered":"https:\/\/www.ole.com.ar\/autos\/declaraciones-jack-alpine-previa-gp-arabia-saudi-franco-colapinto_0_Ju6IbFJGUL.html"},"modified":"2025-04-17T22:55:31","modified_gmt":"2025-04-17T22:55:31","slug":"jack-doohan-companero-de-colapinto-en-alpine-la-presion-no-me-afecta","status":"publish","type":"post","link":"http:\/\/cordobadirecto.com\/index.php\/2025\/04\/17\/jack-doohan-companero-de-colapinto-en-alpine-la-presion-no-me-afecta\/","title":{"rendered":"Jack Doohan, compa\u00f1ero de Colapinto en Alpine: &#8220;La presi\u00f3n no me afecta&#8221;"},"content":{"rendered":"<p><time class=\"createDate\" datetime=\"2025-04-17T19:55:31-03:00\">17\/04\/2025 19:55hs.<\/time><\/p>\n<div id=\"storyBody\">\n<div class=\"custom-text \" readability=\"36.458426966292\">\n<p><strong>Alpine busca meterse entre los puestos altos de la F\u00f3rmula 1<\/strong>. Las expectativas del equipo cambiaron tras su destacada actuaci\u00f3n en Bahrein, donde sumaron sus primeros puntos gracias a Pierre Gasly, quien termin\u00f3 5\u00b0 despu\u00e9s de las penalizaciones a los Mercedes. De cara al <strong><a href=\"https:\/\/www.ole.com.ar\/autos\/gp-gran-premio-formula-1-arabia-saudita-horario-hora-verlo-tv-quinta-fecha-temporada_0_PPlc1ujZwV.html\" target=\"_self\" title=\"Gran Premio de Arabia Saudita\" alt=\"Gran Premio de Arabia Saudita\" rel=\"noopener\">Gran Premio de Arabia Saudita<\/a><\/strong>, los pilotos titulares de la escuder\u00eda no pueden relajarse, y <strong>Jack Doohan<\/strong> fue consultado sobre la presi\u00f3n que enfrentan en las carreras.<\/p>\n<\/div>\n<div class=\"sc-e7b891c4-0 ifHnQL image-embed\"><img alt=\"El australiano, compa\u00f1ero de Colapinto, ya est\u00e1 en el paddock de Yeda. (AP Photo\/Darko Bandic)\" loading=\"lazy\" width=\"720\" height=\"100\" decoding=\"async\" data-nimg=\"1\" src=\"http:\/\/cordobadirecto.com\/wp-content\/uploads\/2025\/04\/jack-doohan-companero-de-colapinto-en-alpine-la-presion-no-me-afecta.jpg\"><span class=\"epigraphe\">El australiano, compa\u00f1ero de Colapinto, ya est\u00e1 en el paddock de Yeda. (AP Photo\/Darko Bandic)<\/span><\/div>\n<div class=\"custom-text \" readability=\"36.032362459547\">\n<p><strong>El joven de 22 a\u00f1os est\u00e1 afrontando su primera temporada en la F\u00f3rmula 1<\/strong>, en un equipo que hasta hace poco era el \u00fanico que no hab\u00eda sumado puntos. A esto se suma la presencia de varios pilotos de reserva, como <strong><a href=\"https:\/\/www.ole.com.ar\/tema\/franco-colapinto.html\" target=\"_self\" title=\"Franco Colapinto\" alt=\"Franco Colapinto\" rel=\"noopener\">Franco Colapinto<\/a><\/strong> o Paul Aron, <strong>lo que obliga al australiano a mostrar resultados cuanto antes.<\/strong><\/p>\n<\/div>\n<p><h2>Doohan habl\u00f3 sobre la presi\u00f3n en la F\u00f3rmula 1.<\/h2>\n<\/p>\n<div class=\"custom-text \" readability=\"35.180327868852\">\n<p>En una entrevista con el canal oficial de la categor\u00eda, <strong>al aussie le preguntaron si la presi\u00f3n de manejar un coche en la M\u00e1xim<\/strong>a es m\u00e1s dif\u00edcil de controlar de lo que \u00e9l hab\u00eda imaginado, <strong>haciendo referencia a los incidentes en los que se vio involucrado<\/strong> en las carreras pasadas (<a href=\"https:\/\/www.ole.com.ar\/autos\/jack-doohan-choque-segunda-practica-libre-gp-japon-alpine_0_3FH4rxOJoF.html\" target=\"_self\" title=\"Jap\u00f3n\" alt=\"Jap\u00f3n\" rel=\"noopener\">Jap\u00f3n<\/a> y <a href=\"https:\/\/www.ole.com.ar\/autos\/doohan-destrozo-auto-primera-vuelta-gasly-top-10-alpine-colapinto-formula-1_0_Uih9wKRFFN.html\" target=\"_self\" title=\"Australia\" alt=\"Australia\" rel=\"noopener\">Australia<\/a>).<\/p>\n<\/div>\n<div class=\"custom-text \" readability=\"39\">\n<p>&#8220;Aunque lo parezca, <strong>no tuve ning\u00fan problema con la presi\u00f3n.<\/strong> S\u00ed, claro que <strong>hubo un par de incidentes en Australia y Jap\u00f3n<\/strong> que podr\u00edan estar relacionados con la presi\u00f3n. <strong>Pero,<\/strong> siendo totalmente sincero, <strong>en ninguno de los dos casos fue as\u00ed&#8221;<\/strong>, respondi\u00f3 Doohan.<\/p>\n<\/div>\n<div class=\"sc-e7b891c4-0 ifHnQL image-embed\"><img alt=\"En Suzuka, Doohan destroz\u00f3 el auto en la segunda pr\u00e1ctica libre. (EFE)\" loading=\"lazy\" width=\"720\" height=\"100\" decoding=\"async\" data-nimg=\"1\" src=\"http:\/\/cordobadirecto.com\/wp-content\/uploads\/2025\/04\/jack-doohan-companero-de-colapinto-en-alpine-la-presion-no-me-afecta-1.jpg\"><span class=\"epigraphe\">En Suzuka, Doohan destroz\u00f3 el auto en la segunda pr\u00e1ctica libre. (EFE)<\/span><\/div>\n<div class=\"custom-text \" readability=\"41\">\n<p>Adem\u00e1s, luego acompa\u00f1\u00f3 sus palabras con elogios hacia su escuder\u00eda, Alpine: <strong>&#8220;El equipo tambi\u00e9n hace un trabajo fant\u00e1stico para eliminar esta presi\u00f3n<\/strong>, especialmente a nivel interno, aunque, en general, es genial. <strong>S\u00e9 que el verdadero ritmo estuvo ah\u00ed desde el principio.<\/strong> Eso genera una confianza interior para que no me afecte.&#8221;<\/p>\n<\/div>\n<p><h2>Las declaraciones del equipo de cara al Gran Premio de Arabia Saudita.<\/h2>\n<\/p>\n<div class=\"custom-text \" readability=\"41\">\n<p>A solo unas horas del inicio del \u00faltimo GP en este triplete (Jap\u00f3n, Bahrein y ahora Arabia Saudita), todos los equipos ya se encuentran en el circuito de Yeda, preparando la carrera. Por supuesto, <strong>Alpine<\/strong> no es la excepci\u00f3n, y <strong>Gasly comparti\u00f3 sus sensaciones y expectativas<\/strong> para lo que resta del fin de semana, <strong>que no son muy optimistas&#8230;<\/strong><\/p>\n<\/div>\n<div class=\"custom-text \" readability=\"41\">\n<p><strong>\u201cSabemos que hay trazados donde, potencialmente<\/strong>, las cosas podr\u00edan ser un poco m\u00e1s complicadas para nosotros. Pero, al mismo tiempo, sabemos contra qu\u00e9 luchamos, y esto es lo que tenemos. <strong>Nos toca a nosotros intentar ser lo m\u00e1s competitivos posible<\/strong> para sacar algo del fin de semana\u201d, dijo el franc\u00e9s para calmar los \u00e1nimos tras una gran jornada en Bahrein.<\/p>\n<\/div>\n<div class=\"sc-e7b891c4-0 ifHnQL image-embed\"><img alt=\"Gasly viene de sumar puntos en Qatar, pero prefiere no crear falsas expectativas. (AP)\" loading=\"lazy\" width=\"720\" height=\"100\" decoding=\"async\" data-nimg=\"1\" src=\"http:\/\/cordobadirecto.com\/wp-content\/uploads\/2025\/04\/jack-doohan-companero-de-colapinto-en-alpine-la-presion-no-me-afecta-2.jpg\"><span class=\"epigraphe\">Gasly viene de sumar puntos en Qatar, pero prefiere no crear falsas expectativas. (AP)<\/span><\/div>\n<div class=\"sc-a7166897-0 eoLsBE\" readability=\"6.5\">\n<section readability=\"3\"><picture><img alt=\"F\u00f3rmula 1: d\u00edas, horarios y d\u00f3nde ver por TV el Gran Premio de Arabia Saudita\" loading=\"lazy\" width=\"290\" height=\"290\" decoding=\"async\" data-nimg=\"1\" src=\"http:\/\/cordobadirecto.com\/wp-content\/uploads\/2025\/04\/jack-doohan-companero-de-colapinto-en-alpine-la-presion-no-me-afecta-3.jpg\"><\/picture>\n<p><span>Mir\u00e1 tambi\u00e9n<\/span><\/p>\n<hr>\n<h3>F\u00f3rmula 1: d\u00edas, horarios y d\u00f3nde ver por TV el Gran Premio de Arabia Saudita<\/h3>\n<\/p>\n<\/section>\n<\/div>\n<div class=\"sc-a7166897-0 eoLsBE\" readability=\"6.5\">\n<section readability=\"3\"><picture><img alt=\"As\u00ed es el circuito de Yeda, donde la F\u00f3rmula 1 corre el GP de Arabia Saudita\" loading=\"lazy\" width=\"290\" height=\"290\" decoding=\"async\" data-nimg=\"1\" src=\"http:\/\/cordobadirecto.com\/wp-content\/uploads\/2025\/04\/jack-doohan-companero-de-colapinto-en-alpine-la-presion-no-me-afecta-4.jpg\"><\/picture>\n<p><span>Mir\u00e1 tambi\u00e9n<\/span><\/p>\n<hr>\n<h3>As\u00ed es el circuito de Yeda, donde la F\u00f3rmula 1 corre el GP de Arabia Saudita<\/h3>\n<\/p>\n<\/section>\n<\/div>\n<div class=\"sc-a7166897-0 eoLsBE\" readability=\"6\">\n<section readability=\"2\"><picture><img alt=\"Aseguran que Michael Schumacher vol\u00f3 a Suiza por el nacimiento de su primera nieta \" loading=\"lazy\" width=\"290\" height=\"290\" decoding=\"async\" data-nimg=\"1\" src=\"http:\/\/cordobadirecto.com\/wp-content\/uploads\/2025\/04\/jack-doohan-companero-de-colapinto-en-alpine-la-presion-no-me-afecta-5.jpg\"><\/picture>\n<p><span>Mir\u00e1 tambi\u00e9n<\/span><\/p>\n<hr>\n<h3>Aseguran que Michael Schumacher vol\u00f3 a Suiza por el nacimiento de su primera nieta <\/h3>\n<\/p>\n<\/section>\n<\/div>\n<\/div>\n","protected":false},"excerpt":{"rendered":"<p>17\/04\/2025 19:55hs. Alpine busca meterse entre los puestos altos de la F\u00f3rmula 1. Las expectativas del equipo cambiaron tras su destacada actuaci\u00f3n en Bahrein, donde sumaron sus primeros puntos gracias a Pierre Gasly, quien termin\u00f3 5\u00b0 despu\u00e9s de las penalizaciones a los Mercedes. De cara al Gran Premio de Arabia Saudita, los pilotos titulares de [&hellip;]<\/p>\n","protected":false},"author":1,"featured_media":164865,"comment_status":"closed","ping_status":"closed","sticky":false,"template":"","format":"standard","meta":[],"categories":[21],"tags":[],"_links":{"self":[{"href":"http:\/\/cordobadirecto.com\/index.php\/wp-json\/wp\/v2\/posts\/164864"}],"collection":[{"href":"http:\/\/cordobadirecto.com\/index.php\/wp-json\/wp\/v2\/posts"}],"about":[{"href":"http:\/\/cordobadirecto.com\/index.php\/wp-json\/wp\/v2\/types\/post"}],"author":[{"embeddable":true,"href":"http:\/\/cordobadirecto.com\/index.php\/wp-json\/wp\/v2\/users\/1"}],"replies":[{"embeddable":true,"href":"http:\/\/cordobadirecto.com\/index.php\/wp-json\/wp\/v2\/comments?post=164864"}],"version-history":[{"count":0,"href":"http:\/\/cordobadirecto.com\/index.php\/wp-json\/wp\/v2\/posts\/164864\/revisions"}],"wp:featuredmedia":[{"embeddable":true,"href":"http:\/\/cordobadirecto.com\/index.php\/wp-json\/wp\/v2\/media\/164865"}],"wp:attachment":[{"href":"http:\/\/cordobadirecto.com\/index.php\/wp-json\/wp\/v2\/media?parent=164864"}],"wp:term":[{"taxonomy":"category","embeddable":true,"href":"http:\/\/cordobadirecto.com\/index.php\/wp-json\/wp\/v2\/categories?post=164864"},{"taxonomy":"post_tag","embeddable":true,"href":"http:\/\/cordobadirecto.com\/index.php\/wp-json\/wp\/v2\/tags?post=164864"}],"curies":[{"name":"wp","href":"https:\/\/api.w.org\/{rel}","templated":true}]}}