{"id":164866,"date":"2025-04-18T15:10:15","date_gmt":"2025-04-18T15:10:15","guid":{"rendered":"https:\/\/www.ole.com.ar\/fuera-de-juego\/maria-becerra-camiseta-equipo-ascenso-temperley_0_mawyngs7m9.html"},"modified":"2025-04-18T15:10:15","modified_gmt":"2025-04-18T15:10:15","slug":"maria-becerra-poso-con-la-camiseta-de-un-importante-equipo-del-ascenso","status":"publish","type":"post","link":"http:\/\/cordobadirecto.com\/index.php\/2025\/04\/18\/maria-becerra-poso-con-la-camiseta-de-un-importante-equipo-del-ascenso\/","title":{"rendered":"Mar\u00eda Becerra pos\u00f3 con la camiseta de un importante equipo del Ascenso"},"content":{"rendered":"<p><time class=\"createDate\" datetime=\"2025-04-17T23:40:41-03:00\">17\/04\/2025 23:40hs.<\/time><\/p>\n<div id=\"storyBody\">\n<div class=\"custom-text \" readability=\"37\">\n<p>La m\u00fasica y el f\u00fatbol est\u00e1n fuertemente ligados. Sobran los ejemplos de canciones que hablan sobre el deporte, artistas que hacen p\u00fablico su fanatismo por cierto equipo o la infinidad de temas que fueron reversionados y son cantados todos los fines de semana en cada cancha del f\u00fatbol argentino. Los artistas no quedan exentos de todo eso y los clubes tampoco. Por eso, <strong>en las \u00faltimas horas Mar\u00eda Becerra sorprendi\u00f3 al mostrarse con la camiseta de un equipo del Ascenso.<\/strong><\/p>\n<\/div>\n<div class=\"custom-text \" readability=\"39.234042553191\">\n<p>Y es que la cantante, una de las m\u00e1s importantes a nivel nacional a d\u00eda de hoy, <strong>pos\u00f3 con la casaca de <a href=\"https:\/\/www.ole.com.ar\/tema\/temperley.html\" title=\"temperley\" alt=\"temperley\" class=\"slug\">Temperley<\/a>. <\/strong>El club public\u00f3 la imagen en sus redes en donde se la ve con la pilcha del Gasolero<strong> y el n\u00famero 223<\/strong>, cifra con la que representa la etapa actual de su carrera. Por eso, desde el equipo del Sur escribieron: &#8220;Jugadora #223&#8221; y los emojis de unos ojos y un reloj, dejando entrever de que<strong> podr\u00eda haber un anuncio con respecto a ella en los pr\u00f3ximos d\u00edas.<\/strong><\/p>\n<\/div>\n<p><h2><strong>Temperley y su llamativa relaci\u00f3n con la m\u00fasica<\/strong><\/h2>\n<\/p>\n<div class=\"custom-text \" readability=\"39\">\n<p>Lo cierto es que esta no es la primera vez que el club hace una movida con un artista. Sin ir m\u00e1s lejos, <strong>en enero el Gasolero anunci\u00f3 al cantante de cumbia El Polaco como nuevo &#8220;refuerzo&#8221;. <\/strong>Si bien no fue inscripto como jugador, el cantante tiene un rol dentro del club del que es hincha, ya sea realizando shows, como tambi\u00e9n en otras tareas relacionadas con el marketing de la instituci\u00f3n. Habr\u00e1 que ver si con <strong>Mar\u00eda Becerra<\/strong> -reconocida simpatizante de Gimnasia- <strong>se trata de otra iniciativa de ese estilo y que no simplemente le hicieron llegar una camiseta&#8230;<\/strong><\/p>\n<\/div>\n<div class=\"sc-734b4696-1 kFfZtB\" readability=\"6\">\n<div class=\"sc-d00d9e74-0 hnHYbk\" type=\"embed\">\n<div class=\"sc-d00d9e74-1 iKVbz videoText\" id=\"contentTitleembedw0FLugrY\" type=\"embed\"><svg fill=\"#ffffff\"><symbol id=\"play\" viewBox=\"0 0 512 512\"><path d=\"M512 256C512 397.4 397.4 512 256 512C114.6 512 0 397.4 0 256C0 114.6 114.6 0 256 0C397.4 0 512 114.6 512 256zM176 168V344C176 352.7 180.7 360.7 188.3 364.9C195.8 369.2 205.1 369 212.5 364.5L356.5 276.5C363.6 272.1 368 264.4 368 256C368 247.6 363.6 239.9 356.5 235.5L212.5 147.5C205.1 142.1 195.8 142.8 188.3 147.1C180.7 151.3 176 159.3 176 168V168z\" \/><\/symbol><use xlink:href=\"#play\" \/><\/svg><\/p>\n<div class=\"right\">\n<p>temperley<!-- --> &#8211; <span>&nbsp;<\/span><\/p>\n<h2 class=\"title-vid\">\u00a1Temperley present\u00f3 al Polaco como refuerzo!<\/h2>\n<\/div>\n<\/div>\n<p><span class=\"back\" id=\"spanBackembedw0FLugrY\"><\/span><\/div>\n<div class=\"JWvideoNota_title\" readability=\"7\">\n<p>El club de la PN difundi\u00f3 un video en el que el cantante se integra al plantel.<\/p>\n<\/div>\n<\/div>\n<p><h2><strong>Mar\u00eda Becerra con la camiseta de Temperley<\/strong><\/h2>\n<\/p>\n<div class=\"sc-e7b891c4-0 ifHnQL image-embed\"><img alt=\"Mar\u00eda Becerra pos\u00f3 con la camiseta de Temperley (Prensa Temperley).\" loading=\"lazy\" width=\"720\" height=\"100\" decoding=\"async\" data-nimg=\"1\" src=\"http:\/\/cordobadirecto.com\/wp-content\/uploads\/2025\/04\/maria-becerra-poso-con-la-camiseta-de-un-importante-equipo-del-ascenso.jpg\"><span class=\"epigraphe\">Mar\u00eda Becerra pos\u00f3 con la camiseta de Temperley (Prensa Temperley).<\/span><\/div>\n<div class=\"sc-a7166897-0 eoLsBE\" readability=\"6\">\n<section readability=\"2\"><picture><img alt=\"Messi y su compromiso para el Mundial 2026: &quot;Sincero conmigo mismo&quot;\" loading=\"lazy\" width=\"290\" height=\"290\" decoding=\"async\" data-nimg=\"1\" src=\"http:\/\/cordobadirecto.com\/wp-content\/uploads\/2025\/04\/maria-becerra-poso-con-la-camiseta-de-un-importante-equipo-del-ascenso-1.jpg\"><\/picture>\n<p><span>Mir\u00e1 tambi\u00e9n<\/span><\/p>\n<hr>\n<h3>Messi y su compromiso para el Mundial 2026: &#8220;Sincero conmigo mismo&#8221;<\/h3>\n<\/p>\n<\/section>\n<\/div>\n<div class=\"sc-a7166897-0 eoLsBE\" readability=\"6.5\">\n<section readability=\"3\"><picture><img alt=\"Echenique, le\u00e9 el reglamento\" loading=\"lazy\" width=\"290\" height=\"290\" decoding=\"async\" data-nimg=\"1\" src=\"http:\/\/cordobadirecto.com\/wp-content\/uploads\/2025\/04\/maria-becerra-poso-con-la-camiseta-de-un-importante-equipo-del-ascenso-2.jpg\"><\/picture>\n<p><span>Mir\u00e1 tambi\u00e9n<\/span><\/p>\n<hr>\n<h3>Echenique, le\u00e9 el reglamento<\/h3>\n<\/p>\n<\/section>\n<\/div>\n<div class=\"sc-a7166897-0 eoLsBE\" readability=\"8.5\">\n<section readability=\"7\"><picture><img alt=\"Leo Messi: &quot;\u00bfA qu\u00e9 jugadores siguen mis hijos? Mbapp\u00e9, Vinicius, Yamal, Lewandowski, Haaland...&quot;\" loading=\"lazy\" width=\"290\" height=\"290\" decoding=\"async\" data-nimg=\"1\" src=\"http:\/\/cordobadirecto.com\/wp-content\/uploads\/2025\/04\/maria-becerra-poso-con-la-camiseta-de-un-importante-equipo-del-ascenso-3.jpg\"><\/picture>\n<p><span>Mir\u00e1 tambi\u00e9n<\/span><\/p>\n<hr>\n<h3>Leo Messi: &#8220;\u00bfA qu\u00e9 jugadores siguen mis hijos? Mbapp\u00e9, Vinicius, Yamal, Lewandowski, Haaland&#8230;&#8221;<\/h3>\n<\/p>\n<\/section>\n<\/div>\n<div class=\"sc-a7166897-0 eoLsBE\" readability=\"7.5\">\n<section readability=\"5\"><picture><img alt=\"El s\u00faper viernes: cinco partidos del Apertura con River, Racing, Independiente y m\u00e1s\" loading=\"lazy\" width=\"290\" height=\"290\" decoding=\"async\" data-nimg=\"1\" src=\"http:\/\/cordobadirecto.com\/wp-content\/uploads\/2025\/04\/maria-becerra-poso-con-la-camiseta-de-un-importante-equipo-del-ascenso-4.jpg\"><\/picture>\n<p><span>Mir\u00e1 tambi\u00e9n<\/span><\/p>\n<hr>\n<h3>El s\u00faper viernes: cinco partidos del Apertura con River, Racing, Independiente y m\u00e1s<\/h3>\n<\/p>\n<\/section>\n<\/div>\n<div class=\"sc-a7166897-0 eoLsBE\" readability=\"6\">\n<section readability=\"2\"><picture><img alt=\"Un cl\u00e1sico de Reserva de locos: Racing le gan\u00f3 3-2 a Independiente en un partidazo\" loading=\"lazy\" width=\"290\" height=\"290\" decoding=\"async\" data-nimg=\"1\" src=\"http:\/\/cordobadirecto.com\/wp-content\/uploads\/2025\/04\/maria-becerra-poso-con-la-camiseta-de-un-importante-equipo-del-ascenso-5.jpg\"><\/picture>\n<p><span>Mir\u00e1 tambi\u00e9n<\/span><\/p>\n<hr>\n<h3>Un cl\u00e1sico de Reserva de locos: Racing le gan\u00f3 3-2 a Independiente en un partidazo<\/h3>\n<\/p>\n<\/section>\n<\/div>\n<\/div>\n","protected":false},"excerpt":{"rendered":"<p>17\/04\/2025 23:40hs. La m\u00fasica y el f\u00fatbol est\u00e1n fuertemente ligados. Sobran los ejemplos de canciones que hablan sobre el deporte, artistas que hacen p\u00fablico su fanatismo por cierto equipo o la infinidad de temas que fueron reversionados y son cantados todos los fines de semana en cada cancha del f\u00fatbol argentino. Los artistas no quedan [&hellip;]<\/p>\n","protected":false},"author":1,"featured_media":164867,"comment_status":"closed","ping_status":"closed","sticky":false,"template":"","format":"standard","meta":[],"categories":[21],"tags":[],"_links":{"self":[{"href":"http:\/\/cordobadirecto.com\/index.php\/wp-json\/wp\/v2\/posts\/164866"}],"collection":[{"href":"http:\/\/cordobadirecto.com\/index.php\/wp-json\/wp\/v2\/posts"}],"about":[{"href":"http:\/\/cordobadirecto.com\/index.php\/wp-json\/wp\/v2\/types\/post"}],"author":[{"embeddable":true,"href":"http:\/\/cordobadirecto.com\/index.php\/wp-json\/wp\/v2\/users\/1"}],"replies":[{"embeddable":true,"href":"http:\/\/cordobadirecto.com\/index.php\/wp-json\/wp\/v2\/comments?post=164866"}],"version-history":[{"count":0,"href":"http:\/\/cordobadirecto.com\/index.php\/wp-json\/wp\/v2\/posts\/164866\/revisions"}],"wp:featuredmedia":[{"embeddable":true,"href":"http:\/\/cordobadirecto.com\/index.php\/wp-json\/wp\/v2\/media\/164867"}],"wp:attachment":[{"href":"http:\/\/cordobadirecto.com\/index.php\/wp-json\/wp\/v2\/media?parent=164866"}],"wp:term":[{"taxonomy":"category","embeddable":true,"href":"http:\/\/cordobadirecto.com\/index.php\/wp-json\/wp\/v2\/categories?post=164866"},{"taxonomy":"post_tag","embeddable":true,"href":"http:\/\/cordobadirecto.com\/index.php\/wp-json\/wp\/v2\/tags?post=164866"}],"curies":[{"name":"wp","href":"https:\/\/api.w.org\/{rel}","templated":true}]}}