{"id":164872,"date":"2025-04-18T15:23:26","date_gmt":"2025-04-18T15:23:26","guid":{"rendered":"https:\/\/puntoapunto.com.ar\/?p=372188"},"modified":"2025-04-18T15:23:26","modified_gmt":"2025-04-18T15:23:26","slug":"analisis-profesional-claves-para-entender-por-que-la-indemnizacion-por-despido-se-volvio-una-ficcion","status":"publish","type":"post","link":"http:\/\/cordobadirecto.com\/index.php\/2025\/04\/18\/analisis-profesional-claves-para-entender-por-que-la-indemnizacion-por-despido-se-volvio-una-ficcion\/","title":{"rendered":"An\u00e1lisis profesional: claves para entender por qu\u00e9 la indemnizaci\u00f3n por despido se volvi\u00f3 una ficci\u00f3n"},"content":{"rendered":"<p>&nbsp;<!-- \u00a1O bien no hay banners, estan desactivados o no estan programados para esta ubicaci\u00f3n! -->\n<\/p>\n<p>&nbsp;\n<\/p>\n<p><strong>Por Diego Germ\u00e1n Jaskowsky (*).<\/strong> Que la indemnizaci\u00f3n por despido repara los da\u00f1os que sufre el trabajador despedido sin causa es una ficci\u00f3n. Es una conveniente ficci\u00f3n sist\u00e9mica. Es la evoluci\u00f3n de los reclamos por da\u00f1os derivados de la ruptura de la relaci\u00f3n a un sistema de tarifa. \u00bfCu\u00e1l es el da\u00f1o que se repara? El que sufre el trabajador al tener que reubicarse laboralmente de manera no deseada. \u00bfRealmente se repara? No.\n<\/p>\n<p>Veamos dos ejemplos que conducen a consecuencias opuestas.\n<\/p>\n<p>-Primer ejemplo: <strong>trabajador no formado, 20 a\u00f1os de antig\u00fcedad, 60 a\u00f1os de edad.<\/strong> Probablemente, con serias consecuencias en su f\u00edsico luego de a\u00f1os de tareas que no respetaron la cultura de Higiene y Seguridad de los tiempos actuales. En caso de despido, recibir\u00eda 20 meses de remuneraci\u00f3n. Ahora bien: \u00bfle alcanza para vivir hasta que consiga un nuevo trabajo? Lo m\u00e1s probable es que no, que ese monto sea de lo \u00fanico que disponga hasta cumplir con las condiciones para jubilarse, si es que eso es posible y en el r\u00e9gimen actual queda a 5 a\u00f1os de distancia. \u00bfLa indemnizaci\u00f3n repara el da\u00f1o? No.<!-- \u00a1O bien no hay banners, estan desactivados o no estan programados para esta ubicaci\u00f3n! -->\n<\/p>\n<p>Segundo ejemplo: t<strong>rabajador con formaci\u00f3n profesional de alta calificaci\u00f3n \u201cC-level\u201d, igual antig\u00fcedad (20 a\u00f1os)<\/strong> y edad (60 a\u00f1os) que el empleado anterior. Su estado f\u00edsico no es central: sus capacidades profesionales y cognitivas est\u00e1n en su mejor momento luego de a\u00f1os de especializaci\u00f3n en cargos jer\u00e1rquicos de la industria.<\/p>\n<p>En caso de despido, recibir\u00eda la misma cantidad de sueldos (que seguramente ser\u00e1n mayores que en el primer ejemplo). Surge la misma pregunta: \u00bfse repara el da\u00f1o? Considero que m\u00e1s que reparar el da\u00f1o, se premia al empleado. Ser\u00e1 una cantidad de dinero m\u00e1s que interesante y podr\u00e1 tener la libertad de evaluar las mejores ofertas que le muestre el mercado laboral, con la tranquilidad de saber que tiene su sustento a salvo.\n<\/p>\n<p>Por supuesto que no podemos generalizar y que cada caso es un mundo aparte. Pero la realidad es que la ficci\u00f3n de la indemnizaci\u00f3n por despido no es m\u00e1s que eso: <strong>una ficci\u00f3n reduccionista que solamente mide las necesidades de un trabajador por la antig\u00fcedad que tuvo<\/strong>. Insisto, reduccionista.\n<\/p>\n<p>Y la ficci\u00f3n no es gratis y funcionar\u00e1 tan bien como cuando pretendemos clavar un tornillo con un martillo. Tal vez cumpla su cometido, pero sabemos que algo anda mal.\n<\/p>\n<p>Este sistema pone en cabeza del empleador funciones que son propias de la seguridad social, y trae como consecuencias negativas tanto para trabajadores como empleados:\n<\/p>\n<p><strong>-Incrementa los costos laborales<\/strong> con imprevistos: ning\u00fan empleador est\u00e1 seguro de si va a pagar o no una indemnizaci\u00f3n y pueden resultar montos distorsivos. Hasta que la relaci\u00f3n termine, no se sabr\u00e1 si es renuncia o despido.\n<\/p>\n<p>\u2013<strong>Altera la libre competencia<\/strong>: las estructuras de costos de una empresa a otra variar\u00e1n de acuerdo a la contingencia laboral que tenga cada una. No es lo mismo una n\u00f3mina con promedio de 20 a\u00f1os de antig\u00fcedad que una empresa nueva.<br \/><strong>-Perjudica la extensi\u00f3n en el tiempo de los empleos<\/strong>: es sabido que, en muchos convenios colectivos, pasados los 10 a\u00f1os de antig\u00fcedad es m\u00e1s barato para la empresa un despido que la continuidad. No favorece ni a la empresa ni a los empleados.\n<\/p>\n<p><strong>-Favorece la industria del juicio<\/strong>: es uno de varios factores que genera la proliferaci\u00f3n de causas judiciales, especialmente aquellas en donde se discute la causal del despido. Esto se aumenta con las indeseables multas y doble indemnizaciones.\n<\/p>\n<p>\u2013<strong>Genera tercerizaci\u00f3n y figuras de dudosa legalidad<\/strong> como cooperativas de trabajo.\n<\/p>\n<p>Esta necesidad puede cubrirse con otras opciones que funcionan en otros pa\u00edses. Ejemplo de esto son los seguros de desempleo, reg\u00edmenes mixtos (una parte la afronta el empleador y otra la seguridad social), tarifaciones no lineales (un mes por a\u00f1o de antig\u00fcedad no es m\u00e1s que una postura dogm\u00e1tica) y modelos diferenciados por tipo de trabajo o empresa (en muchos pa\u00edses se diferencia a las pymes en este sentido), entre otros.\n<\/p>\n<p>Es hora de volver al principio. Deseamos la protecci\u00f3n contra el despido arbitrario que prev\u00e9 el art. 14 bis de la Constituci\u00f3n Nacional, que no establece que el \u00fanico m\u00e9todo sea la indemnizaci\u00f3n autom\u00e1tica y tarifada. <strong>El sistema actual no logra proteger eficazmente al trabajador ni brinda previsibilidad al empleador<\/strong><strong>.<br \/><\/strong>Debemos trabajar en opciones m\u00e1s justas, que brinden mayor contenci\u00f3n a quienes realmente la necesiten sin convertirse en una carga distorsiva que atente contra la competencia y la sostenibilidad de las empresas, especialmente en el caso de las pymes.\n<\/p>\n<p><img decoding=\"async\" class=\"alignnone size-medium wp-image-372191\" src=\"http:\/\/cordobadirecto.com\/wp-content\/uploads\/2025\/04\/analisis-profesional-claves-para-entender-por-que-la-indemnizacion-por-despido-se-volvio-una-ficcion.jpg\" alt width=\"300\" height=\"300\" srcset=\"http:\/\/cordobadirecto.com\/wp-content\/uploads\/2025\/04\/analisis-profesional-claves-para-entender-por-que-la-indemnizacion-por-despido-se-volvio-una-ficcion.jpg 300w, http:\/\/cordobadirecto.com\/wp-content\/uploads\/2025\/04\/analisis-profesional-claves-para-entender-por-que-la-indemnizacion-por-despido-se-volvio-una-ficcion-2.jpg 150w, http:\/\/cordobadirecto.com\/wp-content\/uploads\/2025\/04\/analisis-profesional-claves-para-entender-por-que-la-indemnizacion-por-despido-se-volvio-una-ficcion-3.jpg 75w, http:\/\/cordobadirecto.com\/wp-content\/uploads\/2025\/04\/analisis-profesional-claves-para-entender-por-que-la-indemnizacion-por-despido-se-volvio-una-ficcion-4.jpg 350w, http:\/\/cordobadirecto.com\/wp-content\/uploads\/2025\/04\/analisis-profesional-claves-para-entender-por-que-la-indemnizacion-por-despido-se-volvio-una-ficcion-5.jpg 640w\" sizes=\"(max-width: 300px) 100vw, 300px\" loading=\"lazy\">\n<\/p>\n<p>(*) Socio \u2013 Jaskowsky Bistocco Barrios \u2013 Abogados\n<\/p>\n<p>&nbsp;\n<\/p>\n<div class=\"g g-38\">\n<div class=\"g-dyn a-12 c-1\"><a class=\"gofollow\" data-track=\"MTIsMzgsMSw2MA==\" href=\"https:\/\/www.farmaciashpfarma.com.ar\/blog\/institucional\/beneficios-corporativos-en-campana-antigripal.html\" target=\"_blank\" rel=\"noopener\"><img src=\"http:\/\/cordobadirecto.com\/wp-content\/uploads\/2025\/04\/analisis-profesional-claves-para-entender-por-que-la-indemnizacion-por-despido-se-volvio-una-ficcion-1.jpg\" loading=\"lazy\"><\/a><\/div>\n<\/div>\n","protected":false},"excerpt":{"rendered":"<p>&nbsp; &nbsp; Por Diego Germ\u00e1n Jaskowsky (*). Que la indemnizaci\u00f3n por despido repara los da\u00f1os que sufre el trabajador despedido sin causa es una ficci\u00f3n. Es una conveniente ficci\u00f3n sist\u00e9mica. Es la evoluci\u00f3n de los reclamos por da\u00f1os derivados de la ruptura de la relaci\u00f3n a un sistema de tarifa. \u00bfCu\u00e1l es el da\u00f1o que [&hellip;]<\/p>\n","protected":false},"author":1,"featured_media":164873,"comment_status":"closed","ping_status":"closed","sticky":false,"template":"","format":"standard","meta":[],"categories":[25],"tags":[],"_links":{"self":[{"href":"http:\/\/cordobadirecto.com\/index.php\/wp-json\/wp\/v2\/posts\/164872"}],"collection":[{"href":"http:\/\/cordobadirecto.com\/index.php\/wp-json\/wp\/v2\/posts"}],"about":[{"href":"http:\/\/cordobadirecto.com\/index.php\/wp-json\/wp\/v2\/types\/post"}],"author":[{"embeddable":true,"href":"http:\/\/cordobadirecto.com\/index.php\/wp-json\/wp\/v2\/users\/1"}],"replies":[{"embeddable":true,"href":"http:\/\/cordobadirecto.com\/index.php\/wp-json\/wp\/v2\/comments?post=164872"}],"version-history":[{"count":0,"href":"http:\/\/cordobadirecto.com\/index.php\/wp-json\/wp\/v2\/posts\/164872\/revisions"}],"wp:featuredmedia":[{"embeddable":true,"href":"http:\/\/cordobadirecto.com\/index.php\/wp-json\/wp\/v2\/media\/164873"}],"wp:attachment":[{"href":"http:\/\/cordobadirecto.com\/index.php\/wp-json\/wp\/v2\/media?parent=164872"}],"wp:term":[{"taxonomy":"category","embeddable":true,"href":"http:\/\/cordobadirecto.com\/index.php\/wp-json\/wp\/v2\/categories?post=164872"},{"taxonomy":"post_tag","embeddable":true,"href":"http:\/\/cordobadirecto.com\/index.php\/wp-json\/wp\/v2\/tags?post=164872"}],"curies":[{"name":"wp","href":"https:\/\/api.w.org\/{rel}","templated":true}]}}