{"id":164911,"date":"2025-04-19T15:10:48","date_gmt":"2025-04-19T15:10:48","guid":{"rendered":"https:\/\/www.ole.com.ar\/futbol-ascenso\/ascenso-primera-nacional-almagro-jorge-cordon_0_saqskj99Fo.html"},"modified":"2025-04-19T15:10:48","modified_gmt":"2025-04-19T15:10:48","slug":"siguen-los-cambios-almagro-anuncio-a-su-nuevo-entrenador","status":"publish","type":"post","link":"http:\/\/cordobadirecto.com\/index.php\/2025\/04\/19\/siguen-los-cambios-almagro-anuncio-a-su-nuevo-entrenador\/","title":{"rendered":"Siguen los cambios: Almagro anunci\u00f3 a su nuevo entrenador"},"content":{"rendered":"<p><time class=\"createDate\" datetime=\"2025-04-17T18:07:45-03:00\">17\/04\/2025 18:07hs.<\/time><\/p>\n<div id=\"storyBody\">\n<div class=\"custom-text \" readability=\"34.6875\">\n<p><strong>El comienzo de campeonato de <a href=\"https:\/\/www.ole.com.ar\/tema\/almagro.html\" title=\"Almagro\" alt=\"Almagro\" class=\"slug\">Almagro<\/a> no fue para nada bueno y ya empiezan a acechar los fantasmas de las \u00faltimas dos temporadas, donde pele\u00f3 el descenso hasta las jornadas finales de la<a href=\"https:\/\/www.ole.com.ar\/tema\/primera-nacional.html\" title=\"Primera Nacional\" alt=\"Primera Nacional\" class=\"slug\"> Primera Nacional<\/a>.<\/strong> Claro, es que el Tricolor gan\u00f3 tan solo dos partidos sobre diez disputados (empat\u00f3 cuatro y perdi\u00f3 la misma cantidad) y se ubica en la parte baja de la Zona A.<\/p>\n<\/div>\n<div class=\"custom-text \" readability=\"38.013245033113\">\n<p>Por eso, la Comisi\u00f3n Directiva opt\u00f3 por pegar el volantazo en busca de cambiar el rumbo: tras la derrota del pasado lunes por la m\u00ednima ante Atlanta en Villa Crespo,<strong> <a href=\"https:\/\/www.ole.com.ar\/informacion-general\/lucas-sparapani_3_SkeG6RQ9kz.html\" target=\"_self\" title=\"Lucas Sparapani\" alt=\"Lucas Sparapani\" rel=\"noopener\">Lucas Sparapani<\/a>, quien llevaba un a\u00f1o en el cargo, dej\u00f3 de ser el det\u00e9.<\/strong> As\u00ed, comenz\u00f3 el operativo para encontrarle reemplazante.<\/p>\n<\/div>\n<div class=\"custom-text \" readability=\"37.405660377358\">\n<p>Y el elegido no tard\u00f3 en llegar.<strong> S\u00ed, porque <a href=\"https:\/\/www.ole.com.ar\/futbol-ascenso\/ascenso-primera-nacional-ferro-jorge-cordon-dt_0_qhXi52DN8t.html\" target=\"_self\" title=\"Jorge Cordon,\" alt=\"Jorge Cordon,\" rel=\"noopener\">Jorge Cordon,<\/a> de \u00faltimo paso por Ferro, fue el que m\u00e1s consenso gener\u00f3 en la interna de Jos\u00e9 Ingenieros.<\/strong> Acto seguido, comenzaron las negociaciones y se alcanz\u00f3 un acuerdo para que el entrenador de 54 a\u00f1os se ponga el buzo de Almagro y agarre las riendas del equipo.<\/p>\n<\/div>\n<div class=\"sc-e7b891c4-0 ifHnQL image-embed\"><img alt=\"Cordon asumi\u00f3 en Almagro (Prensa Almagro)\" loading=\"lazy\" width=\"720\" height=\"100\" decoding=\"async\" data-nimg=\"1\" src=\"http:\/\/cordobadirecto.com\/wp-content\/uploads\/2025\/04\/siguen-los-cambios-almagro-anuncio-a-su-nuevo-entrenador.jpg\"><span class=\"epigraphe\">Cordon asumi\u00f3 en Almagro (Prensa Almagro)<\/span><\/div>\n<div class=\"custom-text \" readability=\"39\">\n<p>Este jueves firm\u00f3 contrato por un a\u00f1o, dirigi\u00f3 la pr\u00e1ctica que se llev\u00f3 a cabo en el Golf Club San Mart\u00edn, comenz\u00f3 a preparar el duelo del s\u00e1bado (15:30) vs. Racing de C\u00f3rdoba, que tambi\u00e9n cambi\u00f3 de t\u00e9cnico, en condici\u00f3n de local <strong>y fue presentado de manera oficial por el club en las redes sociales. <\/strong><\/p>\n<\/div>\n<p><h2><strong>Los n\u00fameros de Jorge Cordon como entrenador<\/strong><\/h2>\n<\/p>\n<div class=\"custom-text \" readability=\"37\">\n<p>La \u00fanica experiencia del Gordo como det\u00e9 fue en Ferro Carril Oeste, equipo donde supo brillar como jugador y posteriormente trabaj\u00f3 durante muchos a\u00f1os en el \u00e1rea del f\u00fatbol juvenil y Reserva. <strong>En el Verdolaga sum\u00f3 99 partidos dirigidos (distribuidos en tres ciclos distintos): 39 triunfos, 29 empates y 31 derrotas.<\/strong> El \u00faltimo paso culmin\u00f3 a mediados del a\u00f1o anterior. <\/p>\n<\/div>\n<p><h2><strong>Hay una cuenta pendiente&#8230;<\/strong><\/h2>\n<\/p>\n<div class=\"custom-text \" readability=\"37\">\n<p>,M\u00e1s all\u00e1 del mal presente que atraviesa el conjunto de Tres de Febrero, donde urge la necesidad de empezar a sumar de a tres con frecuencia y posicionarse en los puestos de Reducido del grupo, <strong>hay algo que a Almagro le cost\u00f3 mucho a lo largo del \u00faltimo tiempo: ganar de visitante.<\/strong><\/p>\n<\/div>\n<div class=\"custom-text \" readability=\"39\">\n<p> Tal es la mala racha del Trico en condici\u00f3n de visitante que<strong>, entre febrero del 2023 y la actualidad, pis\u00f3 fuerte apenas tres veces afuera de su casa<\/strong> (0-2 vs. Brown en Adrogu\u00e9, 2-3 vs. Atl\u00e9tico en Rafaela y 1-2 vs. Almirante Brown en Isidro Casanova). En esta temporada empat\u00f3 frente a Arsenal (2-2) y Alvarado (1-1), mientras que cay\u00f3 con Trist\u00e1n Su\u00e1rez (2-1) y Atlanta (1-0). <\/p>\n<\/div>\n<div class=\"sc-e7b891c4-0 ifHnQL image-embed\"><img alt=\"El Tricolor viene de perder en Villa Crespo (Prensa Almagro)\" loading=\"lazy\" width=\"1290\" height=\"760\" decoding=\"async\" data-nimg=\"1\" src=\"http:\/\/cordobadirecto.com\/wp-content\/uploads\/2025\/04\/siguen-los-cambios-almagro-anuncio-a-su-nuevo-entrenador-1.jpg\"><span class=\"epigraphe\">El Tricolor viene de perder en Villa Crespo (Prensa Almagro)<\/span><\/div>\n<div class=\"sc-a7166897-0 eoLsBE\" readability=\"6.5\">\n<section readability=\"3\"><picture><img alt=\"Con la posible ausencia de Rojo y Cavani ante el Pincha: \u00bfqui\u00e9nes lo pueden reemplazar?\" loading=\"lazy\" width=\"290\" height=\"290\" decoding=\"async\" data-nimg=\"1\" src=\"http:\/\/cordobadirecto.com\/wp-content\/uploads\/2025\/04\/siguen-los-cambios-almagro-anuncio-a-su-nuevo-entrenador-2.jpg\"><\/picture>\n<p><span>Mir\u00e1 tambi\u00e9n<\/span><\/p>\n<hr>\n<h3>Con la posible ausencia de Rojo y Cavani ante el Pincha: \u00bfqui\u00e9nes lo pueden reemplazar?<\/h3>\n<\/p>\n<\/section>\n<\/div>\n<div class=\"sc-a7166897-0 eoLsBE\" readability=\"6\">\n<section readability=\"2\"><picture><img alt=\"Luciano Perdomo: &quot;Estoy en un momento complicado. Me tengo que volver a operar&quot;\" loading=\"lazy\" width=\"290\" height=\"290\" decoding=\"async\" data-nimg=\"1\" src=\"http:\/\/cordobadirecto.com\/wp-content\/uploads\/2025\/04\/siguen-los-cambios-almagro-anuncio-a-su-nuevo-entrenador-3.jpg\"><\/picture>\n<p><span>Mir\u00e1 tambi\u00e9n<\/span><\/p>\n<hr>\n<h3>Luciano Perdomo: &#8220;Estoy en un momento complicado. Me tengo que volver a operar&#8221;<\/h3>\n<\/p>\n<\/section>\n<\/div>\n<\/div>\n","protected":false},"excerpt":{"rendered":"<p>17\/04\/2025 18:07hs. El comienzo de campeonato de Almagro no fue para nada bueno y ya empiezan a acechar los fantasmas de las \u00faltimas dos temporadas, donde pele\u00f3 el descenso hasta las jornadas finales de la Primera Nacional. Claro, es que el Tricolor gan\u00f3 tan solo dos partidos sobre diez disputados (empat\u00f3 cuatro y perdi\u00f3 la [&hellip;]<\/p>\n","protected":false},"author":1,"featured_media":164912,"comment_status":"closed","ping_status":"closed","sticky":false,"template":"","format":"standard","meta":[],"categories":[21],"tags":[],"_links":{"self":[{"href":"http:\/\/cordobadirecto.com\/index.php\/wp-json\/wp\/v2\/posts\/164911"}],"collection":[{"href":"http:\/\/cordobadirecto.com\/index.php\/wp-json\/wp\/v2\/posts"}],"about":[{"href":"http:\/\/cordobadirecto.com\/index.php\/wp-json\/wp\/v2\/types\/post"}],"author":[{"embeddable":true,"href":"http:\/\/cordobadirecto.com\/index.php\/wp-json\/wp\/v2\/users\/1"}],"replies":[{"embeddable":true,"href":"http:\/\/cordobadirecto.com\/index.php\/wp-json\/wp\/v2\/comments?post=164911"}],"version-history":[{"count":0,"href":"http:\/\/cordobadirecto.com\/index.php\/wp-json\/wp\/v2\/posts\/164911\/revisions"}],"wp:featuredmedia":[{"embeddable":true,"href":"http:\/\/cordobadirecto.com\/index.php\/wp-json\/wp\/v2\/media\/164912"}],"wp:attachment":[{"href":"http:\/\/cordobadirecto.com\/index.php\/wp-json\/wp\/v2\/media?parent=164911"}],"wp:term":[{"taxonomy":"category","embeddable":true,"href":"http:\/\/cordobadirecto.com\/index.php\/wp-json\/wp\/v2\/categories?post=164911"},{"taxonomy":"post_tag","embeddable":true,"href":"http:\/\/cordobadirecto.com\/index.php\/wp-json\/wp\/v2\/tags?post=164911"}],"curies":[{"name":"wp","href":"https:\/\/api.w.org\/{rel}","templated":true}]}}