{"id":164951,"date":"2025-04-20T13:24:11","date_gmt":"2025-04-20T13:24:11","guid":{"rendered":"https:\/\/www.ole.com.ar\/autos\/formula-1-gp-arabia-saudita-hora-ver-hoy-vivo-tv-streaming_0_EGn1viVXm3.html"},"modified":"2025-04-20T13:24:11","modified_gmt":"2025-04-20T13:24:11","slug":"a-que-hora-es-el-gp-de-arabia-saudita-y-como-ver-hoy-en-vivo-la-f1","status":"publish","type":"post","link":"http:\/\/cordobadirecto.com\/index.php\/2025\/04\/20\/a-que-hora-es-el-gp-de-arabia-saudita-y-como-ver-hoy-en-vivo-la-f1\/","title":{"rendered":"A qu\u00e9 hora es el GP de Arabia Saudita y c\u00f3mo ver hoy EN VIVO la F1"},"content":{"rendered":"<p><h2><strong>Qu\u00e9 dijeron Pierre Gasly y Jack Doohan tras las clasificaci\u00f3n en el GP de Arabia Saudita<\/strong><\/h2>\n<\/p>\n<div class=\"sc-19aa7123-0 iHjvMN\" readability=\"15\">\n<p>El franc\u00e9s, tras meterse entre los diez m\u00e1s r\u00e1pidos del trazado callejero, dijo: &#8220;<strong>En general, es positivo que consiguiese dos participaciones consecutivas en la Q3 despu\u00e9s del fin de semana pasado en Bahrein<\/strong>. En esta oportunidad pudimos haber mejorado algunas cosas, de las que aprenderemos para la pr\u00f3xima vez, ya que estoy seguro de que ten\u00edamos chances de haber terminado mejor que el noveno puesto&#8221;.<\/p>\n<\/div>\n<div class=\"sc-19aa7123-0 iHjvMN\" readability=\"16\">\n<p>Por su parte, el australiano declar\u00f3: &#8220;Pude solucionar algunos problemas y encontrar mejoras durante la noche, y not\u00e9 el impacto positivo de inmediato en las primeras vueltas, donde me sent\u00ed mucho m\u00e1s c\u00f3modo en el coche. <strong>La posici\u00f3n en la que largo no me satisface<\/strong>. Sigo siendo optimista y s\u00e9 que las oportunidades de adelantamiento son mejores ac\u00e1 (Yeda) que en otros circuitos, e intentar\u00e9 aprovechar algunos aspectos, como la estrategia, con la ambici\u00f3n de avanzar hacia los puntos&#8221;.<\/p>\n<\/div>\n<div class=\"sc-e7b891c4-0 ifHnQL image-embed\"><img alt=\"Gasly y Doohan, los pilotos titulares de Alpine y compa\u00f1eros de Colapinto (AP).\" loading=\"lazy\" width=\"720\" height=\"100\" decoding=\"async\" data-nimg=\"1\" src=\"http:\/\/cordobadirecto.com\/wp-content\/uploads\/2025\/04\/a-que-hora-es-el-gp-de-arabia-saudita-y-como-ver-hoy-en-vivo-la-f1.jpg\"><span class=\"epigraphe\">Gasly y Doohan, los pilotos titulares de Alpine y compa\u00f1eros de Colapinto (AP).<\/span><\/div>\n","protected":false},"excerpt":{"rendered":"<p>Qu\u00e9 dijeron Pierre Gasly y Jack Doohan tras las clasificaci\u00f3n en el GP de Arabia Saudita El franc\u00e9s, tras meterse entre los diez m\u00e1s r\u00e1pidos del trazado callejero, dijo: &#8220;En general, es positivo que consiguiese dos participaciones consecutivas en la Q3 despu\u00e9s del fin de semana pasado en Bahrein. En esta oportunidad pudimos haber mejorado [&hellip;]<\/p>\n","protected":false},"author":1,"featured_media":164952,"comment_status":"closed","ping_status":"closed","sticky":false,"template":"","format":"standard","meta":[],"categories":[21],"tags":[],"_links":{"self":[{"href":"http:\/\/cordobadirecto.com\/index.php\/wp-json\/wp\/v2\/posts\/164951"}],"collection":[{"href":"http:\/\/cordobadirecto.com\/index.php\/wp-json\/wp\/v2\/posts"}],"about":[{"href":"http:\/\/cordobadirecto.com\/index.php\/wp-json\/wp\/v2\/types\/post"}],"author":[{"embeddable":true,"href":"http:\/\/cordobadirecto.com\/index.php\/wp-json\/wp\/v2\/users\/1"}],"replies":[{"embeddable":true,"href":"http:\/\/cordobadirecto.com\/index.php\/wp-json\/wp\/v2\/comments?post=164951"}],"version-history":[{"count":0,"href":"http:\/\/cordobadirecto.com\/index.php\/wp-json\/wp\/v2\/posts\/164951\/revisions"}],"wp:featuredmedia":[{"embeddable":true,"href":"http:\/\/cordobadirecto.com\/index.php\/wp-json\/wp\/v2\/media\/164952"}],"wp:attachment":[{"href":"http:\/\/cordobadirecto.com\/index.php\/wp-json\/wp\/v2\/media?parent=164951"}],"wp:term":[{"taxonomy":"category","embeddable":true,"href":"http:\/\/cordobadirecto.com\/index.php\/wp-json\/wp\/v2\/categories?post=164951"},{"taxonomy":"post_tag","embeddable":true,"href":"http:\/\/cordobadirecto.com\/index.php\/wp-json\/wp\/v2\/tags?post=164951"}],"curies":[{"name":"wp","href":"https:\/\/api.w.org\/{rel}","templated":true}]}}