{"id":164969,"date":"2025-04-18T00:00:50","date_gmt":"2025-04-18T00:00:50","guid":{"rendered":"https:\/\/cordoba.gob.ar\/?p=77145"},"modified":"2025-04-18T00:00:50","modified_gmt":"2025-04-18T00:00:50","slug":"con-mas-de-300-participantes-la-ciudad-cerro-la-reunion-anual-de-la-red-argentina-de-ciudades-del-aprendizaje-de-la-unesco","status":"publish","type":"post","link":"http:\/\/cordobadirecto.com\/index.php\/2025\/04\/18\/con-mas-de-300-participantes-la-ciudad-cerro-la-reunion-anual-de-la-red-argentina-de-ciudades-del-aprendizaje-de-la-unesco\/","title":{"rendered":"Con m\u00e1s de 300 participantes, la ciudad cerr\u00f3 la Reuni\u00f3n Anual de la Red Argentina de Ciudades del Aprendizaje de la UNESCO"},"content":{"rendered":"<div><img src=\"http:\/\/cordobadirecto.com\/wp-content\/uploads\/2025\/04\/con-mas-de-300-participantes-la-ciudad-cerro-la-reunion-anual-de-la-red-argentina-de-ciudades-del-aprendizaje-de-la-unesco.jpg\" class=\"ff-og-image-inserted\"><\/div>\n<ul>\n<li data-prosemirror-content-type=\"node\" data-prosemirror-node-name=\"paragraph\" data-prosemirror-node-block=\"true\"><strong>Despe\u00f1aderos, Laguna Larga, Colonia Caroya y Alta Gracia se incorporaron a la Red.<\/strong><\/li>\n<li data-prosemirror-content-type=\"node\" data-prosemirror-node-name=\"paragraph\" data-prosemirror-node-block=\"true\"><strong>Passerini firm\u00f3 un acuerdo con la presidenta de la Red de Ciudades del Aprendizaje y la alcaldesa de La Paz, ambas de M\u00e9xico.<\/strong><\/li>\n<\/ul>\n<hr>\n<p data-prosemirror-content-type=\"node\" data-prosemirror-node-name=\"paragraph\" data-prosemirror-node-block=\"true\">Con una destacada participaci\u00f3n nacional e internacional, C\u00f3rdoba cerr\u00f3 la Reuni\u00f3n Anual de la Red Argentina de Ciudades del Aprendizaje de la UNESCO, consolidando su rol como ciudad anfitriona y actual presidenta de esta red global.<\/p>\n<p data-prosemirror-content-type=\"node\" data-prosemirror-node-name=\"paragraph\" data-prosemirror-node-block=\"true\">Durante dos jornadas, intendentes y representantes de las nueve ciudades argentinas reconocidas por la UNESCO, junto a delegaciones de Colombia, M\u00e9xico y referentes de organismos internacionales, participaron de un espacio de intercambio estrat\u00e9gico y cooperaci\u00f3n institucional en torno al aprendizaje a lo largo de toda la vida.<\/p>\n<p data-prosemirror-content-type=\"node\" data-prosemirror-node-name=\"paragraph\" data-prosemirror-node-block=\"true\">La apertura estuvo marcada por la presencia del Coordinador de la Red Mundial de Ciudades del Aprendizaje de la UNESCO, Dr. Ra\u00fal Vald\u00e9s Cotera, quien present\u00f3 la Academia de la Red Mundial y subray\u00f3 el compromiso de las ciudades con los Objetivos de Desarrollo Sostenible de la Agenda 2030.<\/p>\n<p data-prosemirror-content-type=\"node\" data-prosemirror-node-name=\"paragraph\" data-prosemirror-node-block=\"true\">Asimismo, se llev\u00f3 a cabo una mesa de trabajo con los intendentes argentinos, fortaleciendo el intercambio de experiencias y la construcci\u00f3n de pol\u00edticas p\u00fablicas integradas.<\/p>\n<p data-prosemirror-content-type=\"node\" data-prosemirror-node-name=\"paragraph\" data-prosemirror-node-block=\"true\">Durante la reuni\u00f3n, el intendente Daniel Passerini firm\u00f3 un acuerdo con la presidenta de la Red de Ciudades del Aprendizaje de M\u00e9xico y alcaldesa de La Paz, M\u00e9xico, Milena Quiroga.<\/p>\n<p data-prosemirror-content-type=\"node\" data-prosemirror-node-name=\"paragraph\" data-prosemirror-node-block=\"true\">Ambas partes se comprometieron a fomentar el desarrollo de actividades conjuntas y el intercambio de buenas pr\u00e1cticas, conocimiento y experiencia en diversas \u00e1reas institucionales. El objetivo principal de este acuerdo es fortalecer la relaci\u00f3n entre las instituciones involucradas.<\/p>\n<p data-prosemirror-content-type=\"node\" data-prosemirror-node-name=\"paragraph\" data-prosemirror-node-block=\"true\">La Vicepresidenta del CONICET tambi\u00e9n form\u00f3 parte del encuentro, poniendo en valor el trabajo de la ciencia y la educaci\u00f3n no formal, y se entreg\u00f3 una menci\u00f3n especial en el marco del Programa L\u2019Or\u00e9al\u2013UNESCO \u201cMujeres por la Ciencia\u201d, en reconocimiento a investigadoras destacadas que contribuyen a superar los desaf\u00edos globales desde una mirada de g\u00e9nero.<\/p>\n<p data-prosemirror-content-type=\"node\" data-prosemirror-node-name=\"paragraph\" data-prosemirror-node-block=\"true\">Otra de las acciones importantes del encuentro, fue la incorporaci\u00f3n de cuatro nuevos municipios a la Red: Despe\u00f1aderos, Laguna Larga, Colonia Caroya y Alta Gracia. Estas ciudades se suman al compromiso colectivo de seguir construyendo territorios que reconozcan el aprendizaje como un derecho fundamental.<\/p>\n<p data-prosemirror-content-type=\"node\" data-prosemirror-node-name=\"paragraph\" data-prosemirror-node-block=\"true\">La Reuni\u00f3n Anual concluy\u00f3 con un recorrido por las instalaciones del Ente BioC\u00f3rdoba, donde se exhibieron los avances y el trabajo realizado ante la comitiva de la UNESCO y el Coordinador de la Red Mundial de Ciudades del Aprendizaje de la UNESCO, Dr. Ra\u00fal Vald\u00e9s Cotera.<\/p>\n<p data-prosemirror-content-type=\"node\" data-prosemirror-node-name=\"paragraph\" data-prosemirror-node-block=\"true\">Adem\u00e1s, se llev\u00f3 a cabo un descubrimiento de placa como parte del cierre del evento.<\/p>\n","protected":false},"excerpt":{"rendered":"<p>Despe\u00f1aderos, Laguna Larga, Colonia Caroya y Alta Gracia se incorporaron a la Red. Passerini firm\u00f3 un acuerdo con la presidenta de la Red de Ciudades del Aprendizaje y la alcaldesa de La Paz, ambas de M\u00e9xico. Con una destacada participaci\u00f3n nacional e internacional, C\u00f3rdoba cerr\u00f3 la Reuni\u00f3n Anual de la Red Argentina de Ciudades del [&hellip;]<\/p>\n","protected":false},"author":1,"featured_media":164970,"comment_status":"closed","ping_status":"closed","sticky":false,"template":"","format":"standard","meta":[],"categories":[44],"tags":[],"_links":{"self":[{"href":"http:\/\/cordobadirecto.com\/index.php\/wp-json\/wp\/v2\/posts\/164969"}],"collection":[{"href":"http:\/\/cordobadirecto.com\/index.php\/wp-json\/wp\/v2\/posts"}],"about":[{"href":"http:\/\/cordobadirecto.com\/index.php\/wp-json\/wp\/v2\/types\/post"}],"author":[{"embeddable":true,"href":"http:\/\/cordobadirecto.com\/index.php\/wp-json\/wp\/v2\/users\/1"}],"replies":[{"embeddable":true,"href":"http:\/\/cordobadirecto.com\/index.php\/wp-json\/wp\/v2\/comments?post=164969"}],"version-history":[{"count":0,"href":"http:\/\/cordobadirecto.com\/index.php\/wp-json\/wp\/v2\/posts\/164969\/revisions"}],"wp:featuredmedia":[{"embeddable":true,"href":"http:\/\/cordobadirecto.com\/index.php\/wp-json\/wp\/v2\/media\/164970"}],"wp:attachment":[{"href":"http:\/\/cordobadirecto.com\/index.php\/wp-json\/wp\/v2\/media?parent=164969"}],"wp:term":[{"taxonomy":"category","embeddable":true,"href":"http:\/\/cordobadirecto.com\/index.php\/wp-json\/wp\/v2\/categories?post=164969"},{"taxonomy":"post_tag","embeddable":true,"href":"http:\/\/cordobadirecto.com\/index.php\/wp-json\/wp\/v2\/tags?post=164969"}],"curies":[{"name":"wp","href":"https:\/\/api.w.org\/{rel}","templated":true}]}}