{"id":164972,"date":"2025-04-18T21:14:03","date_gmt":"2025-04-18T21:14:03","guid":{"rendered":"https:\/\/es.digitaltrends.com\/?p=1067742"},"modified":"2025-04-18T21:14:03","modified_gmt":"2025-04-18T21:14:03","slug":"en-honor-al-dia-de-superman-mira-el-detras-de-escena-de-la-aventura-de-james-gunn","status":"publish","type":"post","link":"http:\/\/cordobadirecto.com\/index.php\/2025\/04\/18\/en-honor-al-dia-de-superman-mira-el-detras-de-escena-de-la-aventura-de-james-gunn\/","title":{"rendered":"En honor al D\u00eda de Superman, mira el detr\u00e1s de escena de la aventura de James Gunn"},"content":{"rendered":"<p>Para&nbsp;<a href=\"https:\/\/es.digitaltrends.com\/entretenimiento\/james-gunn-primera-imagen-superman-krypto-superperro\/\" rel>James Gunn<\/a>, el viaje a&nbsp;<a href=\"https:\/\/es.digitaltrends.com\/entretenimiento\/superman-james-gunn-prueba-camara-david-corenswet-rachel-brosnahan\/\" rel>Superman&nbsp;<\/a>comenz\u00f3 cuando era un ni\u00f1o.<\/p>\n<p>\u00abSiendo un ni\u00f1o, amaba la pureza de Superman\u00bb, dijo Gunn en un&nbsp;<a href=\"https:\/\/www.youtube.com\/watch?v=Rq5LyXG8m2U\" rel=\"noreferrer noopener\" target=\"_blank\">video detr\u00e1s de c\u00e1maras<\/a>&nbsp;de&nbsp;<em>Superman<\/em>. \u00abEra una \u00e9poca en la que empezaba a entender lo que eran las pel\u00edculas\u00bb.<\/p>\n<p>Gunn se estableci\u00f3 por primera vez como un prol\u00edfico guionista y director de superh\u00e9roes en Marvel con la trilog\u00eda de Guardianes de la Galaxia. Despu\u00e9s de ser despedido temporalmente del Universo Cinematogr\u00e1fico de Marvel, Gunn cruz\u00f3 a DC para dirigir&nbsp;<em>The Suicide Squad<\/em>&nbsp;de 2021. Gunn finalmente termin\u00f3 su tiempo en Marvel con&nbsp;<em>Guardianes de la Galaxia Vol. 3.<\/em>&nbsp;Sin embargo, Warner Bros. contrat\u00f3 a Gunn y al productor Peter Safran para convertirse en los nuevos codirectores ejecutivos de DC Studios.<\/p>\n<p>Como uno de los arquitectos de este nuevo universo, Gunn finalmente puede jugar en la caja de arena de los personajes de DC, incluidos Batman, Wonder Woman y, lo m\u00e1s importante, Superman. Inicialmente, Gunn no estaba seguro de si era la voz adecuada para dirigir otra pel\u00edcula con el Hombre de Acero.<\/p>\n<p>\u00abJames no sab\u00eda que Superman estaba en su futuro. No estaba seguro de que eso fuera lo que deber\u00eda estar haciendo\u00bb, dijo Safran en el nuevo video de&nbsp;<em>Superman<\/em>. \u00abY luego me llam\u00f3 un d\u00eda y me dijo: \u2018Tengo una forma de entrar. S\u00e9 de lo que quiero hablar\u00bb.<\/p>\n<p>El Superman de Gunn, interpretado por&nbsp;<a href=\"https:\/\/es.digitaltrends.com\/entretenimiento\/que-le-paso-al-nuevo-superman-en-la-cara-james-gunn-aclara-todo\/\" rel>David Corenswet<\/a>, est\u00e1 construido en torno a la esperanza. Como lo describe&nbsp;Rachel Brosnahan, quien interpreta a la ic\u00f3nica Lois Lane: \u00ab\u00c9l [Superman] salva a la gente porque es lo correcto\u00bb.<\/p>\n<figure data-wp-context=\"{&quot;uploadedSrc&quot;:&quot;https:\\\/\\\/es.digitaltrends.com\\\/wp-content\\\/uploads\\\/2025\\\/04\\\/Superman_974a89.jpeg&quot;,&quot;figureClassNames&quot;:&quot;wp-block-image size-large&quot;,&quot;figureStyles&quot;:null,&quot;imgClassNames&quot;:&quot;wp-image-1067745&quot;,&quot;imgStyles&quot;:null,&quot;targetWidth&quot;:1156,&quot;targetHeight&quot;:811,&quot;scaleAttr&quot;:false,&quot;ariaLabel&quot;:&quot;Enlarge image&quot;,&quot;alt&quot;:&quot;&quot;}\" data-wp-interactive=\"core\/image\" class=\"wp-block-image size-large wp-lightbox-container\"><img fetchpriority=\"high\" decoding=\"async\" data-wp-init=\"callbacks.setButtonStyles\" data-wp-on-async--click=\"actions.showLightbox\" data-wp-on-async--load=\"callbacks.setButtonStyles\" data-wp-on-async-window--resize=\"callbacks.setButtonStyles\" src=\"http:\/\/cordobadirecto.com\/wp-content\/uploads\/2025\/04\/en-honor-al-dia-de-superman-mira-el-detras-de-escena-de-la-aventura-de-james-gunn.jpg\" alt class=\"wp-image-1067745\"><button class=\"lightbox-trigger\" type=\"button\" aria-haspopup=\"dialog\" aria-label=\"Enlarge image\" data-wp-init=\"callbacks.initTriggerButton\" data-wp-on-async--click=\"actions.showLightbox\" data-wp-style--right=\"context.imageButtonRight\" data-wp-style--top=\"context.imageButtonTop\"> <svg width=\"12\" height=\"12\" fill=\"none\" viewBox=\"0 0 12 12\"> <path fill=\"#fff\" d=\"M2 0a2 2 0 0 0-2 2v2h1.5V2a.5.5 0 0 1 .5-.5h2V0H2Zm2 10.5H2a.5.5 0 0 1-.5-.5V8H0v2a2 2 0 0 0 2 2h2v-1.5ZM8 12v-1.5h2a.5.5 0 0 0 .5-.5V8H12v2a2 2 0 0 1-2 2H8Zm2-12a2 2 0 0 1 2 2v2h-1.5V2a.5.5 0 0 0-.5-.5H8V0h2Z\" \/> <\/svg> <\/button><figcaption id=\"caption-attachment-1067745\" class=\"wp-caption-text\"><span class=\"credit\">Imagen utilizada con permiso del titular de los derechos de autor<\/span><\/figcaption><\/figure>\n<p>El reel presenta clips del elenco en el set de&nbsp;<em>Superman<\/em>&nbsp;entrelazados con tomas de acci\u00f3n de escenas de la pel\u00edcula, incluido un breve momento con Nicholas Hoult como Lex Luthor.<\/p>\n<p><em>Superman<\/em>&nbsp;tambi\u00e9n est\u00e1 protagonizada por Edi Gathegi, Anthony Carrigan, Nathan Fillion, Isabela Merced, Skyler Gisondo, Sara Sampaio, Mar\u00eda Gabriela de Far\u00eda, Wendell Pierce, Alan Tudyk, Pruitt Taylor Vince y Neva Howell.<\/p>\n<p>Corenswet explic\u00f3 con precisi\u00f3n que&nbsp;<em>Superman&nbsp;<\/em>es el \u00abcomienzo de una aventura completamente nueva\u00bb.&nbsp;<em>Superman<\/em>&nbsp;es la primera pel\u00edcula del nuevo Universo DC. Mucho depende del \u00e9xito cr\u00edtico y financiero de la pel\u00edcula. Si&nbsp;<em>Superman<\/em>&nbsp;funciona, marca el comienzo de una nueva era de historias de superh\u00e9roes para DC.<\/p>\n<p>Hasta que&nbsp;<em>Superman<\/em>&nbsp;llegue a los cines este verano, el p\u00fablico debe tener fe, o como dijo Brosnahan: \u00abEn James Gunn confiamos\u00bb.<\/p>\n<p><em>Superman&nbsp;<\/em>se estrenar\u00e1 el 11 de julio.<\/p>\n<p> <span id=\"publisher-md\" itemprop=\"publisher\" itemscope itemtype=\"https:\/\/schema.org\/Organization\"> <span itemprop=\"url\" itemtype=\"https:\/\/schema.org\/Url\" content=\"https:\/\/es.digitaltrends.com\"> <span itemprop=\"logo\" itemscope itemtype=\"https:\/\/schema.org\/ImageObject\"> <meta itemprop=\"url\" content=\"https:\/\/cdn.dtcn.com\/dt\/dt-logo-small.png\"> <meta itemprop=\"width\" content=\"0\"> <meta itemprop=\"height\" content=\"0\"> <\/span> <meta itemprop=\"name\" content=\"Digital Trends Espa\u00f1ol\"> <\/span> <span itemprop=\"image\" itemscope itemtype=\"https:\/\/schema.org\/ImageObject\"> <meta itemprop=\"url\" content=\"https:\/\/es.digitaltrends.com\/wp-content\/uploads\/2025\/04\/Superman.jpeg?p=1\"> <\/span> <\/span> <\/p>\n","protected":false},"excerpt":{"rendered":"<p>Para&nbsp;James Gunn, el viaje a&nbsp;Superman&nbsp;comenz\u00f3 cuando era un ni\u00f1o. \u00abSiendo un ni\u00f1o, amaba la pureza de Superman\u00bb, dijo Gunn en un&nbsp;video detr\u00e1s de c\u00e1maras&nbsp;de&nbsp;Superman. \u00abEra una \u00e9poca en la que empezaba a entender lo que eran las pel\u00edculas\u00bb. Gunn se estableci\u00f3 por primera vez como un prol\u00edfico guionista y director de superh\u00e9roes en Marvel con [&hellip;]<\/p>\n","protected":false},"author":1,"featured_media":164973,"comment_status":"closed","ping_status":"closed","sticky":false,"template":"","format":"standard","meta":[],"categories":[18],"tags":[],"_links":{"self":[{"href":"http:\/\/cordobadirecto.com\/index.php\/wp-json\/wp\/v2\/posts\/164972"}],"collection":[{"href":"http:\/\/cordobadirecto.com\/index.php\/wp-json\/wp\/v2\/posts"}],"about":[{"href":"http:\/\/cordobadirecto.com\/index.php\/wp-json\/wp\/v2\/types\/post"}],"author":[{"embeddable":true,"href":"http:\/\/cordobadirecto.com\/index.php\/wp-json\/wp\/v2\/users\/1"}],"replies":[{"embeddable":true,"href":"http:\/\/cordobadirecto.com\/index.php\/wp-json\/wp\/v2\/comments?post=164972"}],"version-history":[{"count":0,"href":"http:\/\/cordobadirecto.com\/index.php\/wp-json\/wp\/v2\/posts\/164972\/revisions"}],"wp:featuredmedia":[{"embeddable":true,"href":"http:\/\/cordobadirecto.com\/index.php\/wp-json\/wp\/v2\/media\/164973"}],"wp:attachment":[{"href":"http:\/\/cordobadirecto.com\/index.php\/wp-json\/wp\/v2\/media?parent=164972"}],"wp:term":[{"taxonomy":"category","embeddable":true,"href":"http:\/\/cordobadirecto.com\/index.php\/wp-json\/wp\/v2\/categories?post=164972"},{"taxonomy":"post_tag","embeddable":true,"href":"http:\/\/cordobadirecto.com\/index.php\/wp-json\/wp\/v2\/tags?post=164972"}],"curies":[{"name":"wp","href":"https:\/\/api.w.org\/{rel}","templated":true}]}}