{"id":164988,"date":"2025-04-21T15:01:10","date_gmt":"2025-04-21T15:01:10","guid":{"rendered":"https:\/\/www.ole.com.ar\/futbol-internacional\/estoril-portugal-homenaje-ayrton-senna-camiseta_0_5R7CSwUwHB.html"},"modified":"2025-04-21T15:01:10","modified_gmt":"2025-04-21T15:01:10","slug":"en-portugal-el-estoril-homenajeo-a-ayrton-senna-por-que","status":"publish","type":"post","link":"http:\/\/cordobadirecto.com\/index.php\/2025\/04\/21\/en-portugal-el-estoril-homenajeo-a-ayrton-senna-por-que\/","title":{"rendered":"En Portugal, el Estoril homenaje\u00f3 a Ayrton Senna: \u00bfpor qu\u00e9?"},"content":{"rendered":"<p><time class=\"createDate\" datetime=\"2025-04-21T12:01:10-03:00\">21\/04\/2025 12:01hs.<\/time><\/p>\n<div id=\"storyBody\">\n<div class=\"custom-text \" readability=\"35.412735849057\">\n<p><strong><a href=\"https:\/\/www.ole.com.ar\/tema\/ayrton-senna.html\" title=\"ayrton senna\" alt=\"ayrton senna\" class=\"slug\">Ayrton Senna<\/a> <\/strong>fue, es y ser\u00e1 un s\u00edmbolo hist\u00f3rico de la<strong> <a href=\"https:\/\/www.ole.com.ar\/tema\/formula-1.html\" title=\"F\u00f3rmula 1\" alt=\"F\u00f3rmula 1\" class=\"slug\">Formula 1<\/a><\/strong> y su nombre siempre estar\u00e1 presente en el mundo del deporte y del automovilismo. En esta oportunidad, el tricampe\u00f3n de la M\u00e1xima fue noticia, pero no por algo relacionado estrictamente al mundo fierrero, sino m\u00e1s bien al f\u00fatbol. Porque el<strong> Estoril de Portugal homenaje\u00f3 al brasile\u00f1o<\/strong> en la derrota 2-0 ante <a href=\"https:\/\/www.ole.com.ar\/tema\/sporting-braga.html\" title=\"Sporting Braga\" alt=\"Sporting Braga\" class=\"slug\">Braga <\/a>por la 30\u00b0 fecha de la <a href=\"https:\/\/www.ole.com.ar\/tema\/primeira-liga.html\" title=\"Primeira Liga\" alt=\"Primeira Liga\" class=\"slug\">Primeira Liga<\/a>.<\/p>\n<\/div>\n<div class=\"custom-text \" readability=\"40\">\n<p><strong>El conjunto perteneciente al municipio de Cascais, distrito de Lisboa, present\u00f3 una camiseta<\/strong> negra con verde, amarillo y azul, <strong>basada en el dise\u00f1o y los colores del casco utilizado por Senna el 21 de abril de 1985 <\/strong>en el Gran Premio de Estoril, en el que consigui\u00f3 su primera victoria en la M\u00e1xima.<\/p>\n<\/div>\n<div class=\"sc-e7b891c4-0 ifHnQL image-embed\"><img alt=\"La camiseta del Estoril en homenaje a Senna.\" loading=\"lazy\" width=\"720\" height=\"100\" decoding=\"async\" data-nimg=\"1\" src=\"http:\/\/cordobadirecto.com\/wp-content\/uploads\/2025\/04\/en-portugal-el-estoril-homenajeo-a-ayrton-senna-por-que.jpg\"><span class=\"epigraphe\">La camiseta del Estoril en homenaje a Senna.<\/span><\/div>\n<div class=\"custom-text \" readability=\"33\">\n<p>Adem\u00e1s, la flamante camiseta tiene bordado en la equina inferior derecha el Circuito de la ciudad.<\/p>\n<\/div>\n<div class=\"custom-text \" readability=\"40\">\n<p><strong>&#8220;Ayrton es un \u00eddolo para Brasil<\/strong>. Es un gran honor rendirle homenaje de esta manera. Me alegr\u00f3 mucho poder, de alguna manera, celebrar a una persona tan importante para m\u00ed y para mi pa\u00eds. Senna es considerado un h\u00e9roe porque trajo tanta felicidad a un pueblo que a veces vivi\u00f3 con grandes dificultades. <strong>La equipaci\u00f3n es preciosa<\/strong>&#8220;, indic\u00f3 Vin\u00edcius Zanocelo, \u00fanico brasile\u00f1o en el club, a la p\u00e1gina oficial del equipo. <\/p>\n<\/div>\n<div class=\"custom-text \" readability=\"41\">\n<p>Adem\u00e1s,<strong> Ant\u00f3nio Nobre<\/strong>, director de marketing del Estoril explic\u00f3 y mencion\u00f3 los motivos del homenaje: <strong>&#8220;El objetivo de lanzar este cuarto equipamiento es, por un lado, celebrar uno de los legados m\u00e1s bellos que nos ha dejado la regi\u00f3n de Cascais<\/strong>. Desde un punto de vista emotivo, esta historia ha marcado a varias generaciones y se sigue recordando con gran cari\u00f1o hasta el d\u00eda de hoy&#8221;, mencion\u00f3.<\/p>\n<\/div>\n<div class=\"custom-text \" readability=\"39\">\n<p>&#8220;Para Estoril Praia, este es un homenaje a Ayrton Senna. Por otro lado, <strong>es un recordatorio de un legado que naci\u00f3 aqu\u00ed con la primera victoria del piloto de F\u00f3rmula 1, el m\u00e1ximo exponente del automovilismo<\/strong>, y una persona que eligi\u00f3 pasar gran parte de su vida en el municipio de Cascais y en Portugal&#8221;. agreg\u00f3. <\/p>\n<\/div>\n<div class=\"sc-e7b891c4-0 ifHnQL image-embed\"><img alt=\"Ayrton Senna en el GP de Estoril.\" loading=\"lazy\" width=\"720\" height=\"100\" decoding=\"async\" data-nimg=\"1\" src=\"http:\/\/cordobadirecto.com\/wp-content\/uploads\/2025\/04\/en-portugal-el-estoril-homenajeo-a-ayrton-senna-por-que-1.jpg\"><span class=\"epigraphe\">Ayrton Senna en el GP de Estoril.<\/span><\/div>\n<p><h2><strong>Video: la presentaci\u00f3n de la camiseta<\/strong><\/h2>\n<\/p>\n<div class=\"sc-734b4696-1 kFfZtB\">\n<div class=\"sc-d00d9e74-0 hnHYbk\" type=\"embed\">\n<div class=\"sc-d00d9e74-1 iKVbz videoText\" id=\"contentTitleembedZ2AzB29v\" type=\"embed\"><svg fill=\"#ffffff\"><symbol id=\"play\" viewBox=\"0 0 512 512\"><path d=\"M512 256C512 397.4 397.4 512 256 512C114.6 512 0 397.4 0 256C0 114.6 114.6 0 256 0C397.4 0 512 114.6 512 256zM176 168V344C176 352.7 180.7 360.7 188.3 364.9C195.8 369.2 205.1 369 212.5 364.5L356.5 276.5C363.6 272.1 368 264.4 368 256C368 247.6 363.6 239.9 356.5 235.5L212.5 147.5C205.1 142.1 195.8 142.8 188.3 147.1C180.7 151.3 176 159.3 176 168V168z\" \/><\/symbol><use xlink:href=\"#play\" \/><\/svg><\/p>\n<div class=\"right\">\n<p>ayrton senna<!-- --> &#8211; <span>&nbsp;<\/span><\/p>\n<h2 class=\"title-vid\">La presentaci\u00f3n de la camiseta del Estoril en homenaje a Ayrton Senna<\/h2>\n<\/div>\n<\/div>\n<p><span class=\"back\" id=\"spanBackembedZ2AzB29v\"><\/span><\/div>\n<div class=\"JWvideoNota_title\">\n<p>@estorilpraiasad<\/p>\n<\/div>\n<\/div>\n<p><h2><strong>Video: el hist\u00f3rico triunfo de Senna en Portugal<\/strong><\/h2>\n<\/p>\n<div class=\"sc-734b4696-1 kFfZtB\">\n<div class=\"sc-d00d9e74-0 hnHYbk\" type=\"embed\">\n<div class=\"sc-d00d9e74-1 iKVbz videoText\" id=\"contentTitleembedzEWoa4kk\" type=\"embed\"><svg fill=\"#ffffff\"><symbol id=\"play\" viewBox=\"0 0 512 512\"><path d=\"M512 256C512 397.4 397.4 512 256 512C114.6 512 0 397.4 0 256C0 114.6 114.6 0 256 0C397.4 0 512 114.6 512 256zM176 168V344C176 352.7 180.7 360.7 188.3 364.9C195.8 369.2 205.1 369 212.5 364.5L356.5 276.5C363.6 272.1 368 264.4 368 256C368 247.6 363.6 239.9 356.5 235.5L212.5 147.5C205.1 142.1 195.8 142.8 188.3 147.1C180.7 151.3 176 159.3 176 168V168z\" \/><\/symbol><use xlink:href=\"#play\" \/><\/svg><\/p>\n<div class=\"right\">\n<p>F\u00f3rmula 1<!-- --> &#8211; <span>&nbsp;<\/span><\/p>\n<h2 class=\"title-vid\">La victoria de Ayrton Senna en Portugal en 1985<\/h2>\n<\/div>\n<\/div>\n<p><span class=\"back\" id=\"spanBackembedzEWoa4kk\"><\/span><\/div>\n<div class=\"JWvideoNota_title\">\n<p>F\u00d3RMULA 1<\/p>\n<\/div>\n<\/div>\n<p><h2><strong>Video: el resumen entre Estoril vs. Braga<\/strong><\/h2>\n<\/p>\n<div class=\"sc-734b4696-1 kFfZtB\">\n<div class=\"sc-d00d9e74-0 hnHYbk\" type=\"embed\">\n<div class=\"sc-d00d9e74-1 iKVbz videoText\" id=\"contentTitleembedRYL63PjL\" type=\"embed\"><svg fill=\"#ffffff\"><symbol id=\"play\" viewBox=\"0 0 512 512\"><path d=\"M512 256C512 397.4 397.4 512 256 512C114.6 512 0 397.4 0 256C0 114.6 114.6 0 256 0C397.4 0 512 114.6 512 256zM176 168V344C176 352.7 180.7 360.7 188.3 364.9C195.8 369.2 205.1 369 212.5 364.5L356.5 276.5C363.6 272.1 368 264.4 368 256C368 247.6 363.6 239.9 356.5 235.5L212.5 147.5C205.1 142.1 195.8 142.8 188.3 147.1C180.7 151.3 176 159.3 176 168V168z\" \/><\/symbol><use xlink:href=\"#play\" \/><\/svg><\/p>\n<div class=\"right\">\n<p>Portugal<!-- --> &#8211; <span>&nbsp;<\/span><\/p>\n<h2 class=\"title-vid\">El resumen de la ca\u00edda del Estoril vs. Braga<\/h2>\n<\/div>\n<\/div>\n<p><span class=\"back\" id=\"spanBackembedRYL63PjL\"><\/span><\/div>\n<div class=\"JWvideoNota_title\">\n<p>VSPORTS &#8211; Liga Portugal<\/p>\n<\/div>\n<\/div>\n<div class=\"sc-a7166897-0 eoLsBE\" readability=\"6\">\n<section readability=\"2\"><picture><img alt=\"Boca y River unidos por el Papa Francisco a d\u00edas del supercl\u00e1sico\" loading=\"lazy\" width=\"290\" height=\"290\" decoding=\"async\" data-nimg=\"1\" src=\"http:\/\/cordobadirecto.com\/wp-content\/uploads\/2025\/04\/en-portugal-el-estoril-homenajeo-a-ayrton-senna-por-que-2.jpg\"><\/picture>\n<p><span>Mir\u00e1 tambi\u00e9n<\/span><\/p>\n<hr>\n<h3>Boca y River unidos por el Papa Francisco a d\u00edas del supercl\u00e1sico<\/h3>\n<\/p>\n<\/section>\n<\/div>\n<div class=\"sc-a7166897-0 eoLsBE\" readability=\"6\">\n<section readability=\"2\"><picture><img alt=\"San Lorenzo rememor\u00f3 su v\u00ednculo con el Papa Francisco con un emotivo video\" loading=\"lazy\" width=\"290\" height=\"290\" decoding=\"async\" data-nimg=\"1\" src=\"http:\/\/cordobadirecto.com\/wp-content\/uploads\/2025\/04\/en-portugal-el-estoril-homenajeo-a-ayrton-senna-por-que-3.jpg\"><\/picture>\n<p><span>Mir\u00e1 tambi\u00e9n<\/span><\/p>\n<hr>\n<h3>San Lorenzo rememor\u00f3 su v\u00ednculo con el Papa Francisco con un emotivo video<\/h3>\n<\/p>\n<\/section>\n<\/div>\n<div class=\"sc-a7166897-0 eoLsBE\" readability=\"6\">\n<section readability=\"2\"><picture><img alt=\"El particular v\u00ednculo del Papa Francisco con un campe\u00f3n del mundo\" loading=\"lazy\" width=\"290\" height=\"290\" decoding=\"async\" data-nimg=\"1\" src=\"http:\/\/cordobadirecto.com\/wp-content\/uploads\/2025\/04\/en-portugal-el-estoril-homenajeo-a-ayrton-senna-por-que-4.jpg\"><\/picture>\n<p><span>Mir\u00e1 tambi\u00e9n<\/span><\/p>\n<hr>\n<h3>El particular v\u00ednculo del Papa Francisco con un campe\u00f3n del mundo<\/h3>\n<\/p>\n<\/section>\n<\/div>\n<\/div>\n","protected":false},"excerpt":{"rendered":"<p>21\/04\/2025 12:01hs. Ayrton Senna fue, es y ser\u00e1 un s\u00edmbolo hist\u00f3rico de la Formula 1 y su nombre siempre estar\u00e1 presente en el mundo del deporte y del automovilismo. En esta oportunidad, el tricampe\u00f3n de la M\u00e1xima fue noticia, pero no por algo relacionado estrictamente al mundo fierrero, sino m\u00e1s bien al f\u00fatbol. Porque el [&hellip;]<\/p>\n","protected":false},"author":1,"featured_media":164989,"comment_status":"closed","ping_status":"closed","sticky":false,"template":"","format":"standard","meta":[],"categories":[21],"tags":[],"_links":{"self":[{"href":"http:\/\/cordobadirecto.com\/index.php\/wp-json\/wp\/v2\/posts\/164988"}],"collection":[{"href":"http:\/\/cordobadirecto.com\/index.php\/wp-json\/wp\/v2\/posts"}],"about":[{"href":"http:\/\/cordobadirecto.com\/index.php\/wp-json\/wp\/v2\/types\/post"}],"author":[{"embeddable":true,"href":"http:\/\/cordobadirecto.com\/index.php\/wp-json\/wp\/v2\/users\/1"}],"replies":[{"embeddable":true,"href":"http:\/\/cordobadirecto.com\/index.php\/wp-json\/wp\/v2\/comments?post=164988"}],"version-history":[{"count":0,"href":"http:\/\/cordobadirecto.com\/index.php\/wp-json\/wp\/v2\/posts\/164988\/revisions"}],"wp:featuredmedia":[{"embeddable":true,"href":"http:\/\/cordobadirecto.com\/index.php\/wp-json\/wp\/v2\/media\/164989"}],"wp:attachment":[{"href":"http:\/\/cordobadirecto.com\/index.php\/wp-json\/wp\/v2\/media?parent=164988"}],"wp:term":[{"taxonomy":"category","embeddable":true,"href":"http:\/\/cordobadirecto.com\/index.php\/wp-json\/wp\/v2\/categories?post=164988"},{"taxonomy":"post_tag","embeddable":true,"href":"http:\/\/cordobadirecto.com\/index.php\/wp-json\/wp\/v2\/tags?post=164988"}],"curies":[{"name":"wp","href":"https:\/\/api.w.org\/{rel}","templated":true}]}}