{"id":164990,"date":"2025-04-20T21:10:36","date_gmt":"2025-04-20T21:10:36","guid":{"rendered":"https:\/\/www.ole.com.ar\/autos\/pechito-jose-maria-lopez-nicolas-varrone-6-horas-imola-wec_0_H4LaVmcJbM.html"},"modified":"2025-04-20T21:10:36","modified_gmt":"2025-04-20T21:10:36","slug":"como-les-fue-a-pechito-lopez-y-nicolas-varrone-en-las-6-horas-de-imola-del-wec","status":"publish","type":"post","link":"http:\/\/cordobadirecto.com\/index.php\/2025\/04\/20\/como-les-fue-a-pechito-lopez-y-nicolas-varrone-en-las-6-horas-de-imola-del-wec\/","title":{"rendered":"C\u00f3mo les fue a Pechito L\u00f3pez y Nicol\u00e1s Varrone en las 6 Horas de Imola del WEC"},"content":{"rendered":"<p><time class=\"createDate\" datetime=\"2025-04-20T18:10:36-03:00\">20\/04\/2025 18:10hs.<\/time><\/p>\n<div id=\"storyBody\">\n<div class=\"custom-text \" readability=\"34.608\">\n<p>Jornadas fierreras s\u00ed que las hay. Mientras se aguardaba por el inicio de la carrera de <a href=\"https:\/\/www.ole.com.ar\/autos\/formula-1-gp-arabia-saudita-hora-ver-hoy-vivo-tv-streaming_0_EGn1viVXm3.html\" target=\"_self\" title=\"F\u00f3rmula 1 en Arabia Saudita\" alt=\"F\u00f3rmula 1 en Arabia Saudita\" rel=\"noopener\">F\u00f3rmula 1 en Arabia Saudita<\/a> y la del <a href=\"https:\/\/www.ole.com.ar\/autos\/carrera-toay-tc-turismo-carretera-cuarta_0_a7jcm8qAHk.html\" target=\"_self\" title=\"Turismo Carretera en Toay\" alt=\"Turismo Carretera en Toay\" rel=\"noopener\">Turismo Carretera en Toay<\/a>, el <strong>WEC <\/strong>(Campeonato Mundial de Resistencia) pon\u00eda primera con las <strong>6 Horas de Imola<\/strong>. All\u00ed hubo dos argentinos que, l\u00f3gicamente, est\u00e1n entre los mejores del mundo: <strong><a href=\"https:\/\/www.ole.com.ar\/tema\/jose-maria-lopez.html\" title=\"Jos\u00e9 Mar\u00eda L\u00f3pez\" alt=\"Jos\u00e9 Mar\u00eda L\u00f3pez\" class=\"slug\">Jos\u00e9 Mar\u00eda L\u00f3pez<\/a><\/strong> -Pechito, claro- y <strong><a href=\"https:\/\/www.ole.com.ar\/tema\/nicolas-varrone.html\" title=\"Nicol\u00e1s Varrone\" alt=\"Nicol\u00e1s Varrone\" class=\"slug\">Nicol\u00e1s Varrone<\/a><\/strong>, quienes corrieron en las clases LMGT3 y Hypercar, respectivamente. Terminada la acci\u00f3n, puede decirse que fue un buen d\u00eda.<\/p>\n<\/div>\n<div class=\"custom-text \" readability=\"41\">\n<p>Despu\u00e9s de un debut amargo en Qatar, ya que ni siquiera lleg\u00f3 a subirse al auto por el incidente de uno de sus compa\u00f1eros (Petru Umbrarescu), el cordob\u00e9s tuvo un domingo feliz en suelo italiano: <strong>termin\u00f3 4\u00b0 entre los autos de turismo<\/strong>, ah\u00ed nom\u00e1s del podio, y sum\u00f3 sus primeros puntos en el campeonato. El ganador de la categor\u00eda fue el Porsche #92, conducido a la victoria por Ryan Hardwick, Riccardo Pera y Richard Lietz.<\/p>\n<\/div>\n<div class=\"sc-e7b891c4-0 ifHnQL image-embed\"><img alt=\"Pechito estuvo a tiro del podio entre los LMGT3. (@AkkodisASPTeam)\" loading=\"lazy\" width=\"720\" height=\"100\" decoding=\"async\" data-nimg=\"1\" src=\"http:\/\/cordobadirecto.com\/wp-content\/uploads\/2025\/04\/como-les-fue-a-pechito-lopez-y-nicolas-varrone-en-las-6-horas-de-imola-del-wec.jpg\"><span class=\"epigraphe\">Pechito estuvo a tiro del podio entre los LMGT3. (@AkkodisASPTeam)<\/span><\/div>\n<div class=\"custom-text \" readability=\"43\">\n<p>Por el lado de <strong>Varrone<\/strong>, candidato a subirse a un F\u00f3rmula 2 en el futuro y haciendo sus primeras armas entre los Hypercars, el resultado fue m\u00e1s modesto: a bordo del Porsche #99, el cual comparte con Neel Jani y Nicol\u00e1s Pino, <strong>lleg\u00f3 14\u00b0 entre 18 competidores<\/strong>. El vencedor de la prueba, arriba de un Ferrari #51 demoledor, fue el trinomio de Alessandro Pier Guidi, James Calado y Antonio Giovinazzi, ex F\u00f3rmula 1.<\/p>\n<\/div>\n<p><h2>El an\u00e1lisis de Nicol\u00e1s Varrone tras el 14\u00b0 puesto en las 6 Horas de Imola<\/h2>\n<\/p>\n<div class=\"custom-text \" readability=\"39\">\n<p>&#8220;Fue una carrera muy dif\u00edcil.<strong> Estoy contento con el resultado, si bien no es donde queremos estar. <\/strong>Nos fue mucho mejor que en Qatar, lo cual es un progreso. Hay que seguir trabajando para cortar la brecha y estar en los puntos en las pr\u00f3ximas carreras, <strong>pero es positivo y hay que seguir por este camino<\/strong>&#8220;, analiz\u00f3 Nico en di\u00e1logo con Coraz\u00f3n de F1.<\/p>\n<\/div>\n<div class=\"sc-e7b891c4-0 ifHnQL image-embed\"><img alt=\"Nicol\u00e1s Varrone sali\u00f3 14\u00b0 en las 6 Horas de Imola del WEC. (@ProtonRacing)\" loading=\"lazy\" width=\"720\" height=\"100\" decoding=\"async\" data-nimg=\"1\" src=\"http:\/\/cordobadirecto.com\/wp-content\/uploads\/2025\/04\/como-les-fue-a-pechito-lopez-y-nicolas-varrone-en-las-6-horas-de-imola-del-wec-1.jpg\"><span class=\"epigraphe\">Nicol\u00e1s Varrone sali\u00f3 14\u00b0 en las 6 Horas de Imola del WEC. (@ProtonRacing)<\/span><\/div>\n<div class=\"sc-a7166897-0 eoLsBE\" readability=\"7.5\">\n<section readability=\"5\"><picture><img alt=\"D\u00eda negro para Alpine, el equipo de Franco Colapinto, en el GP de Arabia Saudita de la F1\" loading=\"lazy\" width=\"290\" height=\"290\" decoding=\"async\" data-nimg=\"1\" src=\"http:\/\/cordobadirecto.com\/wp-content\/uploads\/2025\/04\/como-les-fue-a-pechito-lopez-y-nicolas-varrone-en-las-6-horas-de-imola-del-wec-2.jpg\"><\/picture>\n<p><span>Mir\u00e1 tambi\u00e9n<\/span><\/p>\n<hr>\n<h3>D\u00eda negro para Alpine, el equipo de Franco Colapinto, en el GP de Arabia Saudita de la F1<\/h3>\n<\/p>\n<\/section>\n<\/div>\n<div class=\"sc-a7166897-0 eoLsBE\" readability=\"6\">\n<section readability=\"2\"><picture><img alt=\"El jefe de Williams extra\u00f1a a Colapinto: &quot;Creo que nos veremos en Miami&quot;\" loading=\"lazy\" width=\"290\" height=\"290\" decoding=\"async\" data-nimg=\"1\" src=\"http:\/\/cordobadirecto.com\/wp-content\/uploads\/2025\/04\/como-les-fue-a-pechito-lopez-y-nicolas-varrone-en-las-6-horas-de-imola-del-wec-3.jpg\"><\/picture>\n<p><span>Mir\u00e1 tambi\u00e9n<\/span><\/p>\n<hr>\n<h3>El jefe de Williams extra\u00f1a a Colapinto: &#8220;Creo que nos veremos en Miami&#8221;<\/h3>\n<\/p>\n<\/section>\n<\/div>\n<div class=\"sc-a7166897-0 eoLsBE\" readability=\"6\">\n<section readability=\"2\"><picture><img alt=\"Qu\u00e9 dijo Jack Doohan tras otra floja carrera en la F\u00f3rmula 1\" loading=\"lazy\" width=\"290\" height=\"290\" decoding=\"async\" data-nimg=\"1\" src=\"http:\/\/cordobadirecto.com\/wp-content\/uploads\/2025\/04\/como-les-fue-a-pechito-lopez-y-nicolas-varrone-en-las-6-horas-de-imola-del-wec-4.jpg\"><\/picture>\n<p><span>Mir\u00e1 tambi\u00e9n<\/span><\/p>\n<hr>\n<h3>Qu\u00e9 dijo Jack Doohan tras otra floja carrera en la F\u00f3rmula 1<\/h3>\n<\/p>\n<\/section>\n<\/div>\n<div class=\"sc-a7166897-0 eoLsBE\" readability=\"6\">\n<section readability=\"2\"><picture><img alt=\"Los mejores memes del GP de Arabia Saudita de la F\u00f3rmula 1 \" loading=\"lazy\" width=\"290\" height=\"290\" decoding=\"async\" data-nimg=\"1\" src=\"http:\/\/cordobadirecto.com\/wp-content\/uploads\/2025\/04\/como-les-fue-a-pechito-lopez-y-nicolas-varrone-en-las-6-horas-de-imola-del-wec-5.jpg\"><\/picture>\n<p><span>Mir\u00e1 tambi\u00e9n<\/span><\/p>\n<hr>\n<h3>Los mejores memes del GP de Arabia Saudita de la F\u00f3rmula 1 <\/h3>\n<\/p>\n<\/section>\n<\/div>\n<div class=\"sc-a7166897-0 eoLsBE\" readability=\"6.5\">\n<section readability=\"3\"><picture><img alt=\"Piastri aprovech\u00f3 la sanci\u00f3n a Verstappen y se qued\u00f3 con el GP de Arabia Saudita de la F\u00f3rmula 1\" loading=\"lazy\" width=\"290\" height=\"290\" decoding=\"async\" data-nimg=\"1\" src=\"http:\/\/cordobadirecto.com\/wp-content\/uploads\/2025\/04\/como-les-fue-a-pechito-lopez-y-nicolas-varrone-en-las-6-horas-de-imola-del-wec-6.jpg\"><\/picture>\n<p><span>Mir\u00e1 tambi\u00e9n<\/span><\/p>\n<hr>\n<h3>Piastri aprovech\u00f3 la sanci\u00f3n a Verstappen y se qued\u00f3 con el GP de Arabia Saudita de la F\u00f3rmula 1<\/h3>\n<\/p>\n<\/section>\n<\/div>\n<\/div>\n","protected":false},"excerpt":{"rendered":"<p>20\/04\/2025 18:10hs. Jornadas fierreras s\u00ed que las hay. Mientras se aguardaba por el inicio de la carrera de F\u00f3rmula 1 en Arabia Saudita y la del Turismo Carretera en Toay, el WEC (Campeonato Mundial de Resistencia) pon\u00eda primera con las 6 Horas de Imola. All\u00ed hubo dos argentinos que, l\u00f3gicamente, est\u00e1n entre los mejores del [&hellip;]<\/p>\n","protected":false},"author":1,"featured_media":164991,"comment_status":"closed","ping_status":"closed","sticky":false,"template":"","format":"standard","meta":[],"categories":[21],"tags":[],"_links":{"self":[{"href":"http:\/\/cordobadirecto.com\/index.php\/wp-json\/wp\/v2\/posts\/164990"}],"collection":[{"href":"http:\/\/cordobadirecto.com\/index.php\/wp-json\/wp\/v2\/posts"}],"about":[{"href":"http:\/\/cordobadirecto.com\/index.php\/wp-json\/wp\/v2\/types\/post"}],"author":[{"embeddable":true,"href":"http:\/\/cordobadirecto.com\/index.php\/wp-json\/wp\/v2\/users\/1"}],"replies":[{"embeddable":true,"href":"http:\/\/cordobadirecto.com\/index.php\/wp-json\/wp\/v2\/comments?post=164990"}],"version-history":[{"count":0,"href":"http:\/\/cordobadirecto.com\/index.php\/wp-json\/wp\/v2\/posts\/164990\/revisions"}],"wp:featuredmedia":[{"embeddable":true,"href":"http:\/\/cordobadirecto.com\/index.php\/wp-json\/wp\/v2\/media\/164991"}],"wp:attachment":[{"href":"http:\/\/cordobadirecto.com\/index.php\/wp-json\/wp\/v2\/media?parent=164990"}],"wp:term":[{"taxonomy":"category","embeddable":true,"href":"http:\/\/cordobadirecto.com\/index.php\/wp-json\/wp\/v2\/categories?post=164990"},{"taxonomy":"post_tag","embeddable":true,"href":"http:\/\/cordobadirecto.com\/index.php\/wp-json\/wp\/v2\/tags?post=164990"}],"curies":[{"name":"wp","href":"https:\/\/api.w.org\/{rel}","templated":true}]}}