{"id":164992,"date":"2025-04-21T15:15:09","date_gmt":"2025-04-21T15:15:09","guid":{"rendered":"https:\/\/www.ole.com.ar\/futbol-primera\/reprogramacion-partidos-lunes-21-abril-2025-futbol-argentino-afa-liga-profesional_0_B1O9uAqJqI.html"},"modified":"2025-04-21T15:15:09","modified_gmt":"2025-04-21T15:15:09","slug":"muerte-del-papa-francisco-se-postergan-todos-los-partidos-de-este-lunes-en-el-futbol-argentino","status":"publish","type":"post","link":"http:\/\/cordobadirecto.com\/index.php\/2025\/04\/21\/muerte-del-papa-francisco-se-postergan-todos-los-partidos-de-este-lunes-en-el-futbol-argentino\/","title":{"rendered":"Muerte del Papa Francisco: se postergan todos los partidos de este lunes en el f\u00fatbol argentino"},"content":{"rendered":"<p><span class=\"createDate\">21\/04\/2025 10:12hs.<\/span><time class=\"modificatedDate\" datetime=\"2025-04-21T10:50:58-03:00\"> Actualizado al 21\/04\/2025 10:50hs.<\/time><\/p>\n<div id=\"storyBody\">\n<div class=\"custom-text \" readability=\"35.192528735632\">\n<p>La muerte del <strong><a href=\"https:\/\/www.ole.com.ar\/informacion-general\/papa-francisco-bergoglio-san-lorenzo_0_hc5wIABjfK.html\" target=\"_self\" title=\"Papa Francisco\" alt=\"Papa Francisco\" rel=\"noopener\">Papa Francisco<\/a><\/strong>, producida este lunes por la ma\u00f1ana en Roma, gener\u00f3 que la Asociaci\u00f3n del F\u00fatbol Argentino tomara una medida en se\u00f1al de duelo por su fallecimiento: <strong>suspender toda actividad futbol\u00edstica durante este lunes.<\/strong> As\u00ed que no rodar\u00e1 la pelota en ninguna cancha de un club afiliado a la <strong><a href=\"https:\/\/www.ole.com.ar\/seleccion\/afa-seminario-futbol-global-miami-scaloni_0_C1JmOEjwlT.html\" target=\"_self\" title=\"AFA\" alt=\"AFA\" rel=\"noopener\">AFA<\/a><\/strong> a lo largo y ancho del pa\u00eds.<\/p>\n<\/div>\n<div class=\"sc-e7b891c4-0 ifHnQL image-embed\"><img alt=\"Por la muerte del Papa no habr\u00e1 f\u00fatbol este lunes.\" loading=\"lazy\" width=\"720\" height=\"100\" decoding=\"async\" data-nimg=\"1\" src=\"http:\/\/cordobadirecto.com\/wp-content\/uploads\/2025\/04\/muerte-del-papa-francisco-se-postergan-todos-los-partidos-de-este-lunes-en-el-futbol-argentino.jpg\"><span class=\"epigraphe\">Por la muerte del Papa no habr\u00e1 f\u00fatbol este lunes.<\/span><\/div>\n<div class=\"custom-text \" readability=\"32\">\n<p>Estos son los partidos que deb\u00edan jugarse hoy y se postergar\u00e1n para este martes:<\/p>\n<\/div>\n<p><h2><strong>Primera Divisi\u00f3n<\/strong><\/h2>\n<\/p>\n<div class=\"custom-text \" readability=\"32\">\n<p>Tigre vs. Belgrano (19.00)<\/p>\n<\/div>\n<div class=\"custom-text \" readability=\"32\">\n<p>Argentinos vs. Barracas Central (21.15 pero pasa a las 19.00 del martes)<\/p>\n<\/div>\n<div class=\"custom-text \" readability=\"32\">\n<p>Independiente Rivadavia vs. Aldosivi (21.15)<\/p>\n<\/div>\n<p><h2><strong>Primera Nacional<\/strong><\/h2>\n<\/p>\n<div class=\"custom-text \" readability=\"32\">\n<p>Defensores de Belgrano vs. Temperley (17.10)<\/p>\n<\/div>\n<div class=\"custom-text \" readability=\"32\">\n<p>Ferro vs. Atlanta (21.10)<\/p>\n<\/div>\n<p><h2><strong>Primera B Metropolitana<\/strong><\/h2>\n<\/p>\n<div class=\"custom-text \" readability=\"32\">\n<p>Sacachispas vs. Acassuso (15.30)<\/p>\n<\/div>\n<p><h2><strong>Primera C Metropolitana<\/strong><\/h2>\n<\/p>\n<div class=\"custom-text \" readability=\"32\">\n<p>Centro Espa\u00f1ol vs. Club Luj\u00e1n (15.30)<\/p>\n<\/div>\n<div class=\"custom-text \" readability=\"32\">\n<p>Sportivo Barracas vs. Victoriano Arenas (15.30)<\/p>\n<\/div>\n<div class=\"custom-text \" readability=\"32\">\n<p>Central Ballester vs. Deportivo Paraguayo (15.30)<\/p>\n<\/div>\n<div class=\"sc-a7166897-0 eoLsBE\" readability=\"6\">\n<section readability=\"2\"><picture><img alt=\"Conmoci\u00f3n mundial: muri\u00f3 el Papa Francisco \" loading=\"lazy\" width=\"290\" height=\"290\" decoding=\"async\" data-nimg=\"1\" src=\"http:\/\/cordobadirecto.com\/wp-content\/uploads\/2025\/04\/muerte-del-papa-francisco-se-postergan-todos-los-partidos-de-este-lunes-en-el-futbol-argentino-1.jpg\"><\/picture>\n<p><span>Mir\u00e1 tambi\u00e9n<\/span><\/p>\n<hr>\n<h3>Conmoci\u00f3n mundial: muri\u00f3 el Papa Francisco <\/h3>\n<\/p>\n<\/section>\n<\/div>\n<div class=\"sc-a7166897-0 eoLsBE\" readability=\"6\">\n<section readability=\"2\"><picture><img alt=\"Club Papa Francisco: la historia del equipo argentino que lleg\u00f3 hasta El Vaticano\" loading=\"lazy\" width=\"290\" height=\"290\" decoding=\"async\" data-nimg=\"1\" src=\"http:\/\/cordobadirecto.com\/wp-content\/uploads\/2025\/04\/muerte-del-papa-francisco-se-postergan-todos-los-partidos-de-este-lunes-en-el-futbol-argentino-2.jpg\"><\/picture>\n<p><span>Mir\u00e1 tambi\u00e9n<\/span><\/p>\n<hr>\n<h3>Club Papa Francisco: la historia del equipo argentino que lleg\u00f3 hasta El Vaticano<\/h3>\n<\/p>\n<\/section>\n<\/div>\n<div class=\"sc-a7166897-0 eoLsBE\" readability=\"6\">\n<section readability=\"2\"><picture><img alt=\"El Papa Cuervo: el costado futbolero de Francisco \" loading=\"lazy\" width=\"290\" height=\"290\" decoding=\"async\" data-nimg=\"1\" src=\"http:\/\/cordobadirecto.com\/wp-content\/uploads\/2025\/04\/muerte-del-papa-francisco-se-postergan-todos-los-partidos-de-este-lunes-en-el-futbol-argentino-3.jpg\"><\/picture>\n<p><span>Mir\u00e1 tambi\u00e9n<\/span><\/p>\n<hr>\n<h3>El Papa Cuervo: el costado futbolero de Francisco <\/h3>\n<\/p>\n<\/section>\n<\/div>\n<\/div>\n","protected":false},"excerpt":{"rendered":"<p>21\/04\/2025 10:12hs. Actualizado al 21\/04\/2025 10:50hs. La muerte del Papa Francisco, producida este lunes por la ma\u00f1ana en Roma, gener\u00f3 que la Asociaci\u00f3n del F\u00fatbol Argentino tomara una medida en se\u00f1al de duelo por su fallecimiento: suspender toda actividad futbol\u00edstica durante este lunes. As\u00ed que no rodar\u00e1 la pelota en ninguna cancha de un club [&hellip;]<\/p>\n","protected":false},"author":1,"featured_media":164993,"comment_status":"closed","ping_status":"closed","sticky":false,"template":"","format":"standard","meta":[],"categories":[21],"tags":[],"_links":{"self":[{"href":"http:\/\/cordobadirecto.com\/index.php\/wp-json\/wp\/v2\/posts\/164992"}],"collection":[{"href":"http:\/\/cordobadirecto.com\/index.php\/wp-json\/wp\/v2\/posts"}],"about":[{"href":"http:\/\/cordobadirecto.com\/index.php\/wp-json\/wp\/v2\/types\/post"}],"author":[{"embeddable":true,"href":"http:\/\/cordobadirecto.com\/index.php\/wp-json\/wp\/v2\/users\/1"}],"replies":[{"embeddable":true,"href":"http:\/\/cordobadirecto.com\/index.php\/wp-json\/wp\/v2\/comments?post=164992"}],"version-history":[{"count":0,"href":"http:\/\/cordobadirecto.com\/index.php\/wp-json\/wp\/v2\/posts\/164992\/revisions"}],"wp:featuredmedia":[{"embeddable":true,"href":"http:\/\/cordobadirecto.com\/index.php\/wp-json\/wp\/v2\/media\/164993"}],"wp:attachment":[{"href":"http:\/\/cordobadirecto.com\/index.php\/wp-json\/wp\/v2\/media?parent=164992"}],"wp:term":[{"taxonomy":"category","embeddable":true,"href":"http:\/\/cordobadirecto.com\/index.php\/wp-json\/wp\/v2\/categories?post=164992"},{"taxonomy":"post_tag","embeddable":true,"href":"http:\/\/cordobadirecto.com\/index.php\/wp-json\/wp\/v2\/tags?post=164992"}],"curies":[{"name":"wp","href":"https:\/\/api.w.org\/{rel}","templated":true}]}}