{"id":165022,"date":"2025-04-21T21:25:43","date_gmt":"2025-04-21T21:25:43","guid":{"rendered":"https:\/\/www.ole.com.ar\/autos\/oliver-oakes-declaraciones-arabia-saudita-alpine-formula-1-f1_0_hoyCfHjNWm.html"},"modified":"2025-04-21T21:25:43","modified_gmt":"2025-04-21T21:25:43","slug":"que-dijo-el-jefe-de-alpine-tras-la-carrera-para-el-olvido-de-jack-doohan-y-pierre-gasly","status":"publish","type":"post","link":"http:\/\/cordobadirecto.com\/index.php\/2025\/04\/21\/que-dijo-el-jefe-de-alpine-tras-la-carrera-para-el-olvido-de-jack-doohan-y-pierre-gasly\/","title":{"rendered":"Qu\u00e9 dijo el jefe de Alpine tras la carrera para el olvido de Jack Doohan y Pierre Gasly"},"content":{"rendered":"<p><time class=\"createDate\" datetime=\"2025-04-21T18:25:43-03:00\">21\/04\/2025 18:25hs.<\/time><\/p>\n<div id=\"storyBody\">\n<div class=\"custom-text \" readability=\"36.319642857143\">\n<p>Luego de una notable mejor\u00eda con respecto a la carrera anterior, los muchachos de <strong><a href=\"https:\/\/www.ole.com.ar\/tema\/alpine.html\" title=\"Alpine\" alt=\"Alpine\" class=\"slug\">Alpine<\/a><\/strong> parec\u00edan haber encontrado el ritmo que necesitaban y mostraron una continuidad a lo largo del fin de semana en <strong>Arabia Saudita<\/strong>. No obstante, durante el evento principal, <strong><a href=\"https:\/\/www.ole.com.ar\/tema\/\/autos\/pierre-gasly-companero-franco-colapinto-alpine-estrello-gp-arabia-saudita-f1-formula-1_0_uE33WTKYQJ.html\" target=\"_self\" title=\"Pierre Gasly debi\u00f3 retirarse por un accidente con Tsunoda\" alt=\"Pierre Gasly debi\u00f3 retirarse por un accidente con Tsunoda\" rel=\"noopener\">Pierre Gasly debi\u00f3 retirarse por un accidente con Tsunoda<\/a><\/strong>. En tanto, <strong><a href=\"https:\/\/www.ole.com.ar\/tema\/jack-doohan.html\" title=\"Jack Doohan\" alt=\"Jack Doohan\" class=\"slug\">Jack Doohan<\/a><\/strong> jam\u00e1s logr\u00f3 sentirse c\u00f3modo, siendo el <strong>17\u00b0<\/strong> en ver la bandera a cuadros entre 18 que terminaron. Ante lo mencionado, el jefe de la escuder\u00eda gala, <strong><a href=\"https:\/\/www.ole.com.ar\/autos\/oliver-oakes.html\" title=\"Oliver Oakes\" alt=\"Oliver Oakes\" class=\"slug\">Oliver Oakes<\/a><\/strong>, no ocult\u00f3 su frustraci\u00f3n por lo acontecido en Yeda.<\/p>\n<\/div>\n<div class=\"custom-text \" readability=\"41\">\n<p>Durante toda la actividad en suelo saudita, Gasly se hab\u00eda mostrado altamente competitivo. <strong>En la primera pr\u00e1ctica libre<\/strong> <strong>realiz\u00f3 el mejor tiempo de la jornada<\/strong>, mientras que en la clasificaci\u00f3n, logr\u00f3 meterse en la Q3 y el domingo larg\u00f3 noveno<strong>.<\/strong> Sin embargo, todo se ech\u00f3 a perder en la primera vuelta. Oakes fue transparente y cont\u00f3 sus sensaciones: &#8220;<strong>Es decepcionante irnos de Yeda sin puntos<\/strong>, sobre todo por el incidente de Pierre en la primera vuelta, dado el nivel que mostr\u00f3 durante todo el fin de semana&#8221;.<\/p>\n<\/div>\n<div class=\"sc-e7b891c4-0 ifHnQL image-embed\"><img alt=\"As\u00ed termin\u00f3 el coche de Gasly.\" loading=\"lazy\" width=\"720\" height=\"100\" decoding=\"async\" data-nimg=\"1\" src=\"http:\/\/cordobadirecto.com\/wp-content\/uploads\/2025\/04\/que-dijo-el-jefe-de-alpine-tras-la-carrera-para-el-olvido-de-jack-doohan-y-pierre-gasly.jpg\"><span class=\"epigraphe\">As\u00ed termin\u00f3 el coche de Gasly.<\/span><\/div>\n<div class=\"custom-text \" readability=\"39\">\n<p>Asimismo, explic\u00f3 la estrategia que se utiliz\u00f3 con Doohan: &#8220;Aprovechamos la oportunidad para que Jack entrara a boxes tras la salida del safety car y tirara para largo. A partir de ah\u00ed, podr\u00edamos plantearnos realizar s\u00f3lo una parada y as\u00ed mantenerlo al volante hasta el final. Lamentablemente, <strong>\u00e9l no tuvo ritmo con los neum\u00e1ticos duros, lo que complic\u00f3 la tarde<\/strong>&#8220;.<\/p>\n<\/div>\n<div class=\"custom-text \" readability=\"38\">\n<p>&#8220;Hay aspectos positivos que sacar de esta gira por Asia, sobre todo por la obtenci\u00f3n de los primeros puntos para el equipo (<strong>NdeR<\/strong>: seis por el 7\u00b0 puesto de Gasly en Bahrein) <strong>y el rendimiento del coche, que fue alentador<\/strong>. Debemos seguir mejorando y ya estamos deseando que llegue la pr\u00f3xima carrera en Miami&#8221;, sentenci\u00f3 el brit\u00e1nico.<\/p>\n<\/div>\n<p><h2><strong>Colapinto estar\u00e1 presente en Miami&#8230; \u00bfComo titular o reserva?<\/strong><\/h2>\n<\/p>\n<div class=\"custom-text \" readability=\"37\">\n<p>Seg\u00fan pudo confirmar <strong>Ol\u00e9<\/strong>, el piloto bonaerense de 21 a\u00f1os <strong>viajar\u00e1 con Alpine a Miami<\/strong>, lo cual es una noticia importante. M\u00e1s ser\u00e1 la decisi\u00f3n que tome el equipo en cuanto a que si se le dar\u00e1 una chance m\u00e1s al australiano y Colapinto <strong>espera para debutar (parece el plan A) en Imola el 18 de mayo o ya este pr\u00f3ximo fin de semana de carrera se sube al #43 como piloto titular<\/strong>.<\/p>\n<\/div>\n<div class=\"custom-text \" readability=\"34\">\n<p>Se espera que en estos pr\u00f3ximos d\u00edas <strong>haya una comunicaci\u00f3n\/reuni\u00f3n<\/strong> <strong>de representantes de Alpine y Colapinto para evaluar pasos a seguir<\/strong>. La decisi\u00f3n puede estar en el avi\u00f3n que ya parti\u00f3 desde Asia con lo m\u00e1s importante del equipo.<\/p>\n<\/div>\n<div class=\"sc-e7b891c4-0 ifHnQL image-embed\"><img alt=\"Doohan y otra actuaci\u00f3n que est\u00e1 lejos de las expectativas puestas sobre \u00e9l.\" loading=\"lazy\" width=\"720\" height=\"100\" decoding=\"async\" data-nimg=\"1\" src=\"http:\/\/cordobadirecto.com\/wp-content\/uploads\/2025\/04\/que-dijo-el-jefe-de-alpine-tras-la-carrera-para-el-olvido-de-jack-doohan-y-pierre-gasly-1.jpg\"><span class=\"epigraphe\">Doohan y otra actuaci\u00f3n que est\u00e1 lejos de las expectativas puestas sobre \u00e9l.<\/span><\/div>\n<div class=\"sc-a7166897-0 eoLsBE\" readability=\"6\">\n<section readability=\"2\"><picture><img alt=\"Bomba: Franco Colapinto ir\u00e1 al GP de Miami... \u00bfcomo piloto reserva o titular?\" loading=\"lazy\" width=\"290\" height=\"290\" decoding=\"async\" data-nimg=\"1\" src=\"http:\/\/cordobadirecto.com\/wp-content\/uploads\/2025\/04\/que-dijo-el-jefe-de-alpine-tras-la-carrera-para-el-olvido-de-jack-doohan-y-pierre-gasly-2.jpg\"><\/picture>\n<p><span>Mir\u00e1 tambi\u00e9n<\/span><\/p>\n<hr>\n<h3>Bomba: Franco Colapinto ir\u00e1 al GP de Miami&#8230; \u00bfcomo piloto reserva o titular?<\/h3>\n<\/p>\n<\/section>\n<\/div>\n<div class=\"sc-a7166897-0 eoLsBE\" readability=\"6.5\">\n<section readability=\"3\"><picture><img alt=\"Cu\u00e1ndo es la pr\u00f3xima carrera de la F\u00f3rmula 1 y qu\u00e9 posibilidades hay de que corra Franco Colapinto\" loading=\"lazy\" width=\"290\" height=\"290\" decoding=\"async\" data-nimg=\"1\" src=\"http:\/\/cordobadirecto.com\/wp-content\/uploads\/2025\/04\/que-dijo-el-jefe-de-alpine-tras-la-carrera-para-el-olvido-de-jack-doohan-y-pierre-gasly-3.jpg\"><\/picture>\n<p><span>Mir\u00e1 tambi\u00e9n<\/span><\/p>\n<hr>\n<h3>Cu\u00e1ndo es la pr\u00f3xima carrera de la F\u00f3rmula 1 y qu\u00e9 posibilidades hay de que corra Franco Colapinto<\/h3>\n<\/p>\n<\/section>\n<\/div>\n<div class=\"sc-a7166897-0 eoLsBE\" readability=\"6\">\n<section readability=\"2\"><picture><img alt=\"El motivo por el que Alpine s\u00ed festej\u00f3 el fin de semana\" loading=\"lazy\" width=\"290\" height=\"290\" decoding=\"async\" data-nimg=\"1\" src=\"http:\/\/cordobadirecto.com\/wp-content\/uploads\/2025\/04\/que-dijo-el-jefe-de-alpine-tras-la-carrera-para-el-olvido-de-jack-doohan-y-pierre-gasly-4.jpg\"><\/picture>\n<p><span>Mir\u00e1 tambi\u00e9n<\/span><\/p>\n<hr>\n<h3>El motivo por el que Alpine s\u00ed festej\u00f3 el fin de semana<\/h3>\n<\/p>\n<\/section>\n<\/div>\n<\/div>\n","protected":false},"excerpt":{"rendered":"<p>21\/04\/2025 18:25hs. Luego de una notable mejor\u00eda con respecto a la carrera anterior, los muchachos de Alpine parec\u00edan haber encontrado el ritmo que necesitaban y mostraron una continuidad a lo largo del fin de semana en Arabia Saudita. No obstante, durante el evento principal, Pierre Gasly debi\u00f3 retirarse por un accidente con Tsunoda. En tanto, [&hellip;]<\/p>\n","protected":false},"author":1,"featured_media":165023,"comment_status":"closed","ping_status":"closed","sticky":false,"template":"","format":"standard","meta":[],"categories":[21],"tags":[],"_links":{"self":[{"href":"http:\/\/cordobadirecto.com\/index.php\/wp-json\/wp\/v2\/posts\/165022"}],"collection":[{"href":"http:\/\/cordobadirecto.com\/index.php\/wp-json\/wp\/v2\/posts"}],"about":[{"href":"http:\/\/cordobadirecto.com\/index.php\/wp-json\/wp\/v2\/types\/post"}],"author":[{"embeddable":true,"href":"http:\/\/cordobadirecto.com\/index.php\/wp-json\/wp\/v2\/users\/1"}],"replies":[{"embeddable":true,"href":"http:\/\/cordobadirecto.com\/index.php\/wp-json\/wp\/v2\/comments?post=165022"}],"version-history":[{"count":0,"href":"http:\/\/cordobadirecto.com\/index.php\/wp-json\/wp\/v2\/posts\/165022\/revisions"}],"wp:featuredmedia":[{"embeddable":true,"href":"http:\/\/cordobadirecto.com\/index.php\/wp-json\/wp\/v2\/media\/165023"}],"wp:attachment":[{"href":"http:\/\/cordobadirecto.com\/index.php\/wp-json\/wp\/v2\/media?parent=165022"}],"wp:term":[{"taxonomy":"category","embeddable":true,"href":"http:\/\/cordobadirecto.com\/index.php\/wp-json\/wp\/v2\/categories?post=165022"},{"taxonomy":"post_tag","embeddable":true,"href":"http:\/\/cordobadirecto.com\/index.php\/wp-json\/wp\/v2\/tags?post=165022"}],"curies":[{"name":"wp","href":"https:\/\/api.w.org\/{rel}","templated":true}]}}