{"id":165026,"date":"2025-04-22T15:20:55","date_gmt":"2025-04-22T15:20:55","guid":{"rendered":"https:\/\/www.ole.com.ar\/futbol-ascenso\/ascenso-primera-nacional-talleres-remedios-escalada-julian-jerez_0_UYerYAwNRD.html"},"modified":"2025-04-22T15:20:55","modified_gmt":"2025-04-22T15:20:55","slug":"sigue-la-bronca-en-talleres-de-escalada-tras-el-polemico-arbitraje","status":"publish","type":"post","link":"http:\/\/cordobadirecto.com\/index.php\/2025\/04\/22\/sigue-la-bronca-en-talleres-de-escalada-tras-el-polemico-arbitraje\/","title":{"rendered":"Sigue la bronca en Talleres de Escalada tras el pol\u00e9mico arbitraje"},"content":{"rendered":"<p><time class=\"createDate\" datetime=\"2025-04-21T19:15:23-03:00\">21\/04\/2025 19:15hs.<\/time><\/p>\n<div id=\"storyBody\">\n<div class=\"custom-text \" readability=\"28.379562043796\">\n<p>El error de Juli\u00e1n J\u00e9rez en la \u00faltima jugada del encuentro entre <a href=\"https:\/\/www.ole.com.ar\/tema\/talleres-re.html\" title=\"Talleres (RE)\" alt=\"Talleres (RE)\" class=\"slug\">Talleres de Remedios de Escalda<\/a> y <a href=\"https:\/\/www.ole.com.ar\/tema\/estudiantes-de-buenos-aires.html\" title=\"Estudiantes de Buenos Aires\" alt=\"Estudiantes de Buenos Aires\" class=\"slug\">Estudiantes de Buenos Aires<\/a> <strong>fue tan grosero como ins\u00f3lito<\/strong>. Tal es as\u00ed que no tard\u00f3 en viralizarse y dejar al \u00e1rbitro, de flojo desempe\u00f1o, en el centro de la pol\u00e9mica.<\/p>\n<\/div>\n<div class=\"custom-text \" readability=\"38\">\n<p>Claro, es que en la acci\u00f3n final del match, cobr\u00f3 penal para el equipo de Mart\u00edn Rol\u00f3n, Franco Vedoya pate\u00f3 y Mat\u00edas Budi\u00f1o contuvo el disparo. <strong>En el rebote, Camilo Viganoni la empuj\u00f3 y el juez marc\u00f3 el pitazo final en el instante que el bal\u00f3n estaba ingresando en el arco.<\/strong><\/p>\n<\/div>\n<div class=\"sc-e7b891c4-0 ifHnQL image-embed\"><img alt=\"Vedoya err\u00f3 el penal y se desat\u00f3 el bochorno (Prensa Talleres)\" loading=\"lazy\" width=\"720\" height=\"100\" decoding=\"async\" data-nimg=\"1\" src=\"http:\/\/cordobadirecto.com\/wp-content\/uploads\/2025\/04\/sigue-la-bronca-en-talleres-de-escalada-tras-el-polemico-arbitraje.jpg\"><span class=\"epigraphe\">Vedoya err\u00f3 el penal y se desat\u00f3 el bochorno (Prensa Talleres)<\/span><\/div>\n<div class=\"custom-text \" readability=\"37\">\n<p>Lo llamativo fue que, seg\u00fan se observ\u00f3, <strong>el refer\u00ed no avis\u00f3 que no valdr\u00eda la acci\u00f3n posterior a la ejecuci\u00f3n desde los doce pasos<\/strong>. Por eso, todo el Albirrojo pas\u00f3 del festejo desaforado tras haber logrado el empate ag\u00f3nico a la bronca por la decisi\u00f3n.<\/p>\n<\/div>\n<div class=\"custom-text \" readability=\"37.974683544304\">\n<p>As\u00ed, Talleres sum\u00f3 su novena derrota en 11 fechas que lleva la <a href=\"https:\/\/www.ole.com.ar\/tema\/primera-nacional.html\" title=\"Primera Nacional\" alt=\"Primera Nacional\" class=\"slug\">Primera Nacional <\/a>2025 y sigue \u00faltimo en la zona B. <strong>Ahora, a 24 horas del pol\u00e9mico fallo, la sensaci\u00f3n en Escalada sigue siendo la misma: hay mucho malestar<\/strong>. La realidad es que, puertas adentro, ya arrancaron se habl\u00f3 much\u00edsimo de lo que sucedi\u00f3.<\/p>\n<\/div>\n<div class=\"custom-text \" readability=\"38\">\n<p>Inlcuso, fuentes cercanas al club le comentaron a <strong>Ol\u00e9<\/strong> que <strong>&#8220;J\u00e9rez nunca advirti\u00f3 que el penal era la \u00faltima jugada&#8221;. &#8220;No hizo se\u00f1as ni sac\u00f3 a nadie de la zona para que no se disputara un rebote&#8221;, advirtieron desde Timote y Castro. <\/strong>Adem\u00e1s, en el Sur reconocen que hay temor a una posible represalia<strong>: &#8220;Si esto se hace m\u00e1s fuerte es peor para nosotros&#8221;.<\/strong><\/p>\n<\/div>\n<div class=\"sc-e7b891c4-0 ifHnQL image-embed\"><img alt=\"Juli\u00e1n J\u00e9rez, el \u00e1rbitro del grosero error en Talleres - Estudiantes \" loading=\"lazy\" width=\"720\" height=\"100\" decoding=\"async\" data-nimg=\"1\" src=\"http:\/\/cordobadirecto.com\/wp-content\/uploads\/2025\/04\/sigue-la-bronca-en-talleres-de-escalada-tras-el-polemico-arbitraje-1.jpg\"><span class=\"epigraphe\">Juli\u00e1n J\u00e9rez, el \u00e1rbitro del grosero error en Talleres &#8211; Estudiantes <\/span><\/div>\n<p><h2><strong>La jugada del esc\u00e1ndalo en Talleres (RE) 0-1 Estudiantes<\/strong><\/h2>\n<\/p>\n<div class=\"sc-734b4696-1 kFfZtB\">\n<div class=\"sc-d00d9e74-0 hnHYbk\" type=\"embed\">\n<div class=\"sc-d00d9e74-1 iKVbz videoText\" id=\"contentTitleembedftH8IcUY\" type=\"embed\"><svg fill=\"#ffffff\"><symbol id=\"play\" viewBox=\"0 0 512 512\"><path d=\"M512 256C512 397.4 397.4 512 256 512C114.6 512 0 397.4 0 256C0 114.6 114.6 0 256 0C397.4 0 512 114.6 512 256zM176 168V344C176 352.7 180.7 360.7 188.3 364.9C195.8 369.2 205.1 369 212.5 364.5L356.5 276.5C363.6 272.1 368 264.4 368 256C368 247.6 363.6 239.9 356.5 235.5L212.5 147.5C205.1 142.1 195.8 142.8 188.3 147.1C180.7 151.3 176 159.3 176 168V168z\" \/><\/symbol><use xlink:href=\"#play\" \/><\/svg><\/p>\n<div class=\"right\">\n<p>Talleres (RE)<!-- --> &#8211; <span>&nbsp;<\/span><\/p>\n<h2 class=\"title-vid\">Esc\u00e1ndalo en el Ascenso: la pelota entr\u00f3 pero el \u00e1rbitro termin\u00f3 el partido y no lo convalid\u00f3<\/h2>\n<\/div>\n<\/div>\n<p><span class=\"back\" id=\"spanBackembedftH8IcUY\"><\/span><\/div>\n<div class=\"JWvideoNota_title\">\n<p>Fuente: TyC Sports<\/p>\n<\/div>\n<\/div>\n<div class=\"sc-a7166897-0 eoLsBE\" readability=\"6.5\">\n<section readability=\"3\"><picture><img alt=\"Tras la salida de Battaglia, San Miguel cerr\u00f3 la vuelta de un viejo conocido\" loading=\"lazy\" width=\"290\" height=\"290\" decoding=\"async\" data-nimg=\"1\" src=\"http:\/\/cordobadirecto.com\/wp-content\/uploads\/2025\/04\/sigue-la-bronca-en-talleres-de-escalada-tras-el-polemico-arbitraje-2.jpg\"><\/picture>\n<p><span>Mir\u00e1 tambi\u00e9n<\/span><\/p>\n<hr>\n<h3>Tras la salida de Battaglia, San Miguel cerr\u00f3 la vuelta de un viejo conocido<\/h3>\n<\/p>\n<\/section>\n<\/div>\n<div class=\"sc-a7166897-0 eoLsBE\" readability=\"6\">\n<section readability=\"2\"><picture><img alt=\"El ex Boca que le cambi\u00f3 la cara a un equipo del Nacional y sue\u00f1a con ascender\" loading=\"lazy\" width=\"290\" height=\"290\" decoding=\"async\" data-nimg=\"1\" src=\"http:\/\/cordobadirecto.com\/wp-content\/uploads\/2025\/04\/sigue-la-bronca-en-talleres-de-escalada-tras-el-polemico-arbitraje-3.jpg\"><\/picture>\n<p><span>Mir\u00e1 tambi\u00e9n<\/span><\/p>\n<hr>\n<h3>El ex Boca que le cambi\u00f3 la cara a un equipo del Nacional y sue\u00f1a con ascender<\/h3>\n<\/p>\n<\/section>\n<\/div>\n<\/div>\n","protected":false},"excerpt":{"rendered":"<p>21\/04\/2025 19:15hs. El error de Juli\u00e1n J\u00e9rez en la \u00faltima jugada del encuentro entre Talleres de Remedios de Escalda y Estudiantes de Buenos Aires fue tan grosero como ins\u00f3lito. Tal es as\u00ed que no tard\u00f3 en viralizarse y dejar al \u00e1rbitro, de flojo desempe\u00f1o, en el centro de la pol\u00e9mica. Claro, es que en la [&hellip;]<\/p>\n","protected":false},"author":1,"featured_media":165027,"comment_status":"closed","ping_status":"closed","sticky":false,"template":"","format":"standard","meta":[],"categories":[21],"tags":[],"_links":{"self":[{"href":"http:\/\/cordobadirecto.com\/index.php\/wp-json\/wp\/v2\/posts\/165026"}],"collection":[{"href":"http:\/\/cordobadirecto.com\/index.php\/wp-json\/wp\/v2\/posts"}],"about":[{"href":"http:\/\/cordobadirecto.com\/index.php\/wp-json\/wp\/v2\/types\/post"}],"author":[{"embeddable":true,"href":"http:\/\/cordobadirecto.com\/index.php\/wp-json\/wp\/v2\/users\/1"}],"replies":[{"embeddable":true,"href":"http:\/\/cordobadirecto.com\/index.php\/wp-json\/wp\/v2\/comments?post=165026"}],"version-history":[{"count":0,"href":"http:\/\/cordobadirecto.com\/index.php\/wp-json\/wp\/v2\/posts\/165026\/revisions"}],"wp:featuredmedia":[{"embeddable":true,"href":"http:\/\/cordobadirecto.com\/index.php\/wp-json\/wp\/v2\/media\/165027"}],"wp:attachment":[{"href":"http:\/\/cordobadirecto.com\/index.php\/wp-json\/wp\/v2\/media?parent=165026"}],"wp:term":[{"taxonomy":"category","embeddable":true,"href":"http:\/\/cordobadirecto.com\/index.php\/wp-json\/wp\/v2\/categories?post=165026"},{"taxonomy":"post_tag","embeddable":true,"href":"http:\/\/cordobadirecto.com\/index.php\/wp-json\/wp\/v2\/tags?post=165026"}],"curies":[{"name":"wp","href":"https:\/\/api.w.org\/{rel}","templated":true}]}}