{"id":165037,"date":"2025-04-22T16:55:12","date_gmt":"2025-04-22T16:55:12","guid":{"rendered":"https:\/\/cordoba.gob.ar\/?p=77008"},"modified":"2025-04-22T16:55:12","modified_gmt":"2025-04-22T16:55:12","slug":"la-maraton-ciudad-de-cordoba-ya-cuenta-con-mas-de-1000-inscriptos","status":"publish","type":"post","link":"http:\/\/cordobadirecto.com\/index.php\/2025\/04\/22\/la-maraton-ciudad-de-cordoba-ya-cuenta-con-mas-de-1000-inscriptos\/","title":{"rendered":"La Marat\u00f3n Ciudad de C\u00f3rdoba ya cuenta con m\u00e1s de 1000 inscriptos"},"content":{"rendered":"<div><img src=\"http:\/\/cordobadirecto.com\/wp-content\/uploads\/2025\/04\/la-maraton-ciudad-de-cordoba-ya-cuenta-con-mas-de-1000-inscriptos.jpg\" class=\"ff-og-image-inserted\"><\/div>\n<ul>\n<li data-prosemirror-content-type=\"node\" data-prosemirror-node-name=\"paragraph\" data-prosemirror-node-block=\"true\" data-pm-slice=\"1 1 []\"><strong>El evento que celebrar\u00e1 el 452\u00b0 aniversario de la ciudad, tendr\u00e1 modalidades de 5K, 10K, 21K y 42k.<\/strong><\/li>\n<li data-prosemirror-content-type=\"node\" data-prosemirror-node-name=\"paragraph\" data-prosemirror-node-block=\"true\"><strong>Inscripciones en <a href=\"http:\/\/maratondecordoba.com\" data-prosemirror-content-type=\"mark\" data-prosemirror-mark-name=\"link\">http:\/\/maratondecordoba.com<\/a>&nbsp;<\/strong><\/li>\n<\/ul>\n<hr>\n<p data-prosemirror-content-type=\"node\" data-prosemirror-node-name=\"paragraph\" data-prosemirror-node-block=\"true\" data-pm-slice=\"1 1 []\">En su aniversario el pr\u00f3ximo 6 de julio, la ciudad de C\u00f3rdoba se convertir\u00e1 en el epicentro del running argentino y sudamericano con la nueva edici\u00f3n de la Marat\u00f3n de la Ciudad de C\u00f3rdoba 2025.<\/p>\n<p data-prosemirror-content-type=\"node\" data-prosemirror-node-name=\"paragraph\" data-prosemirror-node-block=\"true\">A casi dos meses de la competencia, m\u00e1s de 1000 competidores locales, nacionales y de pa\u00edses vecinos ya se han inscripto para ser parte.<\/p>\n<p data-prosemirror-content-type=\"node\" data-prosemirror-node-name=\"paragraph\" data-prosemirror-node-block=\"true\">La largada y llegada de la carrera se realizar\u00e1 en el estadio Mario Alberto Kempes.<\/p>\n<p data-prosemirror-content-type=\"node\" data-prosemirror-node-name=\"paragraph\" data-prosemirror-node-block=\"true\">Si bien los circuitos tendr\u00e1n algunas similitudes con la de ediciones anteriores, habr\u00e1 detalles renovadores que har\u00e1n de esta edici\u00f3n una experiencia inolvidable.<\/p>\n<p data-prosemirror-content-type=\"node\" data-prosemirror-node-name=\"paragraph\" data-prosemirror-node-block=\"true\">Con hermosos recorridos por los paisajes cordobeses, las distancias ser\u00e1n de 5K, 10K, 21K y 42k, con la participaci\u00f3n de personas en silla de ruedas, no videntes, atletismo asistido y otras discapacidades.<\/p>\n<p data-prosemirror-content-type=\"node\" data-prosemirror-node-name=\"paragraph\" data-prosemirror-node-block=\"true\">La distancia de 5K recorrer\u00e1 los alrededores del estadio, pasando por el Parque del Kempes; los 10K atravesar\u00e1n el pintoresco barrio Urca; los 21K llegar\u00e1n hasta el puente 450 Aniversario, uniendo el Paseo Suqu\u00eda con el Parque Las Heras Elisa; y, finalmente, los 42K cubrir\u00e1n un recorrido desafiante hasta Ciudad Universitaria, para luego regresar al estadio.<\/p>\n<p data-prosemirror-content-type=\"node\" data-prosemirror-node-name=\"paragraph\" data-prosemirror-node-block=\"true\">La competencia tendr\u00e1 premios en efectivo para los ganadores y una medalla de participaci\u00f3n para quienes finalicen los recorridos.<\/p>\n<p data-prosemirror-content-type=\"node\" data-prosemirror-node-name=\"paragraph\" data-prosemirror-node-block=\"true\">Todav\u00eda hay tiempo de sumarse y ser parte de la experiencia. La participaci\u00f3n es arancelada y los costos van desde los $19.500 para la distancia de 5K, hasta los $51.550 para la marat\u00f3n de 42K, lo que incluye camiseta oficial (para hombre o mujer), n\u00famero de corredor con chip de cronometraje, clasificaci\u00f3n, hidrataci\u00f3n, servicio m\u00e9dico, guardarropas y la medalla finalizadora al cruzar la meta.<\/p>\n<p data-prosemirror-content-type=\"node\" data-prosemirror-node-name=\"paragraph\" data-prosemirror-node-block=\"true\">Quienes deseen ser parte, podr\u00e1n inscribirse en el siguiente <a href=\"http:\/\/maratondecordoba.com\">enlace&nbsp;<\/a><\/p>\n","protected":false},"excerpt":{"rendered":"<p>El evento que celebrar\u00e1 el 452\u00b0 aniversario de la ciudad, tendr\u00e1 modalidades de 5K, 10K, 21K y 42k. Inscripciones en http:\/\/maratondecordoba.com&nbsp; En su aniversario el pr\u00f3ximo 6 de julio, la ciudad de C\u00f3rdoba se convertir\u00e1 en el epicentro del running argentino y sudamericano con la nueva edici\u00f3n de la Marat\u00f3n de la Ciudad de C\u00f3rdoba [&hellip;]<\/p>\n","protected":false},"author":1,"featured_media":165038,"comment_status":"closed","ping_status":"closed","sticky":false,"template":"","format":"standard","meta":[],"categories":[44],"tags":[],"_links":{"self":[{"href":"http:\/\/cordobadirecto.com\/index.php\/wp-json\/wp\/v2\/posts\/165037"}],"collection":[{"href":"http:\/\/cordobadirecto.com\/index.php\/wp-json\/wp\/v2\/posts"}],"about":[{"href":"http:\/\/cordobadirecto.com\/index.php\/wp-json\/wp\/v2\/types\/post"}],"author":[{"embeddable":true,"href":"http:\/\/cordobadirecto.com\/index.php\/wp-json\/wp\/v2\/users\/1"}],"replies":[{"embeddable":true,"href":"http:\/\/cordobadirecto.com\/index.php\/wp-json\/wp\/v2\/comments?post=165037"}],"version-history":[{"count":0,"href":"http:\/\/cordobadirecto.com\/index.php\/wp-json\/wp\/v2\/posts\/165037\/revisions"}],"wp:featuredmedia":[{"embeddable":true,"href":"http:\/\/cordobadirecto.com\/index.php\/wp-json\/wp\/v2\/media\/165038"}],"wp:attachment":[{"href":"http:\/\/cordobadirecto.com\/index.php\/wp-json\/wp\/v2\/media?parent=165037"}],"wp:term":[{"taxonomy":"category","embeddable":true,"href":"http:\/\/cordobadirecto.com\/index.php\/wp-json\/wp\/v2\/categories?post=165037"},{"taxonomy":"post_tag","embeddable":true,"href":"http:\/\/cordobadirecto.com\/index.php\/wp-json\/wp\/v2\/tags?post=165037"}],"curies":[{"name":"wp","href":"https:\/\/api.w.org\/{rel}","templated":true}]}}