{"id":165044,"date":"2025-04-23T01:45:41","date_gmt":"2025-04-23T01:45:41","guid":{"rendered":"https:\/\/cordoba.gob.ar\/?p=77210"},"modified":"2025-04-23T01:45:41","modified_gmt":"2025-04-23T01:45:41","slug":"110-aniversario-del-genocidio-armenio-passerini-compartio-el-acto-conmemorativo-en-el-centro-civico-junto-a-llaryora-y-representantes-de-la-colectividad","status":"publish","type":"post","link":"http:\/\/cordobadirecto.com\/index.php\/2025\/04\/23\/110-aniversario-del-genocidio-armenio-passerini-compartio-el-acto-conmemorativo-en-el-centro-civico-junto-a-llaryora-y-representantes-de-la-colectividad\/","title":{"rendered":"110\u00b0 Aniversario del Genocidio Armenio: Passerini comparti\u00f3 el acto conmemorativo en el Centro C\u00edvico junto a Llaryora y representantes de la colectividad"},"content":{"rendered":"<div><img src=\"http:\/\/cordobadirecto.com\/wp-content\/uploads\/2025\/04\/110-aniversario-del-genocidio-armenio-passerini-compartio-el-acto-conmemorativo-en-el-centro-civico-junto-a-llaryora-y-representantes-de-la-colectividad.jpg\" class=\"ff-og-image-inserted\"><\/div>\n<ul>\n<li><strong>La mayor\u00eda de los armenios de C\u00f3rdoba son descendientes de sobrevivientes.<\/strong><\/li>\n<li><strong><em>\u00abHubo un genocidio y hubo una pol\u00edtica de exterminio que el mundo debe condenar. Desde C\u00f3rdoba acompa\u00f1amos y acompa\u00f1aremos al pueblo armenio\u00bb<\/em>, afirm\u00f3 Passerini.<\/strong><\/li>\n<\/ul>\n<hr>\n<p>En un sentido acto realizado en el Auditorio del Centro C\u00edvico del Bicentenario, el intendente Daniel Passerini acompa\u00f1\u00f3 al gobernador Mart\u00edn Llaryora y representantes de la colectividad en la conmemoraci\u00f3n del 110\u00b0 aniversario del Genocidio Armenio.<\/p>\n<p>De fuerte presencia en C\u00f3rdoba, la mayor\u00eda de los armenios son descendientes de sobrevivientes del genocidio, transform\u00e1ndose en las voces de sus antepasados.<\/p>\n<p>La ceremonia fue un homenaje a las v\u00edctimas y un momento de reflexi\u00f3n sobre las graves consecuencias del racismo y la extrema intolerancia nacionalista, religiosa o de cualquier tipo. La fecha fue tambi\u00e9n una instancia para renovar el compromiso y respeto de los Derechos Humanos y la memoria hist\u00f3rica internacional.<\/p>\n<p>El gobernador Mart\u00edn Llaryora destac\u00f3 la llegada de la comunidad a C\u00f3rdoba en busca de paz y progreso:<em> \u00abSin ustedes C\u00f3rdoba no ser\u00eda lo que es. Los armenios encuentran en el pueblo cordob\u00e9s, m\u00e1s all\u00e1 de los poderes o de los partidos, a una sociedad que los acompa\u00f1a hist\u00f3ricamente en su pedido de justicia\u00bb.<\/em><\/p>\n<p><em>\u00abEs fundamental que estemos aqu\u00ed reunidos los distintos poderes del Estado, ratificando nuestro compromiso y el pedido de justicia\u00bb,<\/em> resalt\u00f3 Llaryora.<\/p>\n<p>\u00abSi hay una fortaleza que tiene nuestra ciudad en sus 452 a\u00f1os de historia es la enorme diversidad de procedencias que nos hace mejores. As\u00ed como ayer escuchamos el mensaje de paz de nuestro Cardenal \u00c1ngel Rossi en memoria del Papa Francisco, hoy nos comprometemos tambi\u00e9n con la lucha que hace 110 a\u00f1os el pueblo armenio reclama a toda la comunidad internacional\u00bb, afirm\u00f3 el intendente Daniel Passerini.<\/p>\n<p>\u00abLa historia no empieza con cada uno que la quiere contar. La historia es la que existe: hubo un genocidio y hubo una pol\u00edtica de exterminio que el mundo debe condenar. Desde C\u00f3rdoba acompa\u00f1amos y acompa\u00f1aremos al pueblo armenio\u00bb, fueron las palabras del mandatario local.<\/p>\n<p>Por su parte, la presidenta de la Colectividad Armenia de C\u00f3rdoba, Liliana Balian, expres\u00f3: <em>\u00abGracias a los cordobeses por cobijarnos y tratar siempre de curar esas heridas tan profundas que, lamentablemente, se vuelven a abrir\u00bb.<\/em><\/p>\n<p>Formaron parte del encuentro el viceintendente, Javier Pretto; el ministro de Gobierno, Manuel Calvo; el c\u00f3nsul del Consulado Honorario de la Rep\u00fablica de Armenia, Juan Carlos Merdinian; la presidenta de la Colectividad Armenia de C\u00f3rdoba, Lilian Balian; la vocal del Tribunal Superior de Justicia, Jessica Valentini; miembros del COMIPAZ; legisladores y concejales.<\/p>\n<p>El acto fue organizado por el Ministerio de Justicia y la Secretar\u00eda de Derechos Humanos de la Provincia de C\u00f3rdoba, en conjunto con Colectividad Armenia.<\/p>\n<p>El 24 de abril de 1915 es considerado el comienzo simb\u00f3lico del genocidio, que incluy\u00f3 deportaciones, masacres y hambruna, generando el asesinato de aproximadamente 1,5 millones de armenios. Fue una campa\u00f1a sistem\u00e1tica de exterminio a manos del Imperio Otomano, ocurrida entre 1915 y 1923, durante y despu\u00e9s de la Primera Guerra Mundial.<\/p>\n<p>Fue uno de los primeros \u201cgenocidios\u201d del siglo XX e influy\u00f3 notablemente en el jurista Raphael Lemkin, quien en el contexto del Holocausto defini\u00f3 el concepto y lo impulso para su incorporaci\u00f3n a\u00f1os despu\u00e9s como delito en el derecho internacional. Est\u00e1 compuesta por el sustantivo griego \u00abgenos\u00bb (raza, pueblo) y del sufijo latino \u00abcide\u00bb (matar).<\/p>\n<p>El Genocidio Armenio fue reconocido por numerosos pa\u00edses, entre ellos la Argentina. Primero a trav\u00e9s de una declaraci\u00f3n p\u00fablica del expresidente Ra\u00fal Alfons\u00edn en 1987 y luego a nivel formal, cuando en 2006 se promulg\u00f3 la Ley 26.199, declarando el 24 de abril como \u00abD\u00eda de acci\u00f3n por la tolerancia y el respeto entre los pueblos\u201d. El Gobierno de la Provincia de C\u00f3rdoba rememora este acontecimiento por medio de la Ley Provincial 9315, del a\u00f1o 2006.<\/p>\n","protected":false},"excerpt":{"rendered":"<p>La mayor\u00eda de los armenios de C\u00f3rdoba son descendientes de sobrevivientes. \u00abHubo un genocidio y hubo una pol\u00edtica de exterminio que el mundo debe condenar. Desde C\u00f3rdoba acompa\u00f1amos y acompa\u00f1aremos al pueblo armenio\u00bb, afirm\u00f3 Passerini. En un sentido acto realizado en el Auditorio del Centro C\u00edvico del Bicentenario, el intendente Daniel Passerini acompa\u00f1\u00f3 al gobernador [&hellip;]<\/p>\n","protected":false},"author":1,"featured_media":165045,"comment_status":"closed","ping_status":"closed","sticky":false,"template":"","format":"standard","meta":[],"categories":[44],"tags":[],"_links":{"self":[{"href":"http:\/\/cordobadirecto.com\/index.php\/wp-json\/wp\/v2\/posts\/165044"}],"collection":[{"href":"http:\/\/cordobadirecto.com\/index.php\/wp-json\/wp\/v2\/posts"}],"about":[{"href":"http:\/\/cordobadirecto.com\/index.php\/wp-json\/wp\/v2\/types\/post"}],"author":[{"embeddable":true,"href":"http:\/\/cordobadirecto.com\/index.php\/wp-json\/wp\/v2\/users\/1"}],"replies":[{"embeddable":true,"href":"http:\/\/cordobadirecto.com\/index.php\/wp-json\/wp\/v2\/comments?post=165044"}],"version-history":[{"count":0,"href":"http:\/\/cordobadirecto.com\/index.php\/wp-json\/wp\/v2\/posts\/165044\/revisions"}],"wp:featuredmedia":[{"embeddable":true,"href":"http:\/\/cordobadirecto.com\/index.php\/wp-json\/wp\/v2\/media\/165045"}],"wp:attachment":[{"href":"http:\/\/cordobadirecto.com\/index.php\/wp-json\/wp\/v2\/media?parent=165044"}],"wp:term":[{"taxonomy":"category","embeddable":true,"href":"http:\/\/cordobadirecto.com\/index.php\/wp-json\/wp\/v2\/categories?post=165044"},{"taxonomy":"post_tag","embeddable":true,"href":"http:\/\/cordobadirecto.com\/index.php\/wp-json\/wp\/v2\/tags?post=165044"}],"curies":[{"name":"wp","href":"https:\/\/api.w.org\/{rel}","templated":true}]}}