{"id":165064,"date":"2025-04-22T20:57:17","date_gmt":"2025-04-22T20:57:17","guid":{"rendered":"https:\/\/www.ole.com.ar\/autos\/nascar-regional-chocaron-trompadas-pelea-video_0_sJcYPtTSTo.html"},"modified":"2025-04-22T20:57:17","modified_gmt":"2025-04-22T20:57:17","slug":"locura-en-el-nascar-regional-chocaron-adrede-y-se-agarraron-a-las-trompadas-en-pleno-circuito","status":"publish","type":"post","link":"http:\/\/cordobadirecto.com\/index.php\/2025\/04\/22\/locura-en-el-nascar-regional-chocaron-adrede-y-se-agarraron-a-las-trompadas-en-pleno-circuito\/","title":{"rendered":"Locura en el NASCAR Regional: chocaron adrede y se agarraron a las trompadas en pleno circuito"},"content":{"rendered":"<p><time class=\"createDate\" datetime=\"2025-04-22T17:57:17-03:00\">22\/04\/2025 17:57hs.<\/time><\/p>\n<div id=\"storyBody\">\n<div class=\"custom-text \" readability=\"40.495901639344\">\n<p>Est\u00e1 claro que al <strong>Bowman Gray Stadium<\/strong> no se le llama &#8220;La Casa de la Locura&#8221; nada m\u00e1s porque s\u00ed. \u00bfY por qu\u00e9, entonces? El recinto que se ubica en Carolina del Norte, Estados Unidos, es uno de los m\u00e1s famosos del <strong><a href=\"https:\/\/www.ole.com.ar\/tema\/nascar.html\" title=\"Nascar\" alt=\"Nascar\" class=\"slug\">NASCAR<\/a><\/strong> debido a que <strong>es un \u00f3valo corto ideal para el caos y un estilo de carreras extremadamente agresivo<\/strong>. Esto le abre la puerta a discusiones entre los pilotos que, a veces, pasa de ser un intercambio de palabras <strong>a uno de pu\u00f1os<\/strong>, tal y como sucedi\u00f3 este fin de semana.<\/p>\n<\/div>\n<div class=\"custom-text \" readability=\"36\">\n<p>En esta categor\u00eda regional, que para trazar un paralelismo vendr\u00eda a ser como el <strong>TC Mouras<\/strong> estadounidense, <strong>Zack Staley y Justin Alverson<\/strong> protagonizaron una escena que los fan\u00e1ticos catalogaron como vergonzosa.<\/p>\n<\/div>\n<p><h2>Primero chocaron los autos, y luego, los pilotos&#8230;<\/h2>\n<\/p>\n<div class=\"custom-text \" readability=\"39\">\n<p>Primero, por una calentura que ven\u00eda de antes, Staley<strong> le tir\u00f3 encima su auto<\/strong> #7 al #82 de Alverson, a lo que este respondi\u00f3 <strong>embistiendo directamente a la m\u00e1quina de su colega<\/strong>. Ese acto provoc\u00f3 que Staley se bajara del coche para encarar a su rival, a la par que le arrojaba todo tipo de insultos y un comisario de carreras intentaba (en vano) frenarlo.<\/p>\n<\/div>\n<div class=\"sc-e7b891c4-0 ifHnQL image-embed\"><img alt=\"La imagen: debacle total en Carolina del Norte. (Foto: NASCAR Regional)\" loading=\"lazy\" width=\"720\" height=\"100\" decoding=\"async\" data-nimg=\"1\" src=\"http:\/\/cordobadirecto.com\/wp-content\/uploads\/2025\/04\/locura-en-el-nascar-regional-chocaron-adrede-y-se-agarraron-a-las-trompadas-en-pleno-circuito.jpg\"><span class=\"epigraphe\">La imagen: debacle total en Carolina del Norte. (Foto: NASCAR Regional)<\/span><\/div>\n<div class=\"custom-text \" readability=\"36\">\n<p>Finalmente, Alverson respondi\u00f3 a los improperios y tambi\u00e9n se baj\u00f3 para ir a buscar a Staley. <strong>Todo termin\u00f3 con ambos conductores a las pi\u00f1as a un costado del circuito<\/strong> y una monta\u00f1a de inspectores, mec\u00e1nicos e incluso polic\u00edas intentando separarlos.<\/p>\n<\/div>\n<div class=\"custom-text \" readability=\"39\">\n<p>Lo acontecido fue compartido por la cuenta oficial del certamen, lo que desat\u00f3 comentarios de sus seguidores: &#8220;Vergonzoso. No entiendo por qu\u00e9 alguien aplaudir\u00eda este tipo de comportamiento. <strong>Ambos pilotos deber\u00edan ser suspendidos<\/strong>&#8220;, dec\u00eda uno, mientras que otro rezaba: &#8220;Esto es un circo, no una carrera&#8221;.<\/p>\n<\/div>\n<p><h2><strong>La ins\u00f3lita situaci\u00f3n que se vivi\u00f3 en el NASCAR Regional: dos pilotos se chocaron y terminaron a las pi\u00f1as<\/strong><\/h2>\n<\/p>\n<div class=\"sc-734b4696-1 kFfZtB\" readability=\"6\">\n<div class=\"sc-d00d9e74-0 hnHYbk\" type=\"embed\">\n<div class=\"sc-d00d9e74-1 iKVbz videoText\" id=\"contentTitleembedU2kxpvsi\" type=\"embed\"><svg fill=\"#ffffff\"><symbol id=\"play\" viewBox=\"0 0 512 512\"><path d=\"M512 256C512 397.4 397.4 512 256 512C114.6 512 0 397.4 0 256C0 114.6 114.6 0 256 0C397.4 0 512 114.6 512 256zM176 168V344C176 352.7 180.7 360.7 188.3 364.9C195.8 369.2 205.1 369 212.5 364.5L356.5 276.5C363.6 272.1 368 264.4 368 256C368 247.6 363.6 239.9 356.5 235.5L212.5 147.5C205.1 142.1 195.8 142.8 188.3 147.1C180.7 151.3 176 159.3 176 168V168z\" \/><\/symbol><use xlink:href=\"#play\" \/><\/svg><\/p>\n<div class=\"right\">\n<p>Nascar<!-- --> &#8211; <span>&nbsp;<\/span><\/p>\n<h2 class=\"title-vid\">Hubo choque y pi\u00f1as en el NASCAR Regional<\/h2>\n<\/div>\n<\/div>\n<p><span class=\"back\" id=\"spanBackembedU2kxpvsi\"><\/span><\/div>\n<div class=\"JWvideoNota_title\" readability=\"7\">\n<p>Cr\u00e9dito: @NASCARRegional<\/p>\n<\/div>\n<\/div>\n<div class=\"sc-a7166897-0 eoLsBE\" readability=\"6.5\">\n<section readability=\"3\"><picture><img alt=\"Cu\u00e1ndo es la pr\u00f3xima carrera de la F\u00f3rmula 1 y qu\u00e9 posibilidades hay de que corra Franco Colapinto\" loading=\"lazy\" width=\"290\" height=\"290\" decoding=\"async\" data-nimg=\"1\" src=\"http:\/\/cordobadirecto.com\/wp-content\/uploads\/2025\/04\/locura-en-el-nascar-regional-chocaron-adrede-y-se-agarraron-a-las-trompadas-en-pleno-circuito-1.jpg\"><\/picture>\n<p><span>Mir\u00e1 tambi\u00e9n<\/span><\/p>\n<hr>\n<h3>Cu\u00e1ndo es la pr\u00f3xima carrera de la F\u00f3rmula 1 y qu\u00e9 posibilidades hay de que corra Franco Colapinto<\/h3>\n<\/p>\n<\/section>\n<\/div>\n<div class=\"sc-a7166897-0 eoLsBE\" readability=\"6.5\">\n<section readability=\"3\"><picture><img alt=\"Qu\u00e9 dijo el jefe de Alpine tras la carrera para el olvido de Jack Doohan y Pierre Gasly\" loading=\"lazy\" width=\"290\" height=\"290\" decoding=\"async\" data-nimg=\"1\" src=\"http:\/\/cordobadirecto.com\/wp-content\/uploads\/2025\/04\/locura-en-el-nascar-regional-chocaron-adrede-y-se-agarraron-a-las-trompadas-en-pleno-circuito-2.jpg\"><\/picture>\n<p><span>Mir\u00e1 tambi\u00e9n<\/span><\/p>\n<hr>\n<h3>Qu\u00e9 dijo el jefe de Alpine tras la carrera para el olvido de Jack Doohan y Pierre Gasly<\/h3>\n<\/p>\n<\/section>\n<\/div>\n<div class=\"sc-a7166897-0 eoLsBE\" readability=\"6\">\n<section readability=\"2\"><picture><img alt=\"Bomba: Franco Colapinto ir\u00e1 al GP de Miami... \u00bfcomo piloto reserva o titular?\" loading=\"lazy\" width=\"290\" height=\"290\" decoding=\"async\" data-nimg=\"1\" src=\"http:\/\/cordobadirecto.com\/wp-content\/uploads\/2025\/04\/locura-en-el-nascar-regional-chocaron-adrede-y-se-agarraron-a-las-trompadas-en-pleno-circuito-3.jpg\"><\/picture>\n<p><span>Mir\u00e1 tambi\u00e9n<\/span><\/p>\n<hr>\n<h3>Bomba: Franco Colapinto ir\u00e1 al GP de Miami&#8230; \u00bfcomo piloto reserva o titular?<\/h3>\n<\/p>\n<\/section>\n<\/div>\n<\/div>\n","protected":false},"excerpt":{"rendered":"<p>22\/04\/2025 17:57hs. Est\u00e1 claro que al Bowman Gray Stadium no se le llama &#8220;La Casa de la Locura&#8221; nada m\u00e1s porque s\u00ed. \u00bfY por qu\u00e9, entonces? El recinto que se ubica en Carolina del Norte, Estados Unidos, es uno de los m\u00e1s famosos del NASCAR debido a que es un \u00f3valo corto ideal para el [&hellip;]<\/p>\n","protected":false},"author":1,"featured_media":165065,"comment_status":"closed","ping_status":"closed","sticky":false,"template":"","format":"standard","meta":[],"categories":[21],"tags":[],"_links":{"self":[{"href":"http:\/\/cordobadirecto.com\/index.php\/wp-json\/wp\/v2\/posts\/165064"}],"collection":[{"href":"http:\/\/cordobadirecto.com\/index.php\/wp-json\/wp\/v2\/posts"}],"about":[{"href":"http:\/\/cordobadirecto.com\/index.php\/wp-json\/wp\/v2\/types\/post"}],"author":[{"embeddable":true,"href":"http:\/\/cordobadirecto.com\/index.php\/wp-json\/wp\/v2\/users\/1"}],"replies":[{"embeddable":true,"href":"http:\/\/cordobadirecto.com\/index.php\/wp-json\/wp\/v2\/comments?post=165064"}],"version-history":[{"count":0,"href":"http:\/\/cordobadirecto.com\/index.php\/wp-json\/wp\/v2\/posts\/165064\/revisions"}],"wp:featuredmedia":[{"embeddable":true,"href":"http:\/\/cordobadirecto.com\/index.php\/wp-json\/wp\/v2\/media\/165065"}],"wp:attachment":[{"href":"http:\/\/cordobadirecto.com\/index.php\/wp-json\/wp\/v2\/media?parent=165064"}],"wp:term":[{"taxonomy":"category","embeddable":true,"href":"http:\/\/cordobadirecto.com\/index.php\/wp-json\/wp\/v2\/categories?post=165064"},{"taxonomy":"post_tag","embeddable":true,"href":"http:\/\/cordobadirecto.com\/index.php\/wp-json\/wp\/v2\/tags?post=165064"}],"curies":[{"name":"wp","href":"https:\/\/api.w.org\/{rel}","templated":true}]}}