{"id":165077,"date":"2025-04-24T00:30:26","date_gmt":"2025-04-24T00:30:26","guid":{"rendered":"https:\/\/puntoapunto.com.ar\/?p=372363"},"modified":"2025-04-24T00:30:26","modified_gmt":"2025-04-24T00:30:26","slug":"un-destrato-institucional-el-reclamo-de-llaryora-a-la-nacion-por-los-fondos-jubilatorios","status":"publish","type":"post","link":"http:\/\/cordobadirecto.com\/index.php\/2025\/04\/24\/un-destrato-institucional-el-reclamo-de-llaryora-a-la-nacion-por-los-fondos-jubilatorios\/","title":{"rendered":"\u201cUn destrato institucional\u201d: el reclamo de Llaryora a la Naci\u00f3n por los fondos jubilatorios"},"content":{"rendered":"<p class data-start=\"391\" data-end=\"878\">El gobernador de C\u00f3rdoba, Mart\u00edn Llaryora, particip\u00f3 de una audiencia de c<strong>onciliaci\u00f3n convocada por la Corte Suprema de Justicia en el marco del reclamo que la provincia mantiene contra la Naci\u00f3n por la deuda con la Caja de Jubilaciones<\/strong>. El mandatario reiter\u00f3 la<strong> exigencia de que se cumpla con los env\u00edos que, por ley, deben realizarse desde la Administraci\u00f3n Nacional de la Seguridad Social (ANSES) y calific\u00f3 la situaci\u00f3n como \u201cun punto c\u00falmine del destrato institucional\u201d.<\/strong><!-- \u00a1O bien no hay banners, estan desactivados o no estan programados para esta ubicaci\u00f3n! -->\n<\/p>\n<p class data-start=\"880\" data-end=\"1255\">\u201c<strong>La deuda de la Naci\u00f3n con la Caja de Jubilaciones supera el bill\u00f3n de pesos. Vengo como gobernador a reclamar y defender un derecho de los cordobeses, y en especial de los jubilados<\/strong>\u201d, expres\u00f3 Llaryora, quien fue acompa\u00f1ado por el Fiscal de Estado, Jorge C\u00f3rdoba; el ministro de Econom\u00eda y Gesti\u00f3n P\u00fablica, Guillermo Acosta; y el ministro de Justicia y Trabajo, Juli\u00e1n L\u00f3pez.\n<\/p>\n<p class data-start=\"1257\" data-end=\"1617\">Durante su intervenci\u00f3n, Llaryora destac\u00f3 el rol del m\u00e1ximo tribunal por haber citado a las partes a una instancia de conciliaci\u00f3n, a la que calific\u00f3 como \u201cun paso importante en defensa de la institucionalidad\u201d. Como resultado de la audiencia, se acord\u00f3 una nueva reuni\u00f3n dentro de 15 d\u00edas para analizar propuestas concretas que permitan resolver el conflicto.\n<\/p>\n<p class data-start=\"1619\" data-end=\"1904\">El mandatario insisti\u00f3 en que \u201clo que estamos viendo ac\u00e1 es un incumplimiento manifiesto, unilateral, con los aportes que le tienen que mandar a los jubilados cordobeses\u201d, y<strong> advirti\u00f3 que el monto adeudado representa casi el 50% del presupuesto anual de infraestructura de la provincia.<\/strong>\n<\/p>\n<p class data-start=\"1906\" data-end=\"2403\">Llaryora tambi\u00e9n apunt\u00f3 contra el Decreto de Necesidad y Urgencia (DNU) N\u00b0 280, firmado el 27 de marzo de este a\u00f1o, por el cual se suspendieron directamente los env\u00edos de fondos previsionales a las provincias con cajas no transferidas. \u201c<strong>Se trata de un acto inconstitucional que pretende legalizar el recorte de partidas del presupuesto nacional 2023, prorrogado para 2024 y 2025<\/strong>, llevando a cero pesos los giros que la Naci\u00f3n debe realizar para cubrir el d\u00e9ficit previsional de C\u00f3rdoba\u201d, denunci\u00f3.<!-- \u00a1O bien no hay banners, estan desactivados o no estan programados para esta ubicaci\u00f3n! -->\n<\/p>\n<p class data-start=\"2405\" data-end=\"2685\">En ese sentido, el gobernador afirm\u00f3 que esta decisi\u00f3n \u201cviola principios y normas de la Ley de Presupuesto Nacional y el sistema de coparticipaci\u00f3n federal, que no pueden ser modificados por decreto\u201d, y sostuvo que existe una clara transgresi\u00f3n al principio de \u201cbuena fe federal\u201d.<\/p>\n<p class data-start=\"2687\" data-end=\"3133\"><strong>Llaryora record\u00f3 que es el tercer gobernador cordob\u00e9s en reclamar por esta deuda,<\/strong> como antes lo hicieron Jos\u00e9 Manuel de la Sota y Juan Schiaretti, lo que \u2013seg\u00fan subray\u00f3\u2013 demuestra que se trata de un problema estructural, m\u00e1s all\u00e1 de las gestiones de turno o las diferencias partidarias. \u201c<strong>Esta conducta del Gobierno central avanza sobre los derechos de las provincias, debilita el federalismo y afecta el funcionamiento de la Rep\u00fablica<\/strong>\u201d, concluy\u00f3.\n<\/p>\n<div class=\"g g-38\">\n<div class=\"g-dyn a-12 c-1\"><a class=\"gofollow\" data-track=\"MTIsMzgsMSw2MA==\" href=\"https:\/\/www.farmaciashpfarma.com.ar\/blog\/institucional\/beneficios-corporativos-en-campana-antigripal.html\" target=\"_blank\" rel=\"noopener\"><img src=\"http:\/\/cordobadirecto.com\/wp-content\/uploads\/2025\/04\/un-destrato-institucional-el-reclamo-de-llaryora-a-la-nacion-por-los-fondos-jubilatorios.jpg\" loading=\"lazy\"><\/a><\/div>\n<\/div>\n","protected":false},"excerpt":{"rendered":"<p>El gobernador de C\u00f3rdoba, Mart\u00edn Llaryora, particip\u00f3 de una audiencia de conciliaci\u00f3n convocada por la Corte Suprema de Justicia en el marco del reclamo que la provincia mantiene contra la Naci\u00f3n por la deuda con la Caja de Jubilaciones. El mandatario reiter\u00f3 la exigencia de que se cumpla con los env\u00edos que, por ley, deben [&hellip;]<\/p>\n","protected":false},"author":1,"featured_media":165078,"comment_status":"closed","ping_status":"closed","sticky":false,"template":"","format":"standard","meta":[],"categories":[25],"tags":[],"_links":{"self":[{"href":"http:\/\/cordobadirecto.com\/index.php\/wp-json\/wp\/v2\/posts\/165077"}],"collection":[{"href":"http:\/\/cordobadirecto.com\/index.php\/wp-json\/wp\/v2\/posts"}],"about":[{"href":"http:\/\/cordobadirecto.com\/index.php\/wp-json\/wp\/v2\/types\/post"}],"author":[{"embeddable":true,"href":"http:\/\/cordobadirecto.com\/index.php\/wp-json\/wp\/v2\/users\/1"}],"replies":[{"embeddable":true,"href":"http:\/\/cordobadirecto.com\/index.php\/wp-json\/wp\/v2\/comments?post=165077"}],"version-history":[{"count":0,"href":"http:\/\/cordobadirecto.com\/index.php\/wp-json\/wp\/v2\/posts\/165077\/revisions"}],"wp:featuredmedia":[{"embeddable":true,"href":"http:\/\/cordobadirecto.com\/index.php\/wp-json\/wp\/v2\/media\/165078"}],"wp:attachment":[{"href":"http:\/\/cordobadirecto.com\/index.php\/wp-json\/wp\/v2\/media?parent=165077"}],"wp:term":[{"taxonomy":"category","embeddable":true,"href":"http:\/\/cordobadirecto.com\/index.php\/wp-json\/wp\/v2\/categories?post=165077"},{"taxonomy":"post_tag","embeddable":true,"href":"http:\/\/cordobadirecto.com\/index.php\/wp-json\/wp\/v2\/tags?post=165077"}],"curies":[{"name":"wp","href":"https:\/\/api.w.org\/{rel}","templated":true}]}}