{"id":165079,"date":"2025-04-24T01:23:29","date_gmt":"2025-04-24T01:23:29","guid":{"rendered":"http:\/\/cordobadirecto.com\/index.php\/2025\/04\/24\/cordoba-le-marca-la-cancha-a-la-nacion-en-la-corte-por-una-deuda-que-supera-el-billon-de-pesos\/"},"modified":"2025-04-24T01:23:29","modified_gmt":"2025-04-24T01:23:29","slug":"cordoba-le-marca-la-cancha-a-la-nacion-en-la-corte-por-una-deuda-que-supera-el-billon-de-pesos","status":"publish","type":"post","link":"http:\/\/cordobadirecto.com\/index.php\/2025\/04\/24\/cordoba-le-marca-la-cancha-a-la-nacion-en-la-corte-por-una-deuda-que-supera-el-billon-de-pesos\/","title":{"rendered":"<b>C\u00f3rdoba<\/b> le marca la cancha a la Naci\u00f3n en la Corte por una deuda que supera el bill\u00f3n de pesos"},"content":{"rendered":"<p>El reclamo no es <b>nuevo<\/b>, pero la audiencia marc\u00f3 un punto de inflexi\u00f3n. &#8230; La comitiva provincial estuvo integrada tambi\u00e9n por el ministro de <b>Econom\u00eda<\/b>&nbsp;&#8230; <\/p>\n","protected":false},"excerpt":{"rendered":"<p>El reclamo no es nuevo, pero la audiencia marc\u00f3 un punto de inflexi\u00f3n. &#8230; La comitiva provincial estuvo integrada tambi\u00e9n por el ministro de Econom\u00eda&nbsp;&#8230;<\/p>\n","protected":false},"author":1,"featured_media":0,"comment_status":"closed","ping_status":"closed","sticky":false,"template":"","format":"standard","meta":[],"categories":[40],"tags":[],"_links":{"self":[{"href":"http:\/\/cordobadirecto.com\/index.php\/wp-json\/wp\/v2\/posts\/165079"}],"collection":[{"href":"http:\/\/cordobadirecto.com\/index.php\/wp-json\/wp\/v2\/posts"}],"about":[{"href":"http:\/\/cordobadirecto.com\/index.php\/wp-json\/wp\/v2\/types\/post"}],"author":[{"embeddable":true,"href":"http:\/\/cordobadirecto.com\/index.php\/wp-json\/wp\/v2\/users\/1"}],"replies":[{"embeddable":true,"href":"http:\/\/cordobadirecto.com\/index.php\/wp-json\/wp\/v2\/comments?post=165079"}],"version-history":[{"count":0,"href":"http:\/\/cordobadirecto.com\/index.php\/wp-json\/wp\/v2\/posts\/165079\/revisions"}],"wp:attachment":[{"href":"http:\/\/cordobadirecto.com\/index.php\/wp-json\/wp\/v2\/media?parent=165079"}],"wp:term":[{"taxonomy":"category","embeddable":true,"href":"http:\/\/cordobadirecto.com\/index.php\/wp-json\/wp\/v2\/categories?post=165079"},{"taxonomy":"post_tag","embeddable":true,"href":"http:\/\/cordobadirecto.com\/index.php\/wp-json\/wp\/v2\/tags?post=165079"}],"curies":[{"name":"wp","href":"https:\/\/api.w.org\/{rel}","templated":true}]}}