{"id":165106,"date":"2025-04-24T13:06:17","date_gmt":"2025-04-24T13:06:17","guid":{"rendered":"https:\/\/www.ole.com.ar\/autos\/franco-colapinto-va-miami-viene-argentina-evento-movistar-arena-experiencia-endeavor_0_uw7VuESXgt.html"},"modified":"2025-04-24T13:06:17","modified_gmt":"2025-04-24T13:06:17","slug":"cambio-de-direccion-franco-colapinto-no-va-a-miami-viene-a-la-argentina","status":"publish","type":"post","link":"http:\/\/cordobadirecto.com\/index.php\/2025\/04\/24\/cambio-de-direccion-franco-colapinto-no-va-a-miami-viene-a-la-argentina\/","title":{"rendered":"Cambio de direcci\u00f3n: Franco Colapinto no va a Miami&#8230; \u00a1viene a la Argentina!"},"content":{"rendered":"<p><span class=\"createDate\">24\/04\/2025 10:06hs.<\/span><time class=\"modificatedDate\" datetime=\"2025-04-24T12:29:45-03:00\"> Actualizado al 24\/04\/2025 12:29hs.<\/time><\/p>\n<div id=\"storyBody\">\n<div class=\"custom-text \" readability=\"36.315789473684\">\n<p>Hay cambio de direcci\u00f3n en la actividad de <strong><a href=\"https:\/\/www.ole.com.ar\/tema\/franco-colapinto.html\" title=\"Franco Colapinto\" alt=\"Franco Colapinto\" class=\"slug\">Franco Colapinto<\/a><\/strong> para los pr\u00f3ximos d\u00edas, Si bien se hab\u00eda sugerido desde su entorno que el piloto ir\u00eda al GP de Miami, <strong>Ol\u00e9 <\/strong>pudo confirmar en la ma\u00f1ana de este jueves <strong>que el bonaerense de 21 a\u00f1os no ir\u00e1 a Estados Unidos<\/strong>. De la misma manera, <strong>surgi\u00f3 otra noticia: estar\u00e1 presente de forma virtual en Argentina.<\/strong><\/p>\n<\/div>\n<div class=\"custom-text \" readability=\"40\">\n<p><strong>A la espera de lo que suceda con el australiano Jack Doohan, Colapinto se quedar\u00e1 trabajando en Inglaterra durante estos d\u00edas, manejando en los simuladores de Alpine y colaborando en otras cuestiones. <\/strong>Y, si bien en un primer momento se cre\u00eda que iba a viajar a Argentina, no lo har\u00e1. Lo cierto es que dar\u00e1 de manera online una charla de j\u00f3venes emprendedores en el Movistar Arena, en un evento que se denomina <strong>Experiencia Endeavor Sub 20<\/strong>. Fran ser\u00e1 uno de los oradores.<\/p>\n<\/div>\n<div class=\"sc-e7b891c4-0 ifHnQL image-embed\"><img alt=\"Colapinto vendr\u00e1 a la Argentina.\" loading=\"lazy\" width=\"720\" height=\"100\" decoding=\"async\" data-nimg=\"1\" src=\"http:\/\/cordobadirecto.com\/wp-content\/uploads\/2025\/04\/cambio-de-direccion-franco-colapinto-no-va-a-miami-viene-a-la-argentina.jpg\"><span class=\"epigraphe\">Colapinto vendr\u00e1 a la Argentina.<\/span><\/div>\n<div class=\"custom-text \" readability=\"39\">\n<p>\u00bfHay entradas? Es la pregunta que se estar\u00e1n haciendo varios de los que est\u00e1n enter\u00e1ndose de la noticia por Ol\u00e9. No. <strong>Es un evento cerrado, para el cual adolescentes y j\u00f3venes, estudiantes, fueron invitados<\/strong>. De hecho, los habituales palcos de empresas que tiene el estadio de Villa Crespo tampoco estar\u00e1n disponibles. O sea: no funcionar\u00e1 el mangazo a las firmas&#8230;<\/p>\n<\/div>\n<p><h2>Colapinto y qui\u00e9nes estar\u00e1n en el Movistar Arena<\/h2>\n<\/p>\n<div class=\"custom-text \" readability=\"44\">\n<p>Junto con el piloto se anuncia a <strong>Mart\u00edn Migoya<\/strong>, el CEO de Globant; <strong>Nicki Nicole<\/strong>; <strong>Pierpaolo Barbieri<\/strong>, CEO de Uala; <strong>Tom\u00e1s Machuca<\/strong>, CEO de Fenikks; <strong>Valent\u00edn Antonio<\/strong>, CEO de Qaizen; <strong>Melina Caporaletti<\/strong>, fundadora de Movi Go, y <strong>Federico Robello<\/strong>, fundador de Guchini, El conductor ser\u00e1 Ferbo y el moderador, Nacho Elizalde. La presentaci\u00f3n se realizar\u00e1 el pr\u00f3ximo martes 29 de abril.<\/p>\n<\/div>\n<p><h2>Los pr\u00f3ximos pasos de Colapinto en la F\u00f3rmula 1<\/h2>\n<\/p>\n<div class=\"custom-text \" readability=\"34\">\n<p>Para nuestro pa\u00eds es interesante que est\u00e9 Franco participando de esa actividad, pero al mismo tiempo a todos importa qu\u00e9 pasar\u00e1 con \u00e9l en lo inmediato en la F1. <\/p>\n<\/div>\n<div class=\"sc-e7b891c4-0 ifHnQL image-embed\"><img alt=\"Paul Aron, el reserva de Alpine que ir\u00e1 a Miami.\" loading=\"lazy\" width=\"720\" height=\"100\" decoding=\"async\" data-nimg=\"1\" src=\"http:\/\/cordobadirecto.com\/wp-content\/uploads\/2025\/04\/cambio-de-direccion-franco-colapinto-no-va-a-miami-viene-a-la-argentina-1.jpg\"><span class=\"epigraphe\">Paul Aron, el reserva de Alpine que ir\u00e1 a Miami.<\/span><\/div>\n<div class=\"custom-text \" readability=\"43\">\n<p>La mayor\u00eda de la escuder\u00eda Alpine viajar\u00e1 a Miami, donde el 3 de mayo se correr\u00e1 la prueba Sprint y el 4, la carrera habitual de los domingos. Colapinto, paralelamente, seguir\u00e1 sumando horas en el simulador, a la espera de su oportunidad, <strong>la cual podr\u00eda llegar a ser Monza, el 18 de mayo, algo que no est\u00e1 confirmado y hoy solo son rumores<\/strong>.<\/p>\n<\/div>\n<div class=\"custom-text \" readability=\"34\">\n<p>Esto significa que Doohan ser\u00e1 piloto titular junto con Pierre Gasly, y que el estonio Paul Aaron continuar\u00e1 viajando con el equipo como el de reserva.<\/p>\n<\/div>\n<div class=\"custom-text \" readability=\"35\">\n<p>\u00bfQu\u00e9 es real? Que Franco cambia de direcci\u00f3n. No lo veremos en Miami, pero s\u00ed -a la distancia y de manera virtual- lo tendremos en Argentina. Para los que lo puedan ver, que lo disfruten&#8230;<\/p>\n<\/div>\n<div class=\"sc-a7166897-0 eoLsBE\" readability=\"6\">\n<section readability=\"2\"><picture><img alt=\"Jack Doohan tiene una vida m\u00e1s: corre el GP de Miami y Franco Colapinto espera \" loading=\"lazy\" width=\"290\" height=\"290\" decoding=\"async\" data-nimg=\"1\" src=\"http:\/\/cordobadirecto.com\/wp-content\/uploads\/2025\/04\/cambio-de-direccion-franco-colapinto-no-va-a-miami-viene-a-la-argentina-2.jpg\"><\/picture>\n<p><span>Mir\u00e1 tambi\u00e9n<\/span><\/p>\n<hr>\n<h3>Jack Doohan tiene una vida m\u00e1s: corre el GP de Miami y Franco Colapinto espera<br \/>\n<\/h3>\n<\/p>\n<\/section>\n<\/div>\n<div class=\"sc-a7166897-0 eoLsBE\" readability=\"6.5\">\n<section readability=\"3\"><picture><img alt=\"Con Colapinto en el avi\u00f3n, directo a...\" loading=\"lazy\" width=\"290\" height=\"290\" decoding=\"async\" data-nimg=\"1\" src=\"http:\/\/cordobadirecto.com\/wp-content\/uploads\/2025\/04\/cambio-de-direccion-franco-colapinto-no-va-a-miami-viene-a-la-argentina-3.jpg\"><\/picture>\n<p><span>Mir\u00e1 tambi\u00e9n<\/span><\/p>\n<hr>\n<h3>Con Colapinto en el avi\u00f3n, directo a&#8230;<\/h3>\n<\/p>\n<\/section>\n<\/div>\n<div class=\"sc-a7166897-0 eoLsBE\" readability=\"6\">\n<section readability=\"2\"><picture><img alt=\"Qu\u00e9 dijo Lando Norris: de candidato en la F\u00f3rmula 1 a las dudas y una confesi\u00f3n \" loading=\"lazy\" width=\"290\" height=\"290\" decoding=\"async\" data-nimg=\"1\" src=\"http:\/\/cordobadirecto.com\/wp-content\/uploads\/2025\/04\/cambio-de-direccion-franco-colapinto-no-va-a-miami-viene-a-la-argentina-4.jpg\"><\/picture>\n<p><span>Mir\u00e1 tambi\u00e9n<\/span><\/p>\n<hr>\n<h3>Qu\u00e9 dijo Lando Norris: de candidato en la F\u00f3rmula 1 a las dudas y una confesi\u00f3n <\/h3>\n<\/p>\n<\/section>\n<\/div>\n<\/div>\n","protected":false},"excerpt":{"rendered":"<p>24\/04\/2025 10:06hs. Actualizado al 24\/04\/2025 12:29hs. Hay cambio de direcci\u00f3n en la actividad de Franco Colapinto para los pr\u00f3ximos d\u00edas, Si bien se hab\u00eda sugerido desde su entorno que el piloto ir\u00eda al GP de Miami, Ol\u00e9 pudo confirmar en la ma\u00f1ana de este jueves que el bonaerense de 21 a\u00f1os no ir\u00e1 a Estados [&hellip;]<\/p>\n","protected":false},"author":1,"featured_media":165107,"comment_status":"closed","ping_status":"closed","sticky":false,"template":"","format":"standard","meta":[],"categories":[21],"tags":[],"_links":{"self":[{"href":"http:\/\/cordobadirecto.com\/index.php\/wp-json\/wp\/v2\/posts\/165106"}],"collection":[{"href":"http:\/\/cordobadirecto.com\/index.php\/wp-json\/wp\/v2\/posts"}],"about":[{"href":"http:\/\/cordobadirecto.com\/index.php\/wp-json\/wp\/v2\/types\/post"}],"author":[{"embeddable":true,"href":"http:\/\/cordobadirecto.com\/index.php\/wp-json\/wp\/v2\/users\/1"}],"replies":[{"embeddable":true,"href":"http:\/\/cordobadirecto.com\/index.php\/wp-json\/wp\/v2\/comments?post=165106"}],"version-history":[{"count":0,"href":"http:\/\/cordobadirecto.com\/index.php\/wp-json\/wp\/v2\/posts\/165106\/revisions"}],"wp:featuredmedia":[{"embeddable":true,"href":"http:\/\/cordobadirecto.com\/index.php\/wp-json\/wp\/v2\/media\/165107"}],"wp:attachment":[{"href":"http:\/\/cordobadirecto.com\/index.php\/wp-json\/wp\/v2\/media?parent=165106"}],"wp:term":[{"taxonomy":"category","embeddable":true,"href":"http:\/\/cordobadirecto.com\/index.php\/wp-json\/wp\/v2\/categories?post=165106"},{"taxonomy":"post_tag","embeddable":true,"href":"http:\/\/cordobadirecto.com\/index.php\/wp-json\/wp\/v2\/tags?post=165106"}],"curies":[{"name":"wp","href":"https:\/\/api.w.org\/{rel}","templated":true}]}}