{"id":165108,"date":"2025-04-24T15:37:16","date_gmt":"2025-04-24T15:37:16","guid":{"rendered":"https:\/\/www.ole.com.ar\/futbol-ascenso\/ascenso-primera-nacional-colon-andres-yllana_0_PfV7xGHzNi.html"},"modified":"2025-04-24T15:37:16","modified_gmt":"2025-04-24T15:37:16","slug":"colon-a-un-paso-de-cerrar-a-su-nuevo-entrenador","status":"publish","type":"post","link":"http:\/\/cordobadirecto.com\/index.php\/2025\/04\/24\/colon-a-un-paso-de-cerrar-a-su-nuevo-entrenador\/","title":{"rendered":"Col\u00f3n, a un paso de cerrar a su nuevo entrenador"},"content":{"rendered":"<p><time class=\"createDate\" datetime=\"2025-04-22T20:19:41-03:00\">22\/04\/2025 20:19hs.<\/time><\/p>\n<div id=\"storyBody\">\n<div class=\"custom-text \" readability=\"34.22695035461\">\n<p>En Santa Fe todos saben que es necesario dar el golpe de tim\u00f3n. Es el momento y ya no hay margen de error. Claro, es que luego de la dura derrota por 3-2 contra <a href=\"https:\/\/www.ole.com.ar\/tema\/chacarita.html\" title=\"Chacarita\" alt=\"Chacarita\" class=\"slug\">Chacarita<\/a> en San Mart\u00edn, <strong><a href=\"https:\/\/www.ole.com.ar\/futbol-ascenso\/ascenso_0_5W7XqgxlLr.html\" target=\"_self\" title=\"Ariel Pereyra\" alt=\"Ariel Pereyra\" rel=\"noopener\">Ariel Pereyra<\/a>, quien ya ven\u00eda caminando por la cornisa, dej\u00f3 de ser el entrenador de <a href=\"https:\/\/www.ole.com.ar\/tema\/colon.html\" title=\"Col\u00f3n\" alt=\"Col\u00f3n\" class=\"slug\">Col\u00f3n<\/a>. <\/strong><\/p>\n<\/div>\n<div class=\"custom-text \" readability=\"38.068181818182\">\n<p>Luego de la salida del Pata, <strong>todos los focos comenzaron a apuntar a Victor Godano, presidente de la instituci\u00f3n, e Iv\u00e1n Moreno y Fabianesi, Director Deportivo. <\/strong>Tal es as\u00ed que aparecieron banderas y pintadas culpand\u00f3los del mal presente del equipo, que se ubica fuera del Reducido en su segundo a\u00f1o transitando la siempre d\u00edficil <a href=\"https:\/\/www.ole.com.ar\/tema\/primera-nacional.html\" title=\"Primera Nacional\" alt=\"Primera Nacional\" class=\"slug\">Primera Nacional.<\/a> <\/p>\n<\/div>\n<div class=\"sc-e7b891c4-0 ifHnQL image-embed\"><img alt=\"Los hinchas de Col\u00f3n apuntaron contra Godano y Moreno y Fabianesi en las paredes de la sede (Foto: Internet).\" loading=\"lazy\" width=\"720\" height=\"100\" decoding=\"async\" data-nimg=\"1\" src=\"http:\/\/cordobadirecto.com\/wp-content\/uploads\/2025\/04\/colon-a-un-paso-de-cerrar-a-su-nuevo-entrenador.jpg\"><span class=\"epigraphe\">Los hinchas de Col\u00f3n apuntaron contra Godano y Moreno y Fabianesi en las paredes de la sede (Foto: Internet).<\/span><\/div>\n<div class=\"custom-text \" readability=\"35.565096952909\">\n<p>Por todo lo mencionado es que puertas adentro aceleraron en la b\u00fasqueda del entrenador que supla al ex ayudante de campo de Guillermo Barros Schelotto. <strong>Surgieron distintas alternativas para asumir el cargo que interinamente agarr\u00f3 Mart\u00edn Minella,<\/strong> <strong>pero la m\u00e1s firme actualmente es la de <a href=\"https:\/\/www.ole.com.ar\/ascenso\/ascenso-primera-nacional-aldosivi-final-yllana-san-martin_0_28Jufmg5rP.html\" target=\"_self\" title=\"Andr\u00e9s Yllana\" alt=\"Andr\u00e9s Yllana\" rel=\"noopener\">Andr\u00e9s Yllana<\/a><\/strong>, quien hace apenas algunos meses ascendi\u00f3 con Aldosivi.<strong> <\/strong><\/p>\n<\/div>\n<p><h2><strong>Andr\u00e9s Yllana, el elegido en Col\u00f3n<\/strong><\/h2>\n<\/p>\n<div class=\"custom-text \" readability=\"37\">\n<p>El det\u00e9 de 50 a\u00f1os es la opci\u00f3n que reune m\u00e1s consenso en la interna del conjunto santafesino. Hubo avances en las negociaciones y es el principal candidato para ponerse el buzo de Col\u00f3n y agarrar un fierro caliente. <strong>Ya hay acuerdo de palabra y, de no mediar incovenientes, se podr\u00eda volcar a los papeles lo hablado entre el entorno de Yllana y los dirigentes sabaleros. <\/strong><\/p>\n<\/div>\n<div class=\"sc-e7b891c4-0 ifHnQL image-embed\"><img alt=\"Andr\u00e9s Yllana, a un paso de Col\u00f3n (Foto: Internet)\" loading=\"lazy\" width=\"720\" height=\"100\" decoding=\"async\" data-nimg=\"1\" src=\"http:\/\/cordobadirecto.com\/wp-content\/uploads\/2025\/04\/colon-a-un-paso-de-cerrar-a-su-nuevo-entrenador-1.jpg\"><span class=\"epigraphe\">Andr\u00e9s Yllana, a un paso de Col\u00f3n (Foto: Internet)<\/span><\/div>\n<div class=\"sc-a7166897-0 eoLsBE\" readability=\"6\">\n<section readability=\"2\"><picture><img alt=\"Temperley empat\u00f3 con Defensores y no pudo meterse en Reducido\" loading=\"lazy\" width=\"290\" height=\"290\" decoding=\"async\" data-nimg=\"1\" src=\"http:\/\/cordobadirecto.com\/wp-content\/uploads\/2025\/04\/colon-a-un-paso-de-cerrar-a-su-nuevo-entrenador-2.jpg\"><\/picture>\n<p><span>Mir\u00e1 tambi\u00e9n<\/span><\/p>\n<hr>\n<h3>Temperley empat\u00f3 con Defensores y no pudo meterse en Reducido<\/h3>\n<\/p>\n<\/section>\n<\/div>\n<div class=\"sc-a7166897-0 eoLsBE\" readability=\"6\">\n<section readability=\"2\"><picture><img alt=\"Moretti rompi\u00f3 el silencio: &quot;Es una donaci\u00f3n&quot;\" loading=\"lazy\" width=\"290\" height=\"290\" decoding=\"async\" data-nimg=\"1\" src=\"http:\/\/cordobadirecto.com\/wp-content\/uploads\/2025\/04\/colon-a-un-paso-de-cerrar-a-su-nuevo-entrenador-3.jpg\"><\/picture>\n<p><span>Mir\u00e1 tambi\u00e9n<\/span><\/p>\n<hr>\n<h3>Moretti rompi\u00f3 el silencio: &#8220;Es una donaci\u00f3n&#8221;<\/h3>\n<\/p>\n<\/section>\n<\/div>\n<\/div>\n","protected":false},"excerpt":{"rendered":"<p>22\/04\/2025 20:19hs. En Santa Fe todos saben que es necesario dar el golpe de tim\u00f3n. Es el momento y ya no hay margen de error. Claro, es que luego de la dura derrota por 3-2 contra Chacarita en San Mart\u00edn, Ariel Pereyra, quien ya ven\u00eda caminando por la cornisa, dej\u00f3 de ser el entrenador de [&hellip;]<\/p>\n","protected":false},"author":1,"featured_media":165109,"comment_status":"closed","ping_status":"closed","sticky":false,"template":"","format":"standard","meta":[],"categories":[21],"tags":[],"_links":{"self":[{"href":"http:\/\/cordobadirecto.com\/index.php\/wp-json\/wp\/v2\/posts\/165108"}],"collection":[{"href":"http:\/\/cordobadirecto.com\/index.php\/wp-json\/wp\/v2\/posts"}],"about":[{"href":"http:\/\/cordobadirecto.com\/index.php\/wp-json\/wp\/v2\/types\/post"}],"author":[{"embeddable":true,"href":"http:\/\/cordobadirecto.com\/index.php\/wp-json\/wp\/v2\/users\/1"}],"replies":[{"embeddable":true,"href":"http:\/\/cordobadirecto.com\/index.php\/wp-json\/wp\/v2\/comments?post=165108"}],"version-history":[{"count":0,"href":"http:\/\/cordobadirecto.com\/index.php\/wp-json\/wp\/v2\/posts\/165108\/revisions"}],"wp:featuredmedia":[{"embeddable":true,"href":"http:\/\/cordobadirecto.com\/index.php\/wp-json\/wp\/v2\/media\/165109"}],"wp:attachment":[{"href":"http:\/\/cordobadirecto.com\/index.php\/wp-json\/wp\/v2\/media?parent=165108"}],"wp:term":[{"taxonomy":"category","embeddable":true,"href":"http:\/\/cordobadirecto.com\/index.php\/wp-json\/wp\/v2\/categories?post=165108"},{"taxonomy":"post_tag","embeddable":true,"href":"http:\/\/cordobadirecto.com\/index.php\/wp-json\/wp\/v2\/tags?post=165108"}],"curies":[{"name":"wp","href":"https:\/\/api.w.org\/{rel}","templated":true}]}}