{"id":165115,"date":"2025-04-24T18:52:12","date_gmt":"2025-04-24T18:52:12","guid":{"rendered":"https:\/\/puntoapunto.com.ar\/?p=372396"},"modified":"2025-04-24T18:52:12","modified_gmt":"2025-04-24T18:52:12","slug":"llaryora-y-el-cfi-acuerdan-nuevos-creditos-para-impulsar-la-reactivacion-productiva","status":"publish","type":"post","link":"http:\/\/cordobadirecto.com\/index.php\/2025\/04\/24\/llaryora-y-el-cfi-acuerdan-nuevos-creditos-para-impulsar-la-reactivacion-productiva\/","title":{"rendered":"Llaryora y el CFI acuerdan nuevos cr\u00e9ditos para impulsar la reactivaci\u00f3n productiva"},"content":{"rendered":"<div><img src=\"http:\/\/cordobadirecto.com\/wp-content\/uploads\/2025\/04\/llaryora-y-el-cfi-acuerdan-nuevos-creditos-para-impulsar-la-reactivacion-productiva-1.jpg\" class=\"ff-og-image-inserted\"><\/div>\n<p class data-start=\"198\" data-end=\"581\">El <strong>Gobierno de la Provincia de C\u00f3rdoba y el Consejo Federal de Inversiones<\/strong> (CFI) firmaron un convenio de colaboraci\u00f3n que permitir\u00e1 habilitar <strong>nuevas l\u00edneas de cr\u00e9ditos blandos orientadas a la reactivaci\u00f3n productiva durante 2025.<\/strong> La iniciativa apunta al desarrollo de micro, peque\u00f1as y medianas empresas (MiPyMEs) con base en C\u00f3rdoba y busca fortalecer el entramado productivo local.<\/p>\n<p class data-start=\"583\" data-end=\"930\">El acuerdo fue rubricado por el gobernador Mart\u00edn Llaryora y el secretario general del CFI, Ignacio Lamothe, y contempla un enfoque integral que incluye financiamiento, planificaci\u00f3n e inversi\u00f3n estrat\u00e9gica. <strong>\u201cNo se trata solo de financiamiento: es un compromiso compartido con el futuro productivo y sustentable de la Argentina<\/strong>\u201d, destac\u00f3 Lamothe.<\/p>\n<p class data-start=\"932\" data-end=\"1172\">Por su parte, desde el Gobierno provincial se\u00f1alaron que esta acci\u00f3n conjunta refuerza el acompa\u00f1amiento a los sectores productivos y apunta a la diversificaci\u00f3n econ\u00f3mica, la innovaci\u00f3n, la competitividad y la generaci\u00f3n de empleo genuino.<\/p>\n<p class data-start=\"1174\" data-end=\"1375\">Del acto tambi\u00e9n participaron el ministro de Econom\u00eda y Gesti\u00f3n P\u00fablica, Guillermo Acosta; el ministro de Vinculaci\u00f3n Comunitaria, Daniel Pastore; y el director de Coordinaci\u00f3n del CFI, Nicol\u00e1s Cevela.<\/p>\n<p data-start=\"1377\" data-end=\"1405\"><strong>Nuevas l\u00edneas de cr\u00e9dito<\/strong><\/p>\n<p class data-start=\"1407\" data-end=\"1551\">Los cr\u00e9ditos estar\u00e1n disponibles hasta el 31 de diciembre de 2025, o hasta agotar los cupos disponibles, y se distribuir\u00e1n en tres grandes ejes:<\/p>\n<ul data-start=\"1553\" data-end=\"2359\" readability=\"7.5\">\n<li class data-start=\"1553\" data-end=\"1814\" readability=\"4\">\n<p class data-start=\"1555\" data-end=\"1771\"><strong data-start=\"1555\" data-end=\"1573\">Econom\u00eda Verde<\/strong>: l\u00ednea destinada a financiar proyectos relacionados con el cuidado del ambiente, eficiencia h\u00eddrica, generaci\u00f3n de energ\u00edas renovables, econom\u00eda circular y uso racional de los recursos naturales.<\/p>\n<\/li>\n<li class data-start=\"1816\" data-end=\"2139\" readability=\"8\">\n<p class data-start=\"1818\" data-end=\"2090\"><strong data-start=\"1818\" data-end=\"1851\">Cadenas de valor estrat\u00e9gicas<\/strong>: financiamiento para empresas vinculadas a los sectores tur\u00edstico, agroindustrial, metalmec\u00e1nico, pl\u00e1stico, ganadero, industrial, manufacturero, tecnol\u00f3gico y minero. Se podr\u00e1 aplicar a inversiones en activos fijos y capital de trabajo.<\/p>\n<\/li>\n<li class data-start=\"2141\" data-end=\"2359\" readability=\"0\">\n<p class data-start=\"2143\" data-end=\"2318\"><strong data-start=\"2143\" data-end=\"2177\">Empresas lideradas por mujeres<\/strong>: orientado a fortalecer proyectos impulsados por mujeres en el marco del \u201cPrograma para el Desarrollo Productivo y Financiero de Mujeres\u201d.<\/p>\n<\/li>\n<\/ul>\n<p data-start=\"2361\" data-end=\"2377\"><strong>C\u00f3mo acceder<\/strong>: las empresas interesadas podr\u00e1n conocer los requisitos y v\u00edas de contacto a trav\u00e9s del sitio web oficial del Consejo Federal de Inversiones.<\/p>\n","protected":false},"excerpt":{"rendered":"<p>El Gobierno de la Provincia de C\u00f3rdoba y el Consejo Federal de Inversiones (CFI) firmaron un convenio de colaboraci\u00f3n que permitir\u00e1 habilitar nuevas l\u00edneas de cr\u00e9ditos blandos orientadas a la reactivaci\u00f3n productiva durante 2025. La iniciativa apunta al desarrollo de micro, peque\u00f1as y medianas empresas (MiPyMEs) con base en C\u00f3rdoba y busca fortalecer el entramado [&hellip;]<\/p>\n","protected":false},"author":1,"featured_media":165116,"comment_status":"closed","ping_status":"closed","sticky":false,"template":"","format":"standard","meta":[],"categories":[25],"tags":[],"_links":{"self":[{"href":"http:\/\/cordobadirecto.com\/index.php\/wp-json\/wp\/v2\/posts\/165115"}],"collection":[{"href":"http:\/\/cordobadirecto.com\/index.php\/wp-json\/wp\/v2\/posts"}],"about":[{"href":"http:\/\/cordobadirecto.com\/index.php\/wp-json\/wp\/v2\/types\/post"}],"author":[{"embeddable":true,"href":"http:\/\/cordobadirecto.com\/index.php\/wp-json\/wp\/v2\/users\/1"}],"replies":[{"embeddable":true,"href":"http:\/\/cordobadirecto.com\/index.php\/wp-json\/wp\/v2\/comments?post=165115"}],"version-history":[{"count":0,"href":"http:\/\/cordobadirecto.com\/index.php\/wp-json\/wp\/v2\/posts\/165115\/revisions"}],"wp:featuredmedia":[{"embeddable":true,"href":"http:\/\/cordobadirecto.com\/index.php\/wp-json\/wp\/v2\/media\/165116"}],"wp:attachment":[{"href":"http:\/\/cordobadirecto.com\/index.php\/wp-json\/wp\/v2\/media?parent=165115"}],"wp:term":[{"taxonomy":"category","embeddable":true,"href":"http:\/\/cordobadirecto.com\/index.php\/wp-json\/wp\/v2\/categories?post=165115"},{"taxonomy":"post_tag","embeddable":true,"href":"http:\/\/cordobadirecto.com\/index.php\/wp-json\/wp\/v2\/tags?post=165115"}],"curies":[{"name":"wp","href":"https:\/\/api.w.org\/{rel}","templated":true}]}}