{"id":165117,"date":"2025-04-24T18:36:05","date_gmt":"2025-04-24T18:36:05","guid":{"rendered":"https:\/\/cordoba.gob.ar\/?p=77206"},"modified":"2025-04-24T18:36:05","modified_gmt":"2025-04-24T18:36:05","slug":"la-campeona-mundial-juvenil-de-ajedrez-candela-francisco-dara-una-charla-en-la-apertura-del-campeonato-provincial-femenino","status":"publish","type":"post","link":"http:\/\/cordobadirecto.com\/index.php\/2025\/04\/24\/la-campeona-mundial-juvenil-de-ajedrez-candela-francisco-dara-una-charla-en-la-apertura-del-campeonato-provincial-femenino\/","title":{"rendered":"La campeona mundial juvenil de ajedrez Candela Francisco dar\u00e1 una charla en la apertura del Campeonato Provincial Femenino"},"content":{"rendered":"<div><img src=\"http:\/\/cordobadirecto.com\/wp-content\/uploads\/2025\/04\/la-campeona-mundial-juvenil-de-ajedrez-candela-francisco-dara-una-charla-en-la-apertura-del-campeonato-provincial-femenino.jpg\" class=\"ff-og-image-inserted\"><\/div>\n<ul class=\"ak-ul\" data-prosemirror-content-type=\"node\" data-prosemirror-node-name=\"bulletList\" data-prosemirror-node-block=\"true\" data-pm-slice=\"3 1 []\" readability=\"0\">\n<li data-prosemirror-content-type=\"node\" data-prosemirror-node-name=\"listItem\" data-prosemirror-node-block=\"true\" readability=\"-1\">\n<p data-prosemirror-content-type=\"node\" data-prosemirror-node-name=\"paragraph\" data-prosemirror-node-block=\"true\"><strong>El evento se desarrollar\u00e1 el pr\u00f3ximo s\u00e1bado y domingo a partir de las 11:00 en el Mercado Norte.<\/strong><\/p>\n<\/li>\n<li data-prosemirror-content-type=\"node\" data-prosemirror-node-name=\"listItem\" data-prosemirror-node-block=\"true\" readability=\"-1\">\n<p data-prosemirror-content-type=\"node\" data-prosemirror-node-name=\"paragraph\" data-prosemirror-node-block=\"true\"><strong>La joven deportista hablar\u00e1 sobre el rol de la mujer joven en el mundo de ajedrez.<\/strong><\/p>\n<\/li>\n<li data-prosemirror-content-type=\"node\" data-prosemirror-node-name=\"listItem\" data-prosemirror-node-block=\"true\" readability=\"-1\">\n<p data-prosemirror-content-type=\"node\" data-prosemirror-node-name=\"paragraph\" data-prosemirror-node-block=\"true\"><strong>Participar\u00e1n del torneo referentes del ajedrez femenino cordob\u00e9s.<\/strong><\/p>\n<\/li>\n<\/ul>\n<hr>\n<p data-prosemirror-content-type=\"node\" data-prosemirror-node-name=\"paragraph\" data-prosemirror-node-block=\"true\">En el marco del programa de Ajedrez Social que lleva adelante en Ente BioC\u00f3rdoba, el pr\u00f3ximo fin de semana el Mercado Norte ser\u00e1 escenario de una jornada especial dedicada a reflexionar y celebrar el ajedrez femenino.<\/p>\n<p data-prosemirror-content-type=\"node\" data-prosemirror-node-name=\"paragraph\" data-prosemirror-node-block=\"true\">El s\u00e1bado 26 y domingo 27, de 11:00 a 17:00 horas, se desarrollar\u00e1 el Campeonato Provincial Femenino Unificado (AAPC \u2013 FAPC), Copa \u201cEdith Soppe\u201d, que reunir\u00e1 a las mejores jugadoras de la provincia en una competencia que destaca el talento, la inclusi\u00f3n y la igualdad de oportunidades. El torneo es IRT R\u00e1pido 20+5 valido al Elo FIDE.<\/p>\n<p data-prosemirror-content-type=\"node\" data-prosemirror-node-name=\"paragraph\" data-prosemirror-node-block=\"true\">Como parte de esta propuesta, el s\u00e1bado a las 11:30 horas la campeona mundial juvenil de ajedrez, Candela Francisco, brindar\u00e1 la charla abierta \u201cPensando el rol de la mujer y la juventud en el ajedrez\u201d.<\/p>\n<p data-prosemirror-content-type=\"node\" data-prosemirror-node-name=\"paragraph\" data-prosemirror-node-block=\"true\">La charla propone un espacio para reflexionar sobre el pensamiento estrat\u00e9gico, el empoderamiento femenino y los desaf\u00edos que enfrentan las mujeres y las juventudes en el mundo del ajedrez, desde una perspectiva de igualdad y proyecci\u00f3n hacia el futuro.<\/p>\n<p data-prosemirror-content-type=\"node\" data-prosemirror-node-name=\"paragraph\" data-prosemirror-node-block=\"true\">Del campeonato provincial, que dar\u00e1 comienzo una vez finalizada la charla, podr\u00e1n participar jugadoras de todas las edades, nivel o procedencia, teniendo como \u00fanico requisito tener residencia en la provincia de C\u00f3rdoba.<\/p>\n<p data-prosemirror-content-type=\"node\" data-prosemirror-node-name=\"paragraph\" data-prosemirror-node-block=\"true\">La actividad, libre, gratuita, se realizar\u00e1 en el auditorio del CPC del Mercado Norte, ubicado en Oncativo 50 .<\/p>\n<p data-prosemirror-content-type=\"node\" data-prosemirror-node-name=\"paragraph\" data-prosemirror-node-block=\"true\">Para m\u00e1s informaci\u00f3n sobre el torneo comunicarse v\u00eda whatsapp al 3513540331 (Dario Soto) o ingresando a la siguiente p\u00e1gina <a href=\"https:\/\/forms.gle\/QbbrVVE2FTwDoyoh9\" data-prosemirror-content-type=\"mark\" data-prosemirror-mark-name=\"link\">https:\/\/forms.gle\/QbbrVVE2FTwDoyoh9<\/a><\/p>\n","protected":false},"excerpt":{"rendered":"<p>El evento se desarrollar\u00e1 el pr\u00f3ximo s\u00e1bado y domingo a partir de las 11:00 en el Mercado Norte. La joven deportista hablar\u00e1 sobre el rol de la mujer joven en el mundo de ajedrez. Participar\u00e1n del torneo referentes del ajedrez femenino cordob\u00e9s. En el marco del programa de Ajedrez Social que lleva adelante en Ente [&hellip;]<\/p>\n","protected":false},"author":1,"featured_media":165118,"comment_status":"closed","ping_status":"closed","sticky":false,"template":"","format":"standard","meta":[],"categories":[44],"tags":[],"_links":{"self":[{"href":"http:\/\/cordobadirecto.com\/index.php\/wp-json\/wp\/v2\/posts\/165117"}],"collection":[{"href":"http:\/\/cordobadirecto.com\/index.php\/wp-json\/wp\/v2\/posts"}],"about":[{"href":"http:\/\/cordobadirecto.com\/index.php\/wp-json\/wp\/v2\/types\/post"}],"author":[{"embeddable":true,"href":"http:\/\/cordobadirecto.com\/index.php\/wp-json\/wp\/v2\/users\/1"}],"replies":[{"embeddable":true,"href":"http:\/\/cordobadirecto.com\/index.php\/wp-json\/wp\/v2\/comments?post=165117"}],"version-history":[{"count":0,"href":"http:\/\/cordobadirecto.com\/index.php\/wp-json\/wp\/v2\/posts\/165117\/revisions"}],"wp:featuredmedia":[{"embeddable":true,"href":"http:\/\/cordobadirecto.com\/index.php\/wp-json\/wp\/v2\/media\/165118"}],"wp:attachment":[{"href":"http:\/\/cordobadirecto.com\/index.php\/wp-json\/wp\/v2\/media?parent=165117"}],"wp:term":[{"taxonomy":"category","embeddable":true,"href":"http:\/\/cordobadirecto.com\/index.php\/wp-json\/wp\/v2\/categories?post=165117"},{"taxonomy":"post_tag","embeddable":true,"href":"http:\/\/cordobadirecto.com\/index.php\/wp-json\/wp\/v2\/tags?post=165117"}],"curies":[{"name":"wp","href":"https:\/\/api.w.org\/{rel}","templated":true}]}}