{"id":165126,"date":"2025-04-24T17:35:14","date_gmt":"2025-04-24T17:35:14","guid":{"rendered":"https:\/\/cordoba.gob.ar\/?p=77245"},"modified":"2025-04-24T17:35:14","modified_gmt":"2025-04-24T17:35:14","slug":"cine-apto-para-todo-publico-llega-otra-edicion-de-cine-distendido-con-los-tipos-malos","status":"publish","type":"post","link":"http:\/\/cordobadirecto.com\/index.php\/2025\/04\/24\/cine-apto-para-todo-publico-llega-otra-edicion-de-cine-distendido-con-los-tipos-malos\/","title":{"rendered":"Cine apto para todo p\u00fablico: llega otra edici\u00f3n de Cine Distendido con \u201cLos Tipos Malos\u201d"},"content":{"rendered":"<div><img src=\"http:\/\/cordobadirecto.com\/wp-content\/uploads\/2025\/04\/cine-apto-para-todo-publico-llega-otra-edicion-de-cine-distendido-con-los-tipos-malos.jpg\" class=\"ff-og-image-inserted\"><\/div>\n<ul>\n<li data-prosemirror-content-type=\"node\" data-prosemirror-node-name=\"paragraph\" data-prosemirror-node-block=\"true\"><strong><strong>Este s\u00e1bado a las 11:00 en el Cineclub Municipal se dar\u00e1 inicio al ciclo 2025 de Cine Distendido con una comedia polic\u00edaca animada, con entrada gratuita.<\/strong><\/strong><br \/>\n<hr>\n<\/li>\n<\/ul>\n<p data-prosemirror-content-type=\"node\" data-prosemirror-node-name=\"paragraph\" data-prosemirror-node-block=\"true\">El Cineclub Municipal comienza la edici\u00f3n 2025 de Cine Distendido. Ser\u00e1 el pr\u00f3ximo s\u00e1bado 26 de abril a las 11:00.<\/p>\n<p data-prosemirror-content-type=\"node\" data-prosemirror-node-name=\"paragraph\" data-prosemirror-node-block=\"true\">En esta oportunidad se proyectar\u00e1 \u201cLos Tipos Malos\u201d, una comedia polic\u00edaca animada que narra la historia de cinco famosos delincuentes que tienen que fingir que se han convertido en chicos buenos para evitar ir a la c\u00e1rcel.<\/p>\n<p data-prosemirror-content-type=\"node\" data-prosemirror-node-name=\"paragraph\" data-prosemirror-node-block=\"true\">Entre giros, traiciones y aventuras, el grupo se enfrenta a un villano oculto que amenaza con poner en jaque a toda la ciudad.<\/p>\n<p data-prosemirror-content-type=\"node\" data-prosemirror-node-name=\"paragraph\" data-prosemirror-node-block=\"true\">La cinta est\u00e1 basada en los libros de Aaron Blabey. Une humor, acci\u00f3n y un mensaje sobre el valor de cambiar.<\/p>\n<p data-prosemirror-content-type=\"node\" data-prosemirror-node-name=\"paragraph\" data-prosemirror-node-block=\"true\">Aquellas personas interesadas podr\u00e1n reservar su entrada a trav\u00e9s del siguiente <a href=\"https:\/\/docs.google.com\/forms\/d\/e\/1FAIpQLSfjZKTGyCfjbUJ6Cc4-EoJfQI1SVGPobYq4_gAe8Ih6ghuTYw\/viewform\">link<\/a> o por medio de las siguientes redes sociales Familias Cea (FB fundacionfamiliascea \/ IG @\u200cfundacionfamiliasceacordoba).<\/p>\n<p data-prosemirror-content-type=\"node\" data-prosemirror-node-name=\"paragraph\" data-prosemirror-node-block=\"true\">La propuesta se lleva adelante junto a la Fundaci\u00f3n Familias CEA C\u00f3rdoba y forma parte de un conjunto de acciones inclusivas y accesibles que impulsa la Municipalidad de C\u00f3rdoba.<\/p>\n<p data-prosemirror-content-type=\"node\" data-prosemirror-node-name=\"paragraph\" data-prosemirror-node-block=\"true\">Las funciones, que se desarrollar\u00e1n durante todo el a\u00f1o, permiten que ni\u00f1as, ni\u00f1os y j\u00f3venes con TEA disfruten de una salida cultural integral, que tambi\u00e9n promueve habilidades sociales como compartir en grupo o comprar alimentos en el bar del cine.<\/p>\n<p data-prosemirror-content-type=\"node\" data-prosemirror-node-name=\"paragraph\" data-prosemirror-node-block=\"true\"><strong data-prosemirror-content-type=\"mark\" data-prosemirror-mark-name=\"strong\">Sobre Cine Distendido<\/strong><\/p>\n<p data-prosemirror-content-type=\"node\" data-prosemirror-node-name=\"paragraph\" data-prosemirror-node-block=\"true\">El ciclo se desarrolla desde el 2022 como parte de una pol\u00edtica cultural inclusiva que fomenta la sensibilizaci\u00f3n de la comunidad, y el acompa\u00f1amiento de personas con discapacidad y sus familias.<\/p>\n<p data-prosemirror-content-type=\"node\" data-prosemirror-node-name=\"paragraph\" data-prosemirror-node-block=\"true\">Contempla una proyecci\u00f3n sutilmente modificada para personas con dificultades sensoriales, espectro autista, trastornos de aprendizaje y otras necesidades especiales en la comunicaci\u00f3n, pensada de manera de hacer posible el disfrute del cine. En este sentido, se busca crear las condiciones adecuadas y una atm\u00f3sfera de apoyo para incluir a aquellas familias que lo necesitan.<\/p>\n<p data-prosemirror-content-type=\"node\" data-prosemirror-node-name=\"paragraph\" data-prosemirror-node-block=\"true\">La adaptaci\u00f3n se implementa, principalmente, suavizando las luces y el sonido. Se mantiene encendida la luz de sala durante toda la funci\u00f3n; se establece un \u00e1rea de descanso; y se promueve una atm\u00f3sfera tolerante en la sala en cuanto a sonidos o movimientos. Se evitan estrobosc\u00f3picas, flashes y estridencias, gritos y sonidos fuertes y\/o agudos.<\/p>\n","protected":false},"excerpt":{"rendered":"<p>Este s\u00e1bado a las 11:00 en el Cineclub Municipal se dar\u00e1 inicio al ciclo 2025 de Cine Distendido con una comedia polic\u00edaca animada, con entrada gratuita. El Cineclub Municipal comienza la edici\u00f3n 2025 de Cine Distendido. Ser\u00e1 el pr\u00f3ximo s\u00e1bado 26 de abril a las 11:00. En esta oportunidad se proyectar\u00e1 \u201cLos Tipos Malos\u201d, una [&hellip;]<\/p>\n","protected":false},"author":1,"featured_media":165127,"comment_status":"closed","ping_status":"closed","sticky":false,"template":"","format":"standard","meta":[],"categories":[44],"tags":[],"_links":{"self":[{"href":"http:\/\/cordobadirecto.com\/index.php\/wp-json\/wp\/v2\/posts\/165126"}],"collection":[{"href":"http:\/\/cordobadirecto.com\/index.php\/wp-json\/wp\/v2\/posts"}],"about":[{"href":"http:\/\/cordobadirecto.com\/index.php\/wp-json\/wp\/v2\/types\/post"}],"author":[{"embeddable":true,"href":"http:\/\/cordobadirecto.com\/index.php\/wp-json\/wp\/v2\/users\/1"}],"replies":[{"embeddable":true,"href":"http:\/\/cordobadirecto.com\/index.php\/wp-json\/wp\/v2\/comments?post=165126"}],"version-history":[{"count":0,"href":"http:\/\/cordobadirecto.com\/index.php\/wp-json\/wp\/v2\/posts\/165126\/revisions"}],"wp:featuredmedia":[{"embeddable":true,"href":"http:\/\/cordobadirecto.com\/index.php\/wp-json\/wp\/v2\/media\/165127"}],"wp:attachment":[{"href":"http:\/\/cordobadirecto.com\/index.php\/wp-json\/wp\/v2\/media?parent=165126"}],"wp:term":[{"taxonomy":"category","embeddable":true,"href":"http:\/\/cordobadirecto.com\/index.php\/wp-json\/wp\/v2\/categories?post=165126"},{"taxonomy":"post_tag","embeddable":true,"href":"http:\/\/cordobadirecto.com\/index.php\/wp-json\/wp\/v2\/tags?post=165126"}],"curies":[{"name":"wp","href":"https:\/\/api.w.org\/{rel}","templated":true}]}}