{"id":165128,"date":"2025-04-25T13:15:34","date_gmt":"2025-04-25T13:15:34","guid":{"rendered":"https:\/\/puntoapunto.com.ar\/?p=372415"},"modified":"2025-04-25T13:15:34","modified_gmt":"2025-04-25T13:15:34","slug":"causa-marquez-y-asociados-ya-hay-1-400-denuncias-nuevas-a-traves-del-formulario-online","status":"publish","type":"post","link":"http:\/\/cordobadirecto.com\/index.php\/2025\/04\/25\/causa-marquez-y-asociados-ya-hay-1-400-denuncias-nuevas-a-traves-del-formulario-online\/","title":{"rendered":"Causa M\u00e1rquez y Asociados: ya hay 1.400 denuncias nuevas a trav\u00e9s del formulario online"},"content":{"rendered":"<p>&nbsp;<!-- \u00a1O bien no hay banners, estan desactivados o no estan programados para esta ubicaci\u00f3n! -->\n<\/p>\n<p>&nbsp;\n<\/p>\n<p>Por Redacci\u00f3n Perfil. El fiscal de Delitos Complejos, <strong>Enrique Gavier<\/strong>, confirm\u00f3 que ya hay&nbsp;<strong>\u00abalrededor de 1.400 denuncias nuevas\u00bb recibidas mediante el formulario online&nbsp;<\/strong>adem\u00e1s de las originarias en el marco de la investigaci\u00f3n de la causa&nbsp;<strong>M\u00e1rquez y Asociados<\/strong>.\n<\/p>\n<p>Causa M\u00e1rquez y Asociados. <strong>\u00abEs una causa cuya magnitud nos ha desbordado y hemos tenido que echar mano a este mecanismo porque se colapsaron r\u00e1pidamente todas las bocas de recepci\u00f3n de denuncias de la Fiscal\u00eda y unidades judiciales\u00bb<\/strong>, explic\u00f3 el funcionario judicial.\n<\/p>\n<p>\u00abVa a exigir naturalmente que se refuerce la dotaci\u00f3n para poder atender este c\u00famulo\u00bb, agreg\u00f3 en declaraciones a&nbsp;<em>SRT Media<\/em>.<!-- \u00a1O bien no hay banners, estan desactivados o no estan programados para esta ubicaci\u00f3n! -->\n<\/p>\n<p><strong>\u00abEstamos hablando de un n\u00famero de 30 mil contrataciones que habr\u00eda realizado la empresa. En t\u00e9rmino de la propia empresa s\u00f3lo habr\u00edan cumplido en alrededor de 2.500 casos\u00bb<\/strong>, precis\u00f3 Gavier.<\/p>\n<p><strong>Inhibici\u00f3n general<\/strong>. Adem\u00e1s se\u00f1al\u00f3 que \u00abse han secuestrado diversos bienes muebles registrables en poder de las personas imputadas y de sus allegados\u00bb.\n<\/p>\n<p>\u00abSon autom\u00f3viles de alta gama. Tambi\u00e9n se ha dispuesto una medida de no innovar sobre distintos bienes particulares de las personas jur\u00eddicas y f\u00edsicas relacionadas a los imputados. Y se ha ordenado la inhibici\u00f3n general para disponer de bienes de los acusados y sus familiares por el momento\u00bb, detall\u00f3.\n<\/p>\n<p><strong>Imputados<\/strong>. En el marco de la investigaci\u00f3n fueron detenidos los<a href=\"https:\/\/www.perfil.com\/noticias\/cordoba\/marquez-y-asociados-allanamientos-en-oficinas-y-domicilios-de-los-duenos-en-cordoba.phtml\" target=\"_blank\" rel=\"noopener\">&nbsp;<strong>cuatro hermanos M\u00e1rquez&nbsp;<\/strong>y<strong>&nbsp;el contador de la constructora<\/strong><\/a>, imputados por supuesta&nbsp;<strong>asociaci\u00f3n il\u00edcita y estafas reiteradas.<\/strong>\n<\/p>\n<p>Los acusados fueron identificados como&nbsp;<strong>Mat\u00edas M\u00e1rquez<\/strong>, gerente general de la compa\u00f1\u00eda,&nbsp;<strong>Lucas M\u00e1rquez<\/strong>, gerente comercial, los directores&nbsp;<strong>Pablo&nbsp;<\/strong>y&nbsp;<strong>Ariel M\u00e1rquez,&nbsp;<\/strong>y el contador&nbsp;<strong>Ramiro<\/strong>&nbsp;<strong>Nieva<\/strong>.\n<\/p>\n<p><strong>Formulario online para denuncias.<\/strong> El&nbsp;<a href=\"https:\/\/denunciasmpf.mpfcordoba.gob.ar\/PublicPages\/PortalDenuncias\" target=\"_blank\" rel=\"noopener\">Ministerio P\u00fablico Fiscal (MPF)<\/a>&nbsp;de C\u00f3rdoba&nbsp;<strong>habilit\u00f3&nbsp;<a href=\"https:\/\/www.perfil.com\/noticias\/cordoba\/caso-marquez-y-asociados-el-ministerio-publico-fiscal-habilito-un-boton-online-exclusivo-para-canalizar-denuncias.phtml\" target=\"_blank\" rel=\"noopener\">un bot\u00f3n<\/a>&nbsp;<\/strong>en su sitio web para formular<strong>&nbsp;denuncias contra M\u00e1rquez y Asociados<\/strong>.\n<picture><source srcset=\"https:\/\/fotos.perfil.com\/\/2025\/04\/16\/440\/0\/marquez-y-asociados-boton-mpf-2005346.jpeg?webp\" media=\"(max-width: 440px)\"><source srcset=\"https:\/\/fotos.perfil.com\/\/2025\/04\/16\/712\/0\/marquez-y-asociados-boton-mpf-2005346.jpeg?webp\" media=\"(max-width: 1019px)\"><img decoding=\"async\" src=\"http:\/\/cordobadirecto.com\/wp-content\/uploads\/2025\/04\/causa-marquez-y-asociados-ya-hay-1-400-denuncias-nuevas-a-traves-del-formulario-online.jpg\" alt=\"M\u00e1rquez y Asociados - Bot\u00f3n MPF\" loading=\"lazy\"><\/picture><\/p>\n<p>Los denunciantes pueden cargar sus datos y responder una serie de preguntas: c\u00f3mo conocieron la empresa, qui\u00e9n fue el vendedor o contacto, qu\u00e9 condiciones pactaron para la entrega de la vivienda, cu\u00e1nto dinero entregaron, si ya iniciaron acciones legales, entre otras.\n<\/p>\n<p>Por \u00faltimo el sistema solicita que se mande&nbsp;<strong>toda la documentaci\u00f3n respaldatoria al correo de la fiscal\u00eda<\/strong>&nbsp;(<a href=\"https:\/\/puntoapunto.com.ar\/cdn-cgi\/l\/email-protection\" class=\"__cf_email__\" data-cfemail=\"adcec2c0ddc1c8c7c2de9c9cedc7d8ded9c4cec4cccec2dfc9c2cfcc83cac2cf83ccdf\">[email&nbsp;protected]<\/a>) y que se indique en el asunto el n\u00famero de contrato y el nombre del denunciante.\n<\/p>\n<div class=\"g g-38\">\n<div class=\"g-dyn a-12 c-1\"><a class=\"gofollow\" data-track=\"MTIsMzgsMSw2MA==\" href=\"https:\/\/www.farmaciashpfarma.com.ar\/blog\/institucional\/beneficios-corporativos-en-campana-antigripal.html\" target=\"_blank\" rel=\"noopener\"><img src=\"http:\/\/cordobadirecto.com\/wp-content\/uploads\/2025\/04\/causa-marquez-y-asociados-ya-hay-1-400-denuncias-nuevas-a-traves-del-formulario-online-1.jpg\" loading=\"lazy\"><\/a><\/div>\n<\/div>\n","protected":false},"excerpt":{"rendered":"<p>&nbsp; &nbsp; Por Redacci\u00f3n Perfil. El fiscal de Delitos Complejos, Enrique Gavier, confirm\u00f3 que ya hay&nbsp;\u00abalrededor de 1.400 denuncias nuevas\u00bb recibidas mediante el formulario online&nbsp;adem\u00e1s de las originarias en el marco de la investigaci\u00f3n de la causa&nbsp;M\u00e1rquez y Asociados. Causa M\u00e1rquez y Asociados. \u00abEs una causa cuya magnitud nos ha desbordado y hemos tenido que [&hellip;]<\/p>\n","protected":false},"author":1,"featured_media":165129,"comment_status":"closed","ping_status":"closed","sticky":false,"template":"","format":"standard","meta":[],"categories":[25],"tags":[],"_links":{"self":[{"href":"http:\/\/cordobadirecto.com\/index.php\/wp-json\/wp\/v2\/posts\/165128"}],"collection":[{"href":"http:\/\/cordobadirecto.com\/index.php\/wp-json\/wp\/v2\/posts"}],"about":[{"href":"http:\/\/cordobadirecto.com\/index.php\/wp-json\/wp\/v2\/types\/post"}],"author":[{"embeddable":true,"href":"http:\/\/cordobadirecto.com\/index.php\/wp-json\/wp\/v2\/users\/1"}],"replies":[{"embeddable":true,"href":"http:\/\/cordobadirecto.com\/index.php\/wp-json\/wp\/v2\/comments?post=165128"}],"version-history":[{"count":0,"href":"http:\/\/cordobadirecto.com\/index.php\/wp-json\/wp\/v2\/posts\/165128\/revisions"}],"wp:featuredmedia":[{"embeddable":true,"href":"http:\/\/cordobadirecto.com\/index.php\/wp-json\/wp\/v2\/media\/165129"}],"wp:attachment":[{"href":"http:\/\/cordobadirecto.com\/index.php\/wp-json\/wp\/v2\/media?parent=165128"}],"wp:term":[{"taxonomy":"category","embeddable":true,"href":"http:\/\/cordobadirecto.com\/index.php\/wp-json\/wp\/v2\/categories?post=165128"},{"taxonomy":"post_tag","embeddable":true,"href":"http:\/\/cordobadirecto.com\/index.php\/wp-json\/wp\/v2\/tags?post=165128"}],"curies":[{"name":"wp","href":"https:\/\/api.w.org\/{rel}","templated":true}]}}