{"id":165148,"date":"2025-04-24T16:40:02","date_gmt":"2025-04-24T16:40:02","guid":{"rendered":"https:\/\/www.ole.com.ar\/autos\/durisima-sancion-leonel-pernia-suspendido-anos-debera-pagar-millonaria-multa-actc_0_0O2jBmJN3M.html"},"modified":"2025-04-24T16:40:02","modified_gmt":"2025-04-24T16:40:02","slug":"durisima-sancion-a-leonel-pernia-fue-suspendido-por-dos-anos-y-debera-pagar-una-millonaria-multa","status":"publish","type":"post","link":"http:\/\/cordobadirecto.com\/index.php\/2025\/04\/24\/durisima-sancion-a-leonel-pernia-fue-suspendido-por-dos-anos-y-debera-pagar-una-millonaria-multa\/","title":{"rendered":"Dur\u00edsima sanci\u00f3n a Leonel Pern\u00eda: fue suspendido por dos a\u00f1os y deber\u00e1 pagar una millonaria multa"},"content":{"rendered":"<p><time class=\"createDate\" datetime=\"2025-04-24T13:40:02-03:00\">24\/04\/2025 13:40hs.<\/time><\/p>\n<div id=\"storyBody\">\n<div class=\"custom-text \" readability=\"30.4\">\n<p>Bomba en el automovilismo argentino: la <strong><a href=\"https:\/\/www.ole.com.ar\/tema\/actc.html\" title=\"ACTC\" alt=\"ACTC\" class=\"slug\">Asociaci\u00f3n Corredores Turismo Carretera<\/a><\/strong> (ACTC) anunci\u00f3 este mi\u00e9rcoles <strong>la dur\u00edsima sanci\u00f3n definitiva contra <a href=\"https:\/\/www.ole.com.ar\/tema\/leonel-pernia.html\" title=\"Leonel Pern\u00eda\" alt=\"Leonel Pern\u00eda\" class=\"slug\">Leonel Pern\u00eda<\/a><\/strong>: el Tanito<strong> recibi\u00f3 dos a\u00f1os de suspensi\u00f3n y una multa de 30 millones de pesos<\/strong> por el conflicto que protagoniz\u00f3 en la definici\u00f3n del campeonato de la Clase 3 del <strong><a href=\"https:\/\/www.ole.com.ar\/tema\/turismo-nacional.html\" title=\"Turismo Nacional\" alt=\"Turismo Nacional\" class=\"slug\">Turismo Nacional<\/a><\/strong> en 2024, y las fuertes declaraciones posteriores contra la Comisi\u00f3n Asesora y Fiscalizadora (CAF).<\/p>\n<\/div>\n<div class=\"sc-e7b891c4-0 ifHnQL image-embed\"><img alt=\"Leonel Pern\u00eda se le fue al humo a Andy Jakos. (Carburando)\" loading=\"lazy\" width=\"720\" height=\"100\" decoding=\"async\" data-nimg=\"1\" src=\"http:\/\/cordobadirecto.com\/wp-content\/uploads\/2025\/04\/durisima-sancion-a-leonel-pernia-fue-suspendido-por-dos-anos-y-debera-pagar-una-millonaria-multa.jpg\"><span class=\"epigraphe\">Leonel Pern\u00eda se le fue al humo a Andy Jakos. (Carburando)<\/span><\/div>\n<div class=\"custom-text \" readability=\"39\">\n<p>&#8220;<strong>Aplicar al Piloto Leonel Pern\u00eda, la Sanci\u00f3n de 2 A\u00f1os de Suspensi\u00f3n a <\/strong>partir del d\u00eda de la Fecha 23 de Abril de 2025, <strong>siendo su cumplimiento el 26 de Abril de 2027, con la Prohibici\u00f3n de Competir en cualquiera de las Categor\u00edas Fiscalizadas por la ACTC&#8221;<\/strong>, detall\u00f3 la CAF en la resoluci\u00f3n publicada. <\/p>\n<\/div>\n<div class=\"custom-text \" readability=\"35\">\n<p>De esta manera, hace efectiva y <strong>endurece la suspensi\u00f3n provisoria que hab\u00eda recibido inicialmente el Tanito &#8220;por comportamiento indebido&#8221; y &#8220;por usar t\u00e9rminos inapropiados y ofensivos hacia los integrantes&#8221;<\/strong> de la CAF. <\/p>\n<\/div>\n<div class=\"custom-text \" readability=\"39\">\n<p>Adem\u00e1s, en la comunicaci\u00f3n, la CAF tambi\u00e9n establece:<strong> &#8220;La Multa de Pesos 30.000.000 (Treinta Millones), que deber\u00e1 depositar por Cuenta y Orden de la ACTC dentro de los 30 d\u00edas de Notificado, a la Fundaci\u00f3n Favaloro, <\/strong>Comunicando el Cumplimiento de la misma al Dpto. Deportivo ACTC&#8221;. <\/p>\n<\/div>\n<p><h2><strong>Los hechos que motivaron la suspensi\u00f3n por dos a\u00f1os a Pern\u00eda<\/strong><\/h2>\n<\/p>\n<div class=\"custom-text \" readability=\"39\">\n<p>Nadie estaba preparado para el desenlace del campeonato 2024 del Turismo Nacional en Trelew, y poco tuvo que ver con Alfonso Domenech, quien finalmente se consagr\u00f3 campe\u00f3n de la Clase 3. Lo que dej\u00f3 sin palabras a m\u00e1s de un televidente fue la furia que se vivi\u00f3 luego de una de las series, con Leonel Pern\u00eda a punto de irse a las pi\u00f1as y con un fuerte exabrupto:<strong> &#8220;Este dej\u00f3 de ser un deporte de hombres, pas\u00f3 a ser de maricones&#8221;.<\/strong><\/p>\n<\/div>\n<div class=\"sc-734b4696-1 kFfZtB\">\n<div class=\"sc-d00d9e74-0 hnHYbk\" type=\"embed\">\n<div class=\"sc-d00d9e74-1 iKVbz videoText\" id=\"contentTitleembedH3hu82un\" type=\"embed\"><svg fill=\"#ffffff\"><symbol id=\"play\" viewBox=\"0 0 512 512\"><path d=\"M512 256C512 397.4 397.4 512 256 512C114.6 512 0 397.4 0 256C0 114.6 114.6 0 256 0C397.4 0 512 114.6 512 256zM176 168V344C176 352.7 180.7 360.7 188.3 364.9C195.8 369.2 205.1 369 212.5 364.5L356.5 276.5C363.6 272.1 368 264.4 368 256C368 247.6 363.6 239.9 356.5 235.5L212.5 147.5C205.1 142.1 195.8 142.8 188.3 147.1C180.7 151.3 176 159.3 176 168V168z\" \/><\/symbol><use xlink:href=\"#play\" \/><\/svg><\/p>\n<div class=\"right\">\n<p>Leonel Pern\u00eda<!-- --> &#8211; <span>&nbsp;<\/span><\/p>\n<h2 class=\"title-vid\">Pern\u00eda, cerca de irse a las manos con Jakos<\/h2>\n<\/div>\n<\/div>\n<p><span class=\"back\" id=\"spanBackembedH3hu82un\"><\/span><\/div>\n<div class=\"JWvideoNota_title\">\n<p>Cr\u00e9dito: TV P\u00fablica<\/p>\n<\/div>\n<\/div>\n<div class=\"custom-text \" readability=\"42\">\n<p>Los problemas comenzaron en la pista, cuando un Pern\u00eda que estaba peleando el campeonato<strong>, trat\u00f3 de ganar una posici\u00f3n por afuera y recibi\u00f3 un topetazo fort\u00edsimo de Andy Jakos que le hizo perder mucho terreno. <\/strong>Caliente por la maniobra, el campe\u00f3n del TC2000<strong> fue a buscar a su rival, lo agarr\u00f3 del cuello del buzo antiflama y dispar\u00f3: &#8220;As\u00ed no se corre, pendejo. As\u00ed no se corre, \u00bfme escuchaste?<\/strong> Porque as\u00ed me arruin\u00e1s el campeonato. Todo lo que pele\u00e9 en el a\u00f1o me lo arruin\u00e1s con una maniobra de mala leche, porque sos un mala leche&#8221;.<\/p>\n<\/div>\n<div class=\"custom-text \" readability=\"35\">\n<p>Quiz\u00e1s habr\u00eda quedado ah\u00ed, pero entonces los comisarios deportivos <strong>decidieron excluir de la serie al Tano por conducta antideportiva &#8211;<\/strong>su rival fue penalizado por la maniobra de la pol\u00e9mica- y volvi\u00f3 a estallar.<\/p>\n<\/div>\n<div class=\"sc-734b4696-1 kFfZtB\">\n<div class=\"sc-d00d9e74-0 hnHYbk\" type=\"embed\">\n<div class=\"sc-d00d9e74-1 iKVbz videoText\" id=\"contentTitleembedwPTHsPZU\" type=\"embed\"><svg fill=\"#ffffff\"><symbol id=\"play\" viewBox=\"0 0 512 512\"><path d=\"M512 256C512 397.4 397.4 512 256 512C114.6 512 0 397.4 0 256C0 114.6 114.6 0 256 0C397.4 0 512 114.6 512 256zM176 168V344C176 352.7 180.7 360.7 188.3 364.9C195.8 369.2 205.1 369 212.5 364.5L356.5 276.5C363.6 272.1 368 264.4 368 256C368 247.6 363.6 239.9 356.5 235.5L212.5 147.5C205.1 142.1 195.8 142.8 188.3 147.1C180.7 151.3 176 159.3 176 168V168z\" \/><\/symbol><use xlink:href=\"#play\" \/><\/svg><\/p>\n<div class=\"right\">\n<p>Leonel Pern\u00eda<!-- --> &#8211; <span>&nbsp;<\/span><\/p>\n<h2 class=\"title-vid\">Pern\u00eda, recontra caliente: &#8220;Pas\u00f3 a ser un deporte de maricones&#8221;<\/h2>\n<\/div>\n<\/div>\n<p><span class=\"back\" id=\"spanBackembedwPTHsPZU\"><\/span><\/div>\n<div class=\"JWvideoNota_title\">\n<p>Video: TV P\u00fablica<\/p>\n<\/div>\n<\/div>\n<div class=\"custom-text \" readability=\"39\">\n<p><strong>&#8220;Est\u00e1n todos los par\u00e1metros corridos. Esto dej\u00f3 de ser un deporte de hombres, empez\u00f3 a ser uno de maricones. <\/strong>Me sancionan por ir a decirle que es un mala leche&#8230; me confirman m\u00e1s de lo mismo, que todo el a\u00f1o me sacudieron con todo lo que ten\u00edan. No pasa nada, el de arriba ve todo y eso me da tranquilidad&#8221;, solt\u00f3 el piloto de 49 a\u00f1os al enterarse de la sanci\u00f3n. <\/p>\n<\/div>\n<p><h2><strong>El fuerte exabrupto contra la CAF<\/strong><\/h2>\n<\/p>\n<div class=\"custom-text \" readability=\"37\">\n<p>Luego de todo lo sucedido en Trelew, el conflicto sigui\u00f3 fuera de las pistas, m\u00e1s precisamente en el programa de streaming Carburando Radio. Consultado por la sanci\u00f3n que hab\u00eda recibido luego de los incidentes, dispar\u00f3: <strong>&#8220;La CAF me chupa bien la verga&#8221;.<\/strong><\/p>\n<\/div>\n<div class=\"custom-text \" readability=\"38\">\n<p>Para colmo, cuando los periodistas le recordaron que estaba al aire, el corredor redobl\u00f3 la apuesta y repiti\u00f3 la groser\u00eda, <strong>sumando un &#8220;otro puto&#8221; dirigido hacia Rub\u00e9n Salerno, miembro de la comisi\u00f3n.<\/strong><\/p>\n<\/div>\n<div class=\"sc-734b4696-1 kFfZtB\">\n<div class=\"sc-d00d9e74-0 hnHYbk\" type=\"embed\">\n<div class=\"sc-d00d9e74-1 iKVbz videoText\" id=\"contentTitleembedkwPCVWGr\" type=\"embed\"><svg fill=\"#ffffff\"><symbol id=\"play\" viewBox=\"0 0 512 512\"><path d=\"M512 256C512 397.4 397.4 512 256 512C114.6 512 0 397.4 0 256C0 114.6 114.6 0 256 0C397.4 0 512 114.6 512 256zM176 168V344C176 352.7 180.7 360.7 188.3 364.9C195.8 369.2 205.1 369 212.5 364.5L356.5 276.5C363.6 272.1 368 264.4 368 256C368 247.6 363.6 239.9 356.5 235.5L212.5 147.5C205.1 142.1 195.8 142.8 188.3 147.1C180.7 151.3 176 159.3 176 168V168z\" \/><\/symbol><use xlink:href=\"#play\" \/><\/svg><\/p>\n<div class=\"right\">\n<p>Leonel Pern\u00eda<!-- --> &#8211; <span>&nbsp;<\/span><\/p>\n<h2 class=\"title-vid\">El exabrupto de Leonel Pern\u00eda contra la CAF: &#8220;Me chupa bien la&#8230;&#8221;<\/h2>\n<\/div>\n<\/div>\n<p><span class=\"back\" id=\"spanBackembedkwPCVWGr\"><\/span><\/div>\n<div class=\"JWvideoNota_title\">\n<p>Cr\u00e9dito: Carburando<\/p>\n<\/div>\n<\/div>\n<div class=\"custom-text \" readability=\"39\">\n<p>Despu\u00e9s de que se viralizaran los insultos del \u00faltimo campe\u00f3n del TC2000, la ACTC lanz\u00f3 un comunicado: &#8220;Habiendo tomado conocimiento de la declaraci\u00f3n efectuada por un piloto en un medio period\u00edstico, y conforme al material que se nos aport\u00f3, esta CAF resuelve aplicar al piloto Leonel Pern\u00eda<strong> la sanci\u00f3n de SUSPENSI\u00d3N PROVISORIA por usar t\u00e9rminos inapropiados y ofensivos hacia los Integrantes de la CAF, m\u00e1s la prohibici\u00f3n de ingresar por tiempo indeterminado a cualquier evento fiscalizado por la ACTC&#8221;.<\/strong><\/p>\n<\/div>\n<div class=\"sc-a7166897-0 eoLsBE\" readability=\"6.5\">\n<section readability=\"3\"><picture><img alt=\"Se pele\u00f3 con la ACTC y su futuro es una inc\u00f3gnita: &quot;No s\u00e9 d\u00f3nde voy a correr el a\u00f1o que viene&quot;\" loading=\"lazy\" width=\"290\" height=\"290\" decoding=\"async\" data-nimg=\"1\" src=\"http:\/\/cordobadirecto.com\/wp-content\/uploads\/2025\/04\/durisima-sancion-a-leonel-pernia-fue-suspendido-por-dos-anos-y-debera-pagar-una-millonaria-multa-1.jpg\"><\/picture>\n<p><span>Mir\u00e1 tambi\u00e9n<\/span><\/p>\n<hr>\n<h3>Se pele\u00f3 con la ACTC y su futuro es una inc\u00f3gnita: &#8220;No s\u00e9 d\u00f3nde voy a correr el a\u00f1o que viene&#8221;<\/h3>\n<\/p>\n<\/section>\n<\/div>\n<div class=\"sc-a7166897-0 eoLsBE\" readability=\"6\">\n<section readability=\"2\"><picture><img alt=\"Furia en el TN: al borde de las pi\u00f1as y &quot;pas\u00f3 a ser un deporte de maricones&quot;\" loading=\"lazy\" width=\"290\" height=\"290\" decoding=\"async\" data-nimg=\"1\" src=\"http:\/\/cordobadirecto.com\/wp-content\/uploads\/2025\/04\/durisima-sancion-a-leonel-pernia-fue-suspendido-por-dos-anos-y-debera-pagar-una-millonaria-multa-2.jpg\"><\/picture>\n<p><span>Mir\u00e1 tambi\u00e9n<\/span><\/p>\n<hr>\n<h3>Furia en el TN: al borde de las pi\u00f1as y &#8220;pas\u00f3 a ser un deporte de maricones&#8221;<\/h3>\n<\/p>\n<\/section>\n<\/div>\n<div class=\"sc-a7166897-0 eoLsBE\" readability=\"6\">\n<section readability=\"2\"><picture><img alt=\"&quot;La CAF me chupa bien la...&quot;: el exabrupto por el que Pern\u00eda fue suspendido\" loading=\"lazy\" width=\"290\" height=\"290\" decoding=\"async\" data-nimg=\"1\" src=\"http:\/\/cordobadirecto.com\/wp-content\/uploads\/2025\/04\/durisima-sancion-a-leonel-pernia-fue-suspendido-por-dos-anos-y-debera-pagar-una-millonaria-multa-3.jpg\"><\/picture>\n<p><span>Mir\u00e1 tambi\u00e9n<\/span><\/p>\n<hr>\n<h3>&#8220;La CAF me chupa bien la&#8230;&#8221;: el exabrupto por el que Pern\u00eda fue suspendido<\/h3>\n<\/p>\n<\/section>\n<\/div>\n<\/div>\n","protected":false},"excerpt":{"rendered":"<p>24\/04\/2025 13:40hs. Bomba en el automovilismo argentino: la Asociaci\u00f3n Corredores Turismo Carretera (ACTC) anunci\u00f3 este mi\u00e9rcoles la dur\u00edsima sanci\u00f3n definitiva contra Leonel Pern\u00eda: el Tanito recibi\u00f3 dos a\u00f1os de suspensi\u00f3n y una multa de 30 millones de pesos por el conflicto que protagoniz\u00f3 en la definici\u00f3n del campeonato de la Clase 3 del Turismo Nacional [&hellip;]<\/p>\n","protected":false},"author":1,"featured_media":165149,"comment_status":"closed","ping_status":"closed","sticky":false,"template":"","format":"standard","meta":[],"categories":[21],"tags":[],"_links":{"self":[{"href":"http:\/\/cordobadirecto.com\/index.php\/wp-json\/wp\/v2\/posts\/165148"}],"collection":[{"href":"http:\/\/cordobadirecto.com\/index.php\/wp-json\/wp\/v2\/posts"}],"about":[{"href":"http:\/\/cordobadirecto.com\/index.php\/wp-json\/wp\/v2\/types\/post"}],"author":[{"embeddable":true,"href":"http:\/\/cordobadirecto.com\/index.php\/wp-json\/wp\/v2\/users\/1"}],"replies":[{"embeddable":true,"href":"http:\/\/cordobadirecto.com\/index.php\/wp-json\/wp\/v2\/comments?post=165148"}],"version-history":[{"count":0,"href":"http:\/\/cordobadirecto.com\/index.php\/wp-json\/wp\/v2\/posts\/165148\/revisions"}],"wp:featuredmedia":[{"embeddable":true,"href":"http:\/\/cordobadirecto.com\/index.php\/wp-json\/wp\/v2\/media\/165149"}],"wp:attachment":[{"href":"http:\/\/cordobadirecto.com\/index.php\/wp-json\/wp\/v2\/media?parent=165148"}],"wp:term":[{"taxonomy":"category","embeddable":true,"href":"http:\/\/cordobadirecto.com\/index.php\/wp-json\/wp\/v2\/categories?post=165148"},{"taxonomy":"post_tag","embeddable":true,"href":"http:\/\/cordobadirecto.com\/index.php\/wp-json\/wp\/v2\/tags?post=165148"}],"curies":[{"name":"wp","href":"https:\/\/api.w.org\/{rel}","templated":true}]}}